{"id":4512,"date":"2010-04-07T00:00:00","date_gmt":"2010-04-06T22:00:00","guid":{"rendered":"https:\/\/wp.muchomaas.com\/separations-de-corps-et-divorces4512\/"},"modified":"2010-04-07T00:00:00","modified_gmt":"2010-04-06T22:00:00","slug":"separations-de-corps-et-divorces4512","status":"publish","type":"post","link":"https:\/\/archives.regards.fr\/?p=4512","title":{"rendered":"S\u00e9parations de corps et divorces"},"content":{"rendered":"<p class=\"post_excerpt\"> Plusieurs d\u00e9parts annonc\u00e9s marquent l&#8217;actualit\u00e9 du PCF. Simple d\u00e9mission ? La plupart veulent continuer l&#8217;engagement communiste quand le PCF se cantonne \u00e0 la seule pr\u00e9servation de l&#8217;appareil. <\/p>\n<p>Cela fait bien longtemps que le PCF a perdu son unit\u00e9 interne qui fut sa force pass\u00e9e&#8230; et son tendon d&#8217;Achille. A coup d&#8217;exclusions d&#8217;abord, de mises \u00e0 l&#8217;\u00e9cart et d&#8217;h\u00e9morragie ensuite, le PCF avait su pendant des d\u00e9cennies pr\u00e9server une coh\u00e9rence interne quand bien m\u00eame la ligne pouvait fluctuer. Depuis les ann\u00e9es 1990, il n&#8217;en est plus ainsi. Robert Hue eut l&#8217;intuition d&#8217;admettre les temps nouveaux et de faire droit \u00e0 la diversit\u00e9 d&#8217;opinion au sein du parti. Une longue d\u00e9cennie de cohabitation plus ou moins sereine s&#8217;ouvrait. La crise de l&#8217;\u00e9lection pr\u00e9sidentielle de 2007 et surtout la pr\u00e9paration des r\u00e9gionales ont mis un terme \u00e0 ce moment. Une vague de \u00ab d\u00e9fiance \u00bb et de \u00ab d\u00e9part \u00bb du PCF se profile : elle prend des formes variables : d\u00e9mission des instances dirigeantes, d\u00e9part pur et simple, r\u00e9tention de cotisations, etc. Petite revue de d\u00e9tail. Il y eut d&#8217;abord les f\u00e9d\u00e9rations qui n&#8217;ont pas fait le choix du Front de gauche et ont choisi l&#8217;alliance avec le PS d\u00e8s le premier tour. Beaucoup d&#8217;entre elles sont de sensibilit\u00e9 \u00ab huiste \u00bb, quand bien m\u00eame le nom de Robert Hue n&#8217;est plus aussi unificateur. En guerre avec la direction nationale, plusieurs secr\u00e9taires f\u00e9d\u00e9raux et \u00e9lus r\u00e9gionaux ne cachent plus leur lassitude : des d\u00e9parts sur la pointe des pieds se confirment.<\/p>\n<p><strong> D\u00e9missions <\/strong><\/p>\n<p>Beaucoup moins confidentiel, cette fois, la d\u00e9mission du CN du patron, Robert Hue. Depuis l&#8217;\u00e9t\u00e9 2009, il multiplie les initiatives pour rassembler la gauche et le centre, si possible d\u00e8s le premier tour. Appel, pr\u00e9sence aux universit\u00e9s d&#8217;\u00e9t\u00e9 de Vincent Peillon et cr\u00e9ation d&#8217;une formation politique (le MUP, mouvement unitaire progressiste) : le mouvement \u00e9tait in\u00e9luctable. Robert Hue et quelques amis et \u00e9lus : dont le s\u00e9nateur du Nord Yvan Renar : vivent leur vie ailleurs.<\/p>\n<p>Pour des raisons diff\u00e9rentes, des communistes ont rejoint Europe-Ecologie. Bien que sporadique, le mouvement ne manque pas de signification et parfois d&#8217;impact local tant il engage des \u00e9lus : Jacques Perreux, vice-pr\u00e9sident du CG 94 et \u00e9lu de Vitry ; St\u00e9phane Gatignon, maire de Sevran en Seine-Saint-Denis ; Christophe Cavard, conseiller g\u00e9n\u00e9ral du Gard. Ce sont, \u00e0 chaque fois, des militants plut\u00f4t jeunes et cr\u00e9atifs. La modernit\u00e9 politique d&#8217;Europe-Ecologie les attire.<\/p>\n<p>Il y a aussi les inclassables comme St\u00e9phane Coloneaux. Ancien porte-parole du parti, jeune homme m\u00e9tis de 35 ans, il part comme il a toujours \u00e9t\u00e9 : seul. Dans une lettre adress\u00e9e \u00e0 Marie-George Buffet pour d\u00e9missionner du Conseil national, il \u00e9crit :<em> \u00ab A ce jour, je suis convaincu qu&#8217;il n&#8217;existe pas d&#8217;organisation humaine qui ne finit pas par cloisonner et enfermer les individualit\u00e9s, donc \u00e0 emp\u00eacher toutes formes de m\u00e9tissages et par cons\u00e9quent de d\u00e9passements de soi&#8230; Je vous demande donc de prendre en consid\u00e9ration, \u00e0 dater de ce jour, du fait que j&#8217;entends ne plus ob\u00e9ir \u00e0 aucune sollicitation ou demande venant de l&#8217;appareil politique du PCF. \u00bb <\/em> Inclassable \u00e9galement, et tr\u00e8s respect\u00e9, Pierre Mansat, le maire-adjoint de Paris, membre du CN du parti, d\u00e9cide lui aussi de partir. Enfin, il y a le d\u00e9part organis\u00e9 de la mouvance des Communistes unitaires. Ce courant est l&#8217;h\u00e9ritier des refondateurs des ann\u00e9es 1990. Il s&#8217;est \u00e9largi au fil du temps et se caract\u00e9rise par son projet de cr\u00e9ation d&#8217;une nouvelle force politique \u00e0 la gauche du PS, rassemblant toutes les sensibilit\u00e9s alternatives, dont la sensibilit\u00e9 communiste \u00e0 laquelle ils se disent tr\u00e8s attach\u00e9s. Des figures embl\u00e9matiques prennent cette d\u00e9cision collective comme le philosophe Lucien S\u00e8ve, les d\u00e9put\u00e9s Fran\u00e7ois Asensi, Patrick Braouezec, Jacqueline Fraysse, l&#8217;historien Roger Martelli, l&#8217;ancien directeur de l<em> Humanit\u00e9 <\/em> Pierre Zarka, le membre de l&#8217;ex\u00e9cutif national Bernard Calabuig&#8230; Tous disent devoir partir pour continuer leur engagement communiste quand le PCF se cantonne \u00e0 la seule pr\u00e9servation de l&#8217;appareil.<\/p>\n<p><strong> \u00c9clatement du parti <\/strong><\/p>\n<p>Cette s\u00e9rie de d\u00e9parts signifiera-t-elle le retour \u00e0 l&#8217;efficacit\u00e9 d&#8217;antan ? Certains l&#8217;esp\u00e8rent. Herv\u00e9 Bramy, secr\u00e9taire d\u00e9partemental du PCF en Seine-Saint-Denis, se r\u00e9jouissait de cette perspective :<em> \u00ab Certains vont partir, tant mieux, au moins cela va clarifier \u00bb <\/em>, assurait-il dans une r\u00e9union des secr\u00e9taires de la r\u00e9gion parisienne. Cela fait longtemps que le communisme vit avec le r\u00eave que le parti se renforce en s&#8217;\u00e9purant&#8230; Pourtant, de nouveaux probl\u00e8mes pointent d\u00e9j\u00e0 \u00e0 l&#8217;horizon. Les communistes r\u00e9unis autour du site Communisme21 ne s&#8217;avouent pas vaincus et esp\u00e8rent bien avoir le d\u00e9bat sur le projet communiste qu&#8217;ils attendent, malgr\u00e9 \u00ab l&#8217;\u00e9clatement\u00a0du parti \u00bb que constate leur porte-parole Michel Maso. Marie-Pierre Vieu, la secr\u00e9taire d\u00e9partementale du PCF des Hautes-Pyr\u00e9n\u00e9es, quant \u00e0 elle, souligne la question nouvelle :<em> \u00ab Si les plus avanc\u00e9s dans la m\u00e9tamorphose du parti partent, le curseur risque d&#8217;\u00eatre de plus en plus conservateur. Est-ce que le PCF reste le PCF apr\u00e8s tous ces d\u00e9parts ? \u00bb <\/em> <\/p>\n<p><strong> C.T. <\/strong><\/p>\n","protected":false},"excerpt":{"rendered":"<p> Plusieurs d\u00e9parts annonc\u00e9s marquent l&#8217;actualit\u00e9 du PCF. Simple d\u00e9mission ? La plupart veulent continuer l&#8217;engagement communiste quand le PCF se cantonne \u00e0 la seule pr\u00e9servation de l&#8217;appareil. <\/p>\n","protected":false},"author":464,"featured_media":0,"comment_status":"open","ping_status":"open","sticky":false,"template":"","format":"standard","meta":{"_themeisle_gutenberg_block_has_review":false,"footnotes":""},"categories":[141],"tags":[295],"class_list":["post-4512","post","type-post","status-publish","format-standard","hentry","category-archives-web","tag-nupes"],"_links":{"self":[{"href":"https:\/\/archives.regards.fr\/index.php?rest_route=\/wp\/v2\/posts\/4512","targetHints":{"allow":["GET"]}}],"collection":[{"href":"https:\/\/archives.regards.fr\/index.php?rest_route=\/wp\/v2\/posts"}],"about":[{"href":"https:\/\/archives.regards.fr\/index.php?rest_route=\/wp\/v2\/types\/post"}],"author":[{"embeddable":true,"href":"https:\/\/archives.regards.fr\/index.php?rest_route=\/wp\/v2\/users\/464"}],"replies":[{"embeddable":true,"href":"https:\/\/archives.regards.fr\/index.php?rest_route=%2Fwp%2Fv2%2Fcomments&post=4512"}],"version-history":[{"count":0,"href":"https:\/\/archives.regards.fr\/index.php?rest_route=\/wp\/v2\/posts\/4512\/revisions"}],"wp:attachment":[{"href":"https:\/\/archives.regards.fr\/index.php?rest_route=%2Fwp%2Fv2%2Fmedia&parent=4512"}],"wp:term":[{"taxonomy":"category","embeddable":true,"href":"https:\/\/archives.regards.fr\/index.php?rest_route=%2Fwp%2Fv2%2Fcategories&post=4512"},{"taxonomy":"post_tag","embeddable":true,"href":"https:\/\/archives.regards.fr\/index.php?rest_route=%2Fwp%2Fv2%2Ftags&post=4512"}],"curies":[{"name":"wp","href":"https:\/\/api.w.org\/{rel}","templated":true}]}}