{"id":4507,"date":"2010-04-07T00:00:00","date_gmt":"2010-04-06T22:00:00","guid":{"rendered":"https:\/\/wp.muchomaas.com\/du-social-au-politique4507\/"},"modified":"2010-04-07T00:00:00","modified_gmt":"2010-04-06T22:00:00","slug":"du-social-au-politique4507","status":"publish","type":"post","link":"https:\/\/archives.regards.fr\/?p=4507","title":{"rendered":"Du social au politique"},"content":{"rendered":"<p>Curieuse p\u00e9riode. Nous sommes comme au milieu du gu\u00e9, dans une sorte d&#8217;entre-deux : les raisons de la col\u00e8re explosent mais la formulation d&#8217;une vision de l&#8217;alternative politique, largement partag\u00e9e et tangible, n&#8217;arrive pas \u00e0 amplifier le mouvement, lui permettre de gagner et lui donner de r\u00e9elles capacit\u00e9s \u00e0 transformer durablement le r\u00e9el.<\/p>\n<p>La \u00ab crise \u00bb du capitalisme, l&#8217;ind\u00e9cence des puissants, le mal-vivre des cat\u00e9gories populaires&#8230; Les bases sont l\u00e0, ou de la d\u00e9sesp\u00e9rance et de la combine individuelle, ou de la lutte collective. D&#8217;ores et d\u00e9j\u00e0, de la lutte, il y en a. Les journ\u00e9es d&#8217;action s&#8217;encha\u00eenent, dans tous les secteurs : publics et priv\u00e9s. Les salari\u00e9s de l&#8217;industrie en proie \u00e0 des \u00ab restructurations \u00bb, le monde de la sant\u00e9, les profs, les travailleurs sans-papiers, les magistrats, les mal-log\u00e9s, les personnels de cr\u00e8ches ou ceux d&#8217;Ikea&#8230; Chaque jour apporte son lot de r\u00e9voltes et de mobilisations. En France, quiconque est inscrit dans un r\u00e9seau social, un syndicat, un parti politique, une association engag\u00e9e peut constater sur son mail et dans sa bo\u00eete aux lettres l&#8217;appel permanent \u00e0 des rendez-vous militants. Et cette col\u00e8re n&#8217;a pas de fronti\u00e8re. En Gr\u00e8ce, les gr\u00e8ves et manifestations t\u00e9moignent du rejet profond d&#8217;un pouvoir politique qui veut faire payer la crise \u00e0 ceux qui la subissent. En Islande, le \u00ab non \u00bb au r\u00e9f\u00e9rendum pour rembourser les d\u00e9ficits du pays signifie le m\u00eame ras-le-bol : pourquoi le plus grand nombre devrait-il subir les cons\u00e9quences sociales de choix \u00e9conomiques et politiques qui profitent \u00e0 une minorit\u00e9 de privil\u00e9gi\u00e9s ?<\/p>\n<p>Les ingr\u00e9dients existent donc bien, pour du mouvement critique, et du puissant ! Et pourtant, quelque chose, dans l&#8217;espace politique, nous dit que le compte n&#8217;y est pas. Oh, bien s\u00fbr, les signaux ne manquent pas, parfois spectaculaires, comme ceux que les r\u00e9gionales ont envoy\u00e9s \u00e0 Nicolas Sarkozy. Mais ils sont loin d&#8217;\u00eatre univoques. La gauche va mieux que la droite, c&#8217;est s\u00fbr. Mais, dans la gauche, ce n&#8217;est pas la gauche radicale qui est \u00e0 la f\u00eate. Sans parler d&#8217;une abstention qui est bien, d&#8217;abord, l&#8217;expression du rejet de la droite au pouvoir. Elle traduit essentiellement le manque d&#8217;adh\u00e9sion, de confiance, \u00e0 l&#8217;\u00e9gard des institutions, comme si aucune force en comp\u00e9tition ne pouvait r\u00e9pondre au d\u00e9sir de voir \u00e9merger une autre fa\u00e7on de dire et de faire de la politique.<\/p>\n<p>N&#8217;en restons pas au signal \u00e9lectoral. De 1995 \u00e0 2006, nous avons v\u00e9cu une d\u00e9cennie de recherches t\u00e2tonnantes pour permettre une articulation de la conflictualit\u00e9 sociale et de la construction politique. Au plus haut de cette qu\u00eate, la formidable bataille pour le \u00ab non \u00bb au r\u00e9f\u00e9rendum constitutionnel europ\u00e9en, cette bataille o\u00f9 associatifs, syndicalistes et politiques ont conjugu\u00e9 leurs forces contre l&#8217;extraordinaire lib\u00e9ralisme du texte europ\u00e9en. Depuis la joie de 2005, on a l&#8217;impression que le mouvement inverse domine, que chacun se replie sur son pr\u00e9 carr\u00e9 et que les sensibilit\u00e9s, au lieu de converger, s&#8217;observent avec m\u00e9fiance. Au moment o\u00f9 tout va si mal pour les humbles, ce recul est une calamit\u00e9.<\/p>\n<p>Il faut retrouver le cercle vertueux d&#8217;une r\u00e9invention des rapports n\u00e9cessaires et complexes du social et du politique. Aujourd&#8217;hui, nous voyons bien que l&#8217;\u00e9clatement des luttes exige de nouvelles convergences et que le manque de perspective proprement politique est un grave handicap structurel. Il faut remettre l&#8217;ouvrage sur le m\u00e9tier. Tout ne se m\u00e9lange pas ; associations, syndicats et partis ont leur partition sp\u00e9cifique \u00e0 jouer. Mais tous peuvent, ensemble, penser projet, pistes d&#8217;alternative, tr\u00e8s concr\u00e8tes ou plus globales. Toutes et tous, nous avons besoin de redire, avec les mots et les signes d&#8217;aujourd&#8217;hui, ce que sont les rep\u00e8res partag\u00e9s possibles d&#8217;une vraie culture moderne de la transformation sociale. En France, en Gr\u00e8ce, en Islande et ailleurs, nous avons \u00e0 r\u00e9inventer. A r\u00e9apprendre, ensemble, \u00e0 conjuguer fid\u00e9lit\u00e9 et novation. <\/p>\n<p><strong> C.A. <\/strong><\/p>\n","protected":false},"excerpt":{"rendered":"<p>Curieuse p\u00e9riode. Nous sommes comme au milieu du gu\u00e9, dans une sorte d&#8217;entre-deux : les raisons de la col\u00e8re explosent mais la formulation d&#8217;une vision de l&#8217;alternative politique, largement partag\u00e9e et tangible, n&#8217;arrive pas \u00e0 amplifier le mouvement, lui permettre de gagner et lui donner de r\u00e9elles capacit\u00e9s \u00e0 transformer durablement le r\u00e9el. La \u00ab [&hellip;]<\/p>\n","protected":false},"author":570,"featured_media":0,"comment_status":"open","ping_status":"open","sticky":false,"template":"","format":"standard","meta":{"_themeisle_gutenberg_block_has_review":false,"footnotes":""},"categories":[141],"tags":[328],"class_list":["post-4507","post","type-post","status-publish","format-standard","hentry","category-archives-web","tag-editorial"],"_links":{"self":[{"href":"https:\/\/archives.regards.fr\/index.php?rest_route=\/wp\/v2\/posts\/4507","targetHints":{"allow":["GET"]}}],"collection":[{"href":"https:\/\/archives.regards.fr\/index.php?rest_route=\/wp\/v2\/posts"}],"about":[{"href":"https:\/\/archives.regards.fr\/index.php?rest_route=\/wp\/v2\/types\/post"}],"author":[{"embeddable":true,"href":"https:\/\/archives.regards.fr\/index.php?rest_route=\/wp\/v2\/users\/570"}],"replies":[{"embeddable":true,"href":"https:\/\/archives.regards.fr\/index.php?rest_route=%2Fwp%2Fv2%2Fcomments&post=4507"}],"version-history":[{"count":0,"href":"https:\/\/archives.regards.fr\/index.php?rest_route=\/wp\/v2\/posts\/4507\/revisions"}],"wp:attachment":[{"href":"https:\/\/archives.regards.fr\/index.php?rest_route=%2Fwp%2Fv2%2Fmedia&parent=4507"}],"wp:term":[{"taxonomy":"category","embeddable":true,"href":"https:\/\/archives.regards.fr\/index.php?rest_route=%2Fwp%2Fv2%2Fcategories&post=4507"},{"taxonomy":"post_tag","embeddable":true,"href":"https:\/\/archives.regards.fr\/index.php?rest_route=%2Fwp%2Fv2%2Ftags&post=4507"}],"curies":[{"name":"wp","href":"https:\/\/api.w.org\/{rel}","templated":true}]}}