{"id":4499,"date":"2010-02-26T00:00:00","date_gmt":"2010-02-25T23:00:00","guid":{"rendered":"https:\/\/wp.muchomaas.com\/pour-un-feminisme-social4499\/"},"modified":"2010-02-26T00:00:00","modified_gmt":"2010-02-25T23:00:00","slug":"pour-un-feminisme-social4499","status":"publish","type":"post","link":"https:\/\/archives.regards.fr\/?p=4499","title":{"rendered":"Pour un f\u00e9minisme social"},"content":{"rendered":"<p>A travers la pol\u00e9mique suscit\u00e9e par le livre d&#8217;Elisabeth Badinter, plusieurs conceptions f\u00e9ministes s&#8217;entrechoquent. La maternit\u00e9 n&#8217;est pas le th\u00e8me le plus simple \u00e0 traiter pour celles et ceux qui revendiquent l&#8217;\u00e9galit\u00e9 entre les sexes. Elle appara\u00eet comme un n\u0153ud, autour duquel se sont historiquement polaris\u00e9es deux grandes tendances. D&#8217;un c\u00f4t\u00e9, la maternit\u00e9 est per\u00e7ue comme un esclavage, une source d&#8217;ali\u00e9nation : c&#8217;est Nelly Roussel avec son appel \u00e0 la \u00ab\u00a0gr\u00e8ve des ventres\u00a0\u00bb en 1919 ou Simone de Beauvoir d\u00e9clarant, au vu des conditions de son temps, \u00ab\u00a0je conseillerais \u00e0 une femme de ne pas devenir m\u00e8re\u00a0\u00bb. De l&#8217;autre, la maternit\u00e9 est valoris\u00e9e comme un privil\u00e8ge, une jouissance : je pense au f\u00e9minisme des ann\u00e9es 1920 qui consid\u00e9rait, \u00e0 l&#8217;instar de C\u00e9cile Brunschvig, que le premier devoir d&#8217;une femme est d&#8217;avoir des enfants ou encore, de fa\u00e7on plus embl\u00e9matique, \u00e0 Annie Leclerc avec son best-seller<em> Parole de femme <\/em>, paru en 1974, dans lequel elle \u00e9voque toutes les \u00ab\u00a0f\u00eates de son sexe\u00a0\u00bb (sic) telles que les r\u00e8gles ou la grossesse. Ce qui a soud\u00e9 les f\u00e9ministes dans leur diversit\u00e9, c&#8217;est la revendication d&#8217;une maternit\u00e9 \u00ab\u00a0volontaire\u00a0\u00bb avec la lib\u00e9ralisation de la contraception et de l&#8217;avortement. <\/p>\n<p>Aujourd&#8217;hui, les g\u00e9n\u00e9rations de femmes qui grandissent avec la mixit\u00e9 \u00e0 l&#8217;\u00e9cole et la pilule, en se projetant dans le monde du travail, appellent \u00e0 reformuler les priorit\u00e9s et les d\u00e9fis. Bien s\u00fbr, la possibilit\u00e9 r\u00e9elle de ma\u00eetriser sa f\u00e9condit\u00e9 n&#8217;est pas gagn\u00e9e, ce qui implique par exemple d&#8217;\u00eatre vent debout contre la fermeture de centres IVG. Il faut aussi combattre le regard social stigmatisant et suspicieux vis-\u00e0-vis des femmes qui font le choix de ne pas avoir d&#8217;enfant et de celles qui ne peuvent pas en avoir. Mais parmi les difficult\u00e9s contemporaines rencontr\u00e9es par la majorit\u00e9 des femmes, il y a bien celle de l&#8217;articulation entre vie professionnelle et vie familiale. Elisabeth Badinter a raison de d\u00e9noncer la pression du discours dominant et les contraintes que repr\u00e9sente de nos jours encore la maternit\u00e9. Pour autant, la philosophe ne r\u00e9pond pas \u00e0 la question des conditions pour que maternit\u00e9 et parentalit\u00e9 se conjuguent demain avec \u00e9mancipation et \u00e9galit\u00e9. <\/p>\n<p>Les tenantes du courant essentialiste pr\u00e9tendent mieux r\u00e9pondre \u00e0 ce d\u00e9fi et accusent la philosophe de nier les donn\u00e9es naturelles. Or renvoyer les femmes \u00e0 un destin pr\u00e9tendu biologique conforte les positions r\u00e9trogrades, surtout dans un contexte de crise \u00e9conomique o\u00f9 la tentation est forte de l\u00e9gitimer leur retour au foyer pour diminuer la courbe du ch\u00f4mage ou d\u00e9velopper les temps partiels impos\u00e9s. Et n&#8217;est-ce pas toujours au nom de la diff\u00e9rence des sexes que les femmes ont \u00e9t\u00e9 opprim\u00e9es\u00a0? Le parti pris \u00e9galitariste, dans la tradition beauvoirienne, ne nie pas les diff\u00e9rences : l&#8217;inverse de l&#8217;\u00e9galit\u00e9, c&#8217;est l&#8217;in\u00e9galit\u00e9\u00a0; le contraire de la diff\u00e9rence, c&#8217;est l&#8217;identique : mais s&#8217;oppose \u00e0 la naturalisation des identit\u00e9s masculin\/f\u00e9minin qui enferme les individus dans des qualit\u00e9s et des trajectoires pr\u00e9\u00e9tablies. Dans cette lign\u00e9e, il doit \u00eatre possible de formuler un discours porteur de r\u00e9ponses positives au d\u00e9sir de parentalit\u00e9. Encore faut-il cesser de contourner l&#8217;obstacle, sortir d&#8217;une conception abstraite de l&#8217;universalisme et postuler possible l&#8217;\u00e9quation maternit\u00e9\/\u00e9mancipation. <\/p>\n<p>La remise en cause des discours normatifs est un pr\u00e9alable. Par exemple, ni pour, ni contre l&#8217;allaitement mais pour que chaque m\u00e8re ait la possibilit\u00e9 de d\u00e9cider en fonction de ce qu&#8217;elle ressent, loin de la pression des partisans dogmatiques de l&#8217;allaitement mais aussi des lobbies de l&#8217;industrie laiti\u00e8re ou encore des fantasmes masculins d&#8217;appropriation des seins f\u00e9minins aux fins de leur propre satisfaction \u00e9rotique. La maternit\u00e9 ne doit \u00eatre appr\u00e9hend\u00e9e<em> a priori <\/em> ni comme une servitude, ni comme un moment idyllique de r\u00e9alisation de sa f\u00e9minit\u00e9. Une multitude de facteurs interf\u00e8rent dans la mani\u00e8re dont elle se vit pour chaque grossesse et les sentiments qui accompagnent la maternit\u00e9 sont g\u00e9n\u00e9ralement ambivalents voire contradictoires. Le r\u00f4le de la collectivit\u00e9, c&#8217;est d&#8217;accompagner sans juger, pour favoriser la libert\u00e9 de choix et l&#8217;\u00e9panouissement des parents comme des enfants, en traquant les d\u00e9terminismes et en desserrant l&#8217;\u00e9tau des contraintes.<\/p>\n<p>Autrefois, les femmes r\u00e9alisaient gratuitement toutes les taches domestiques et parentales. Elles ont investi \u00e0 temps plein le monde du travail salari\u00e9, en France dans les ann\u00e9es 1960. Une r\u00e9volution. Or les pouvoirs publics n&#8217;ont pas accompagn\u00e9 ce bouleversement, si bien que les femmes ont continu\u00e9 \u00e0 effectuer l&#8217;essentiel du travail de la maison (environ 80% toujours \u00e0 leur charge aujourd&#8217;hui). Cette r\u00e9alit\u00e9 est souvent renvoy\u00e9e au priv\u00e9, comme si savoir qui fait les lessives et donne le bain des enfants n&#8217;\u00e9tait qu&#8217;une question de n\u00e9gociation propre \u00e0 chaque couple. Elle est pourtant sociale et politique ! Repenser les temps de la vie, c&#8217;est-\u00e0-dire la part entre travail salari\u00e9, quotidien domestique et parental, engagement citoyen et loisirs, doit permettre de d\u00e9gager un meilleur \u00e9quilibre de vie pour les femmes mais aussi pour les hommes. <\/p>\n<p>L&#8217;implication des p\u00e8res, totalement absents de la r\u00e9flexion d&#8217;Elisabeth Badinter, est d\u00e9terminante. Qui peut croire s\u00e9rieusement que l&#8217;on peut am\u00e9liorer la situation des mamans sans que les papas modifient en profondeur leur comportement\u00a0? L&#8217;avenir est au partage des taches et des plaisirs li\u00e9s \u00e0 la vie avec des enfants. Cela passe par l&#8217;allongement significatif du cong\u00e9 de paternit\u00e9, qui devrait \u00eatre obligatoire, ou par des mesures plus symboliques comme rebaptiser les \u00ab\u00a0maternit\u00e9s\u00a0\u00bb en \u00ab\u00a0maisons de naissance\u00a0\u00bb, l&#8217;\u00e9cole \u00ab\u00a0maternelle\u00a0\u00bb en \u00e9cole \u00ab\u00a0enfantine\u00a0\u00bb. La non mixit\u00e9 de l&#8217;univers des petits contribue \u00e0 reproduire l&#8217;ordre sexiste. Enfin, une autre politique familiale est indispensable pour avancer. Nous avons notamment besoin d&#8217;un v\u00e9ritable service public gratuit d&#8217;accueil de la petite enfance et d&#8217;une remise en cause du cong\u00e9 parental qui aujourd&#8217;hui l\u00e8se la carri\u00e8re et l&#8217;autonomie financi\u00e8re des femmes. <\/p>\n<p>Ces chantiers d&#8217;ampleur, qui supposent une profonde r\u00e9organisation sociale et un autre partage des richesses et des pouvoirs, sont \u00e0 mille lieues des d\u00e9clarations d&#8217;intention si creuses et consensuelles de toute la \u00ab\u00a0classe politique\u00a0\u00bb en faveur de l&#8217;\u00e9galit\u00e9 hommes\/femmes. C&#8217;est sur ce terrain qu&#8217;il faut se mobiliser.<\/p>\n","protected":false},"excerpt":{"rendered":"<p>A travers la pol\u00e9mique suscit\u00e9e par le livre d&#8217;Elisabeth Badinter, plusieurs conceptions f\u00e9ministes s&#8217;entrechoquent. La maternit\u00e9 n&#8217;est pas le th\u00e8me le plus simple \u00e0 traiter pour celles et ceux qui revendiquent l&#8217;\u00e9galit\u00e9 entre les sexes. Elle appara\u00eet comme un n\u0153ud, autour duquel se sont historiquement polaris\u00e9es deux grandes tendances. D&#8217;un c\u00f4t\u00e9, la maternit\u00e9 est per\u00e7ue [&hellip;]<\/p>\n","protected":false},"author":570,"featured_media":0,"comment_status":"open","ping_status":"open","sticky":false,"template":"","format":"standard","meta":{"_themeisle_gutenberg_block_has_review":false,"footnotes":""},"categories":[141],"tags":[306],"class_list":["post-4499","post","type-post","status-publish","format-standard","hentry","category-archives-web","tag-feminisme"],"_links":{"self":[{"href":"https:\/\/archives.regards.fr\/index.php?rest_route=\/wp\/v2\/posts\/4499","targetHints":{"allow":["GET"]}}],"collection":[{"href":"https:\/\/archives.regards.fr\/index.php?rest_route=\/wp\/v2\/posts"}],"about":[{"href":"https:\/\/archives.regards.fr\/index.php?rest_route=\/wp\/v2\/types\/post"}],"author":[{"embeddable":true,"href":"https:\/\/archives.regards.fr\/index.php?rest_route=\/wp\/v2\/users\/570"}],"replies":[{"embeddable":true,"href":"https:\/\/archives.regards.fr\/index.php?rest_route=%2Fwp%2Fv2%2Fcomments&post=4499"}],"version-history":[{"count":0,"href":"https:\/\/archives.regards.fr\/index.php?rest_route=\/wp\/v2\/posts\/4499\/revisions"}],"wp:attachment":[{"href":"https:\/\/archives.regards.fr\/index.php?rest_route=%2Fwp%2Fv2%2Fmedia&parent=4499"}],"wp:term":[{"taxonomy":"category","embeddable":true,"href":"https:\/\/archives.regards.fr\/index.php?rest_route=%2Fwp%2Fv2%2Fcategories&post=4499"},{"taxonomy":"post_tag","embeddable":true,"href":"https:\/\/archives.regards.fr\/index.php?rest_route=%2Fwp%2Fv2%2Ftags&post=4499"}],"curies":[{"name":"wp","href":"https:\/\/api.w.org\/{rel}","templated":true}]}}