{"id":4487,"date":"2010-02-01T00:00:00","date_gmt":"2010-01-31T23:00:00","guid":{"rendered":"https:\/\/wp.muchomaas.com\/reconstruire-un-imaginaire-de4487\/"},"modified":"2010-02-01T00:00:00","modified_gmt":"2010-01-31T23:00:00","slug":"reconstruire-un-imaginaire-de4487","status":"publish","type":"post","link":"https:\/\/archives.regards.fr\/?p=4487","title":{"rendered":"Reconstruire un imaginaire de gauche"},"content":{"rendered":"<p class=\"post_excerpt\"> Les optimistes diront que la gauche est dans une phase de recomposition, les pessimistes : parmi lesquels les plus lucides sans doute&#8230; : d\u00e9fendront l&#8217;id\u00e9e d&#8217;une phase persistante de d\u00e9composition. <\/p>\n<p> Toujours est-il que la perc\u00e9e d&#8217;Europe Ecologie ou l&#8217;apparente remise en marche du PS derri\u00e8re Martine Aubry ne sauraient masquer les insuffisances de fond et de forme de toute la gauche. Il y a comme une panne, une d\u00e9saffection, un manque de rep\u00e8res et de pugnacit\u00e9 que ne peuvent faire oublier les bons sondages qui se succ\u00e8dent en vue des r\u00e9gionales de mars prochain. Cette morosit\u00e9 se lit notamment dans la faiblesse des mobilisations politiques et sociales, dans le retrait persistant des jeunes et des cat\u00e9gories populaires.<\/p>\n<p>Pour se refonder et battre durablement la droite, trois d\u00e9fis doivent \u00eatre relev\u00e9s. Premier chantier, premi\u00e8re exigence : renouer avec la radicalit\u00e9, celle qui permet de d\u00e9gager des r\u00e9ponses \u00e0 m\u00eame de prendre les probl\u00e8mes \u00e0 la source. Tant que le camp du renoncement, de l&#8217;accompagnement de l&#8217;ordre existant dominera \u00e0 gauche, celle-ci manquera de souffle et de capacit\u00e9 \u00e0 mobiliser les cat\u00e9gories populaires. L&#8217;eau ti\u00e8de test\u00e9e par les diff\u00e9rents gouvernements de gauche ces derni\u00e8res d\u00e9cennies n&#8217;a pas permis de changer substantiellement les conditions d&#8217;existence du plus grand nombre. D&#8217;o\u00f9 la n\u00e9cessit\u00e9 de voir \u00e9merger avec force une gauche porteuse de ruptures \u00e9conomiques, sociales, \u00e9cologiques et d\u00e9mocratiques.<\/p>\n<p>Mais que la gauche soit au fond plus \u00e0 gauche, davantage fid\u00e8le \u00e0 sa tradition et \u00e0 son histoire, ne r\u00e9soudra pas tout. Car si cet effort ne se traduisait que par la r\u00e9p\u00e9tition des formules anciennes, par la reprise des recettes n\u00e9okeyn\u00e9siennes des ann\u00e9es 1970, il y a peu de chances de convaincre largement et de transformer le r\u00e9el. La fa\u00e7on de parler de notre mod\u00e8le de d\u00e9veloppement, d&#8217;appr\u00e9hender les enjeux d\u00e9mocratiques ou encore d&#8217;int\u00e9grer dans notre discours les r\u00e9alit\u00e9s du monde contemporain est d\u00e9terminante. Penser les \u00e2ges de la vie, la r\u00e9volution num\u00e9rique ou l&#8217;\u00e9mergence des m\u00e9galopoles n&#8217;est pas accessoire : il en va de notre capacit\u00e9 \u00e0 red\u00e9finir les termes de l&#8217;\u00e9galit\u00e9 et les conditions de l&#8217;\u00e9mancipation humaine. Faire de la politique au XXIe si\u00e8cle et concevoir un processus r\u00e9volutionnaire, au sens de bouleversement radical de la soci\u00e9t\u00e9, n&#8217;est pas une t\u00e2che facile. Cela n&#8217;en reste pas moins une exigence. La forme parti telle qu&#8217;elle a exist\u00e9 au XXe si\u00e8cle m\u00e9rite d&#8217;\u00eatre revisit\u00e9e. La strat\u00e9gie de transformation sociale et \u00e9cologique ne peut rester la m\u00eame apr\u00e8s les graves \u00e9checs des exp\u00e9riences dites socialistes et, dans une autre mesure, apr\u00e8s les impasses de la social-d\u00e9mocratie europ\u00e9enne. Au fond, la gauche sort d&#8217;une longue s\u00e9quence d&#8217;exp\u00e9rimentations qui l&#8217;obligent \u00e0 remettre l&#8217;ouvrage sur l&#8217;\u00e9tabli. Le devoir de r\u00e9invention est la condition pour que la gauche cesse d&#8217;\u00eatre impuissante, de s&#8217;accommoder voire de s&#8217;aligner face \u00e0 l&#8217;id\u00e9ologie dominante.<\/p>\n<p>Le troisi\u00e8me d\u00e9fi, c&#8217;est celui du rassemblement. L&#8217;unit\u00e9 de toutes les forces de la gauche de transformation sociale et \u00e9cologique n&#8217;est pas contournable si l&#8217;on porte l&#8217;exigence de majorit\u00e9s : sociales, d&#8217;id\u00e9es, politiques. L&#8217;alliance des diff\u00e9rentes composantes de l&#8217;autre gauche est l&#8217;une des cl\u00e9s parce qu&#8217;elle est susceptible d&#8217;enclencher une dynamique populaire. L&#8217;objectif, ce qu&#8217;il faut rassembler, c&#8217;est le peuple. La force du mouvement ouvrier d&#8217;hier tenait \u00e0 ce qu&#8217;il avait r\u00e9ussi \u00e0 r\u00e9unifier le groupe dispers\u00e9 et \u00e9clat\u00e9 des ouvriers. Il l&#8217;avait constitu\u00e9 en classe, autour d&#8217;un projet de promotion collective et d&#8217;\u00e9mancipation, en un temps o\u00f9 les ouvriers tendaient \u00e0 devenir l&#8217;axe d&#8217;organisation du peuple tout entier. Aujourd&#8217;hui, le \u00ab peuple \u00bb d\u00e9suni doit une nouvelle fois se r\u00e9unifier. Mais il n&#8217;est plus le peuple d&#8217;hier : ses activit\u00e9s, ses espaces, ses formes de culture ne sont plus les m\u00eames. La repr\u00e9sentation de lui-m\u00eame, la conscience de son existence et sa projection dans une soci\u00e9t\u00e9 diff\u00e9rente, plus juste et plus humaine, d\u00e9pend pour une part de la capacit\u00e9 d&#8217;une gauche d&#8217;alternative \u00e0 s&#8217;ancrer dans la modernit\u00e9, \u00e0 recr\u00e9er du d\u00e9sir et du sens. En un mot, c&#8217;est l&#8217;imaginaire politique qui est \u00e0 reconstruire.<\/p>\n<p><strong> C.A. <\/strong><\/p>\n<p>Paru dans<em> Regards <\/em> n\u00b069, f\u00e9vrier-mars 2010<\/p>\n","protected":false},"excerpt":{"rendered":"<p> Les optimistes diront que la gauche est dans une phase de recomposition, les pessimistes : parmi lesquels les plus lucides sans doute&#8230; : d\u00e9fendront l&#8217;id\u00e9e d&#8217;une phase persistante de d\u00e9composition. <\/p>\n","protected":false},"author":570,"featured_media":0,"comment_status":"open","ping_status":"open","sticky":false,"template":"","format":"standard","meta":{"_themeisle_gutenberg_block_has_review":false,"footnotes":""},"categories":[141],"tags":[328],"class_list":["post-4487","post","type-post","status-publish","format-standard","hentry","category-archives-web","tag-editorial"],"_links":{"self":[{"href":"https:\/\/archives.regards.fr\/index.php?rest_route=\/wp\/v2\/posts\/4487","targetHints":{"allow":["GET"]}}],"collection":[{"href":"https:\/\/archives.regards.fr\/index.php?rest_route=\/wp\/v2\/posts"}],"about":[{"href":"https:\/\/archives.regards.fr\/index.php?rest_route=\/wp\/v2\/types\/post"}],"author":[{"embeddable":true,"href":"https:\/\/archives.regards.fr\/index.php?rest_route=\/wp\/v2\/users\/570"}],"replies":[{"embeddable":true,"href":"https:\/\/archives.regards.fr\/index.php?rest_route=%2Fwp%2Fv2%2Fcomments&post=4487"}],"version-history":[{"count":0,"href":"https:\/\/archives.regards.fr\/index.php?rest_route=\/wp\/v2\/posts\/4487\/revisions"}],"wp:attachment":[{"href":"https:\/\/archives.regards.fr\/index.php?rest_route=%2Fwp%2Fv2%2Fmedia&parent=4487"}],"wp:term":[{"taxonomy":"category","embeddable":true,"href":"https:\/\/archives.regards.fr\/index.php?rest_route=%2Fwp%2Fv2%2Fcategories&post=4487"},{"taxonomy":"post_tag","embeddable":true,"href":"https:\/\/archives.regards.fr\/index.php?rest_route=%2Fwp%2Fv2%2Ftags&post=4487"}],"curies":[{"name":"wp","href":"https:\/\/api.w.org\/{rel}","templated":true}]}}