{"id":4479,"date":"2010-01-01T00:00:00","date_gmt":"2009-12-31T23:00:00","guid":{"rendered":"https:\/\/wp.muchomaas.com\/michel-dreyfus-un-antisemitisme-a4479\/"},"modified":"2010-01-01T00:00:00","modified_gmt":"2009-12-31T23:00:00","slug":"michel-dreyfus-un-antisemitisme-a4479","status":"publish","type":"post","link":"https:\/\/archives.regards.fr\/?p=4479","title":{"rendered":"Michel Dreyfus. \u00ab Un antis\u00e9mitisme \u00ab\u00e0\u00bb gauche,  as \u00abde\u00bb gauche \u00bb"},"content":{"rendered":"<p>Quelles sont les relations de la gauche avec l&#8217;antis\u00e9mitisme ? L&#8217;historien Michel Dreyfus se penche sur ce sujet br\u00fblant dans un livre qui vient de para\u00eetre,<em> L&#8217;antis\u00e9mitisme \u00e0 gauche. Histoire d&#8217;un paradoxe <\/em>. Entretien.<\/p>\n<p><strong> Votre ouvrage r\u00e9pond \u00e0 une question d&#8217;actualit\u00e9 : pensez-vous qu&#8217;un historien puisse apporter ainsi sa contribution au d\u00e9bat public ? <\/strong><\/p>\n<p><strong> Michel Dreyfus. <\/strong> Quand j&#8217;ai commenc\u00e9 ce travail, je songeais en effet m&#8217;arr\u00eater en 1980, date de l&#8217;attentat contre la synagogue de la rue Copernic. Mais je me suis rendu compte que mon ouvrage devait se poursuivre jusqu&#8217;\u00e0 aujourd&#8217;hui. En effet, l&#8217;histoire apporte le recul n\u00e9cessaire pour \u00e9clairer des d\u00e9bats tr\u00e8s actuels et sur ce plan, elle est incontestablement d&#8217;une certaine utilit\u00e9. Aussi, tout en sachant combien le traitement des ann\u00e9es les plus r\u00e9centes \u00e9tait un sujet br\u00fblant, difficile, et je suis bien plac\u00e9 pour le savoir, j&#8217;ai opt\u00e9 pour ce choix chronologique.<\/p>\n<p><strong> Votre th\u00e8se principale suppose qu&#8217;il n&#8217;existe pas d&#8217;antis\u00e9mitisme de gauche, mais \u00e0 gauche : pouvez-vous expliquer cette distinction ? <\/strong><\/p>\n<p><strong> M.D. <\/strong> Je me suis longuement interrog\u00e9 durant mes recherches pour aboutir \u00e0 la conclusion qu&#8217;il existe un antis\u00e9mitisme \u00e0 gauche, mais non pas de gauche. Je tiens d&#8217;abord \u00e0 pr\u00e9ciser que lorsque je parle d&#8217;antis\u00e9mitisme \u00e0 gauche, il est pour moi tout aussi condamnable que celui existant \u00e0 droite : il n&#8217;y a pas un antis\u00e9mitisme qui serait moins grave qu&#8217;un autre. Ensuite, l&#8217;antis\u00e9mitisme qui a \u00e9merg\u00e9 \u00e0 gauche s&#8217;explique d&#8217;abord par le poids d&#8217;id\u00e9es tr\u00e8s anciennes provenant essentiellement des milieux catholiques r\u00e9actionnaires de droite et d&#8217;extr\u00eame droite. Enfin, il faut toujours situer l&#8217;antis\u00e9mitisme, qu&#8217;il soit \u00e0 droite ou \u00e0 gauche, dans le contexte o\u00f9 il s&#8217;exprime. Ainsi, durant l&#8217;Affaire Dreyfus, le lectorat de la presse de gauche repr\u00e9sente \u00e0 peine 8 % du total national, alors qu&#8217;\u00e0 droite, dominent des titres comme<em> La Croix <\/em> : son discours n&#8217;a rien \u00e0 voir avec<em> La Croix <\/em> aujourd&#8217;hui :, qui diffuse alors chaque jour \u00e0 500 000 exemplaires un discours antis\u00e9mite violent, \u00e0 base catholique. Imaginez sa force, en comparaison des petites revues socialistes qui tirent au mieux \u00e0 quelques dizaines de milliers d&#8217;exemplaires.<\/p>\n<p><strong> Vous d\u00e9montrez qu&#8217;aucune organisation socialiste ou ouvri\u00e8re n&#8217;a jamais mis l&#8217;antis\u00e9mitisme \u00e0 son programme. <\/strong><\/p>\n<p><strong> M.D. <\/strong> Oui, mais, en revanche, beaucoup de militants ont d\u00e9rap\u00e9, comme je le montre abondamment. Paradoxalement, l&#8217;antis\u00e9mitisme semble faible dans le syndicalisme jusque vers 1900, en raison sans doute de l&#8217;influence de Pelloutier qui est tr\u00e8s clair sur cette question. Les choses changent un peu apr\u00e8s l&#8217;Affaire Dreyfus avec l&#8217;\u00e9mergence du syndicalisme r\u00e9volutionnaire, o\u00f9 se retrouvent en partie les \u00ab d\u00e9\u00e7us du dreyfusisme \u00bb. Selon ces derniers, ce sont toujours les m\u00eames qui s&#8217;en sortent, autrement dit les juifs, consid\u00e9r\u00e9s comme des privil\u00e9gi\u00e9s ; mais ces manifestations sont limit\u00e9es. Auparavant, j&#8217;ai relev\u00e9 de tr\u00e8s nombreux propos antis\u00e9mites dans les diff\u00e9rentes organisations socialistes. Mais avec bien des nuances : ainsi, les saint-simoniens sont herm\u00e9tiques \u00e0 l&#8217;antis\u00e9mitisme, alors que Proudhon, Blanqui et bien plus encore Toussenel le formulent sans le moindre \u00e9tat d&#8217;\u00e2me. Toutefois, \u00e0 partir de l&#8217;Affaire Dreyfus, on ne peut plus \u00eatre de gauche et se dire antis\u00e9mite. Ceux qui tiennent des propos hostiles aux juifs prennent toujours la pr\u00e9caution de se d\u00e9douaner, en expliquant qu&#8217;ils ne sont pas antis\u00e9mites et que s&#8217;ils d\u00e9noncent les capitalistes juifs, ils sont aux c\u00f4t\u00e9s du prol\u00e9tariat juif.<\/p>\n<p><strong> Vous consacrez des pages tr\u00e8s int\u00e9ressantes au cas du communisme fran\u00e7ais, qui a rarement \u00e9t\u00e9 interrog\u00e9 sur son rapport \u00e0 l&#8217;antis\u00e9mitisme : quelle conclusion en tirez-vous ? <\/strong><\/p>\n<p><strong> M.D. <\/strong> De ce c\u00f4t\u00e9, quatre aspects posent probl\u00e8me. On trouve d&#8217;abord au Parti communiste quelques traces de l&#8217;antis\u00e9mitisme \u00e9conomique, le plus vieux de celui existant \u00e0 gauche : mais cet antis\u00e9mitisme qui assimile les juifs au capitalisme et aux riches reste assez limit\u00e9. Une deuxi\u00e8me dimension appara\u00eet autour de la personne de L\u00e9on Blum : il fait l&#8217;objet de la part des communistes d&#8217;une d\u00e9testation tr\u00e8s violente, quasi irrationnelle, allant jusqu&#8217;\u00e0 la mise en cause de ses m\u0153urs d\u00e9nonc\u00e9es comme<em> \u00ab dissolues \u00bb <\/em>. Une troisi\u00e8me expression s&#8217;explique, au lendemain de la Seconde Guerre, par la volont\u00e9 du PCF de se r\u00e9ins\u00e9rer dans la vie nationale : aussi, il marginalise ses militants juifs \u00e9trangers qui ont combattu dans la MOI (1). Enfin, le PCF est incapable d&#8217;admettre que l&#8217;antis\u00e9mitisme puisse exister en URSS et dans les d\u00e9mocraties populaires, comme le montrent pourtant les grands proc\u00e8s des ann\u00e9es 1949-1952, l&#8217;affaire des \u00ab Blouses blanches \u00bb, la vague antis\u00e9mite en Pologne en 1968, etc. Ici, il s&#8217;agit moins d&#8217;antis\u00e9mitisme stricto sensu que d&#8217;une incapacit\u00e9 \u00e0 le reconna\u00eetre, aussi \u00e9vident soit-il, par suivisme \u00e0 l&#8217;\u00e9gard du camp socialiste.<\/p>\n<p><strong> Vous \u00e9voquez aussi l&#8217;extr\u00eame gauche dans sa diversit\u00e9 : trotskystes, libertaires, \u00ab ultra-gauches\u00bb. On l&#8217;accuse aujourd&#8217;hui d&#8217;avoir \u00e9t\u00e9 plus sensible ou tol\u00e9rante envers l&#8217;antis\u00e9mitisme&#8230; <\/strong><\/p>\n<p><strong> M.D. <\/strong> Plus que l&#8217;histoire du n\u00e9gationnisme qui est connue, je me suis attach\u00e9 \u00e0 d\u00e9crire ses ravages dans l&#8217;extr\u00eame gauche. Ainsi, d\u00e8s la fin des ann\u00e9es 1950, Paul Rassinier, un homme de gauche, publie des ouvrages antis\u00e9mites, proches de ceux d&#8217;Henri Coston, un des principaux antis\u00e9mites d&#8217;extr\u00eame droite. Puis, Rassinier remet en cause la r\u00e9alit\u00e9 du g\u00e9nocide et il est diffus\u00e9 en Allemagne par un \u00e9diteur n\u00e9onazi ; il n&#8217;en reste pas moins li\u00e9 aux anarchistes jusqu&#8217;en 1963. Une partie de l&#8217;extr\u00eame gauche est rest\u00e9e trop longtemps atone sur ce type de liaisons ; mais une petite partie seulement&#8230;<\/p>\n<p><strong> A partir de la Guerre des six jours, la question d&#8217;Isra\u00ebl devient centrale&#8230; <\/strong><\/p>\n<p><strong> M.D. <\/strong> Face au mouvement politique qu&#8217;est le sionisme, la gauche a adopt\u00e9 depuis les ann\u00e9es 1920 deux positions oppos\u00e9es : les socialistes l&#8217;ont soutenu alors que le PCF et l&#8217;extr\u00eame gauche l&#8217;ont critiqu\u00e9. Cette diff\u00e9rence existe toujours aujourd&#8217;hui au sujet d&#8217;Isra\u00ebl. En revanche, la sensibilit\u00e9 a consid\u00e9rablement chang\u00e9 sur la question du g\u00e9nocide : son souvenir est infiniment plus pr\u00e9sent que dans les ann\u00e9es 1960\/1970. Enfin, j&#8217;ai \u00e9t\u00e9 frapp\u00e9 par des formules employ\u00e9es par certains que l&#8217;on ne peut absolument pas suspecter d&#8217;antis\u00e9mitisme. Ainsi, le journal<em> Politique Hebdo <\/em> compare en 1972 des soldats isra\u00e9liens \u00e0 des SS. Cette phrase est alors pass\u00e9e compl\u00e8tement inaper\u00e7ue mais imaginez le scandale aujourd&#8217;hui.<\/p>\n<p><strong> Les liens se sont aussi consid\u00e9rablement d\u00e9grad\u00e9s entre la gauche et la communaut\u00e9 juive institutionnelle (CRIF, Consistoire, etc.). Comment l&#8217;expliquez-vous ? <\/strong><\/p>\n<p><strong> M.D. <\/strong> A cela, plusieurs raisons. D&#8217;abord, le souvenir beaucoup plus pr\u00e9sent du g\u00e9nocide, comme je l&#8217;ai d\u00e9j\u00e0 dit. Ensuite, la composition de la communaut\u00e9 juive en France a chang\u00e9. Longtemps principalement ashk\u00e9naze, elle croyait fortement en la R\u00e9publique et en l&#8217;assimilation. Or, avec la d\u00e9colonisation, sont arriv\u00e9s massivement des s\u00e9pharades qui ont d\u00fb quitter pr\u00e9cipitamment l&#8217;Afrique du Nord et qui se sont sentis trahis par la R\u00e9publique. Depuis, il semble s&#8217;\u00eatre produit une certaine d\u00e9saffection de la communaut\u00e9 juive et de ses responsables \u00e0 l&#8217;\u00e9gard de la gauche. En introduction de mon livre, je rappelle que ni le PCF ni les Verts n&#8217;ont \u00e9t\u00e9 invit\u00e9s au dernier d\u00eener annuel du CRIF (en mars 2009), au motif des d\u00e9bordements antis\u00e9mites survenus peu auparavant, lors des manifestations contre l&#8217;intervention isra\u00e9lienne \u00e0 Gaza. Mais \u00e9tait-il normal de ne pas convier ces organisations politiques en leur faisant endosser la responsabilit\u00e9 de comportements qu&#8217;elles condamnaient par ailleurs ?<\/p>\n<p><strong> Le choc actuel des m\u00e9moires entre le colonialisme et la Shoah, ne conduit-il pas \u00e0 une certaine indulgence envers des propos ou des attitudes discutables ? <\/strong><\/p>\n<p><strong> M.D. <\/strong> On m&#8217;a souvent pos\u00e9 la question depuis la sortie de mon ouvrage. La gauche et l&#8217;extr\u00eame gauche manifestent-elles une trop grande indiff\u00e9rence en ce domaine ? Doivent-elles \u00eatre plus vigilantes, tout en refusant aussi d&#8217;assimiler toute critique d&#8217;Isra\u00ebl \u00e0 de l&#8217;antis\u00e9mitisme ? Trop confiante depuis l&#8217;Affaire Dreyfus, il se peut que la gauche ait \u00e0 se mobiliser davantage contre l&#8217;antis\u00e9mitisme. Recueilli par Nicolas Kssis<\/p>\n<p>1. Main-d&#8217;\u0153uvre immigr\u00e9e.<\/p>\n<p>Michel Dreyfus, L&#8217;antis\u00e9mitisme \u00e0 gauche. Histoire d&#8217;un paradoxe, de 1830 \u00e0 nos jours, \u00e9d.La D\u00e9couverte, 2009<\/p>\n<p>Paru dans<em> Regards <\/em>, n\u00b068, janvier 2010<\/p>\n","protected":false},"excerpt":{"rendered":"<p>Quelles sont les relations de la gauche avec l&#8217;antis\u00e9mitisme ? L&#8217;historien Michel Dreyfus se penche sur ce sujet br\u00fblant dans un livre qui vient de para\u00eetre, L&#8217;antis\u00e9mitisme \u00e0 gauche. Histoire d&#8217;un paradoxe . Entretien. Votre ouvrage r\u00e9pond \u00e0 une question d&#8217;actualit\u00e9 : pensez-vous qu&#8217;un historien puisse apporter ainsi sa contribution au d\u00e9bat public ? Michel [&hellip;]<\/p>\n","protected":false},"author":579,"featured_media":0,"comment_status":"open","ping_status":"open","sticky":false,"template":"","format":"standard","meta":{"_themeisle_gutenberg_block_has_review":false,"footnotes":""},"categories":[141],"tags":[295,350],"class_list":["post-4479","post","type-post","status-publish","format-standard","hentry","category-archives-web","tag-nupes","tag-racisme"],"_links":{"self":[{"href":"https:\/\/archives.regards.fr\/index.php?rest_route=\/wp\/v2\/posts\/4479","targetHints":{"allow":["GET"]}}],"collection":[{"href":"https:\/\/archives.regards.fr\/index.php?rest_route=\/wp\/v2\/posts"}],"about":[{"href":"https:\/\/archives.regards.fr\/index.php?rest_route=\/wp\/v2\/types\/post"}],"author":[{"embeddable":true,"href":"https:\/\/archives.regards.fr\/index.php?rest_route=\/wp\/v2\/users\/579"}],"replies":[{"embeddable":true,"href":"https:\/\/archives.regards.fr\/index.php?rest_route=%2Fwp%2Fv2%2Fcomments&post=4479"}],"version-history":[{"count":0,"href":"https:\/\/archives.regards.fr\/index.php?rest_route=\/wp\/v2\/posts\/4479\/revisions"}],"wp:attachment":[{"href":"https:\/\/archives.regards.fr\/index.php?rest_route=%2Fwp%2Fv2%2Fmedia&parent=4479"}],"wp:term":[{"taxonomy":"category","embeddable":true,"href":"https:\/\/archives.regards.fr\/index.php?rest_route=%2Fwp%2Fv2%2Fcategories&post=4479"},{"taxonomy":"post_tag","embeddable":true,"href":"https:\/\/archives.regards.fr\/index.php?rest_route=%2Fwp%2Fv2%2Ftags&post=4479"}],"curies":[{"name":"wp","href":"https:\/\/api.w.org\/{rel}","templated":true}]}}