{"id":4476,"date":"2010-01-25T00:00:00","date_gmt":"2010-01-24T23:00:00","guid":{"rendered":"https:\/\/wp.muchomaas.com\/retraites-generation-precaire4476\/"},"modified":"2010-01-25T00:00:00","modified_gmt":"2010-01-24T23:00:00","slug":"retraites-generation-precaire4476","status":"publish","type":"post","link":"https:\/\/archives.regards.fr\/?p=4476","title":{"rendered":"Retraites: G\u00e9n\u00e9ration Pr\u00e9caire propose d&#8217;\u00e9largir l&#8217;assiette de cotisants aux 1,5 millions de travailleurs l\u00e9gaux qui ne cotisent pas"},"content":{"rendered":"<p>A la veille du grand d\u00e9bat sur les retraites, le gouvernement, par un simple arr\u00eat\u00e9, a modifi\u00e9 le calcul des cotisations de S\u00e9curit\u00e9 sociale des apprentis.<\/p>\n<p>Cet arr\u00eat\u00e9 du 22 janvier va conduire \u00e0 une perte des droits \u00e0 retraite pour 30% des jeunes concern\u00e9s ! La moiti\u00e9 perdrait 2 trimestre, l&#8217;autre moiti\u00e9 1 ; ceci pour une \u00ab \u00e9conomie \u00bb de 70 millions d&#8217;euros (1).  <\/p>\n<p>&#8220;2010&#8221; sera l&#8217;ann\u00e9e du grand chantier des retraites&#8221; a d\u00e9clar\u00e9 le Pr\u00e9sident de la R\u00e9publique. Pour combler le d\u00e9ficit record des retraites et assurer la p\u00e9rennit\u00e9 du syst\u00e8me par r\u00e9partition du fait de la d\u00e9mographie fran\u00e7aise il faut soit -augmenter la dur\u00e9e de cotisation (+ de 60 ans); -soit l&#8217;\u00e9largir l&#8217;assiette de cotisation (trouver d&#8217;autres sources de financements).  <\/p>\n<p>Il n&#8217;y a en effet plus assez d&#8217;actifs qui cotisent pour les retrait\u00e9s (14,5 actifs en 2008 contre 41,4 en 1960 pour 10 retrait\u00e9s (2).<\/p>\n<p>G\u00e9n\u00e9ration-Pr\u00e9caire rappelle qu&#8217;il y a pourtant presque 1,5 millions de personnes qui travaillent en entreprises sans cotiser. Il ne s&#8217;agit pas de travail au noir mais bien l\u00e9gal. A l&#8217;heure ou l&#8217;on souffre cruellement du manque d&#8217;actifs cotisants il parait impensable de laisser  des pans  entiers  de la population travailler sans cotiser au risque de faire \u00e9clater notre syst\u00e8me de solidarit\u00e9 et faire supporter une charge insupportable aux cotisants.<\/p>\n<p>C&#8217;est pourtant le chemin que semble prendre le gouvernement en attaquant les retraites des apprentis et en exon\u00e9rant de r\u00e9mun\u00e9ration les \u00e9l\u00e8ves orthophonistes en leur faisant &#8220;b\u00e9n\u00e9ficier&#8221; d&#8217;une exception \u00e0 l&#8217;obligation de gratification des stages (Proposition de loi S\u00e9nat n\u00b0 190 du 22 d\u00e9cembre 2009 tendant \u00e0 faciliter l&#8217;acc\u00e8s aux stages des \u00e9tudiants et \u00e9l\u00e8ves travailleurs sociaux).(3) <\/p>\n<p>Qui sont ces millions de travailleurs l\u00e9gaux qui ne cotisent pas ? Il s&#8217;agit des 1,2 millions de stagiaires par an et des quelques centaines de milliers d&#8217;apprentis qui ne cotisent pas ou presque pas (4). <\/p>\n<p>Comment les int\u00e9grer au dispositif de protection sociale ? Il faut pour cela assurer une r\u00e9mun\u00e9ration obligatoire d\u00e9cente (permettant de vivre au dessus du seuil de pauvret\u00e9) pour tous les stagiaires et apprentis. Cette r\u00e9mun\u00e9ration int\u00e8grerait les cotisations.<\/p>\n<p> Cela permettrait de remettre une \u00e9galit\u00e9 &#8220;inter-travailleurs&#8221; : entre les diff\u00e9rents types de contrats (pas de dumping social), et &#8220;intra-travailleurs&#8221;: de lutter contre les discriminations (pas d&#8217;in\u00e9galit\u00e9 entre ceux qui peuvent se permettent de travailler sans r\u00e9mun\u00e9ration et les autres).<\/p>\n<p>Cela permettrait de lutter contre le ch\u00f4mage des jeunes : ces derniers souffriraient moins de concurrence d\u00e9loyale contre un stagiaire, un stagiaire hors cursus par exemple (30% du SMIC).<\/p>\n<p>Il y a 23% de 15\/24 ans au ch\u00f4mage en France (actifs qui ne cotisent pas) fin 2009. Malheureusement, cette statistique ne prend pas en compte tous les \u00ab faux inactifs \u00bb (stages hors cursus) qui se r\u00e9inscrivent \u00e0 la fac pour travailler en stage par exemple. <\/p>\n<p>G\u00e9n\u00e9ration Pr\u00e9caire rappelle donc sa volont\u00e9 d&#8217;obtenir <\/p>\n<p>-Une r\u00e9mun\u00e9ration pour les stagiaires au titre de l&#8217;\u00e9quit\u00e9 et de la justice sociale: sup\u00e9rieure justement au seuil d&#8217;exon\u00e9ration de cotisations sociales fix\u00e9 \u00e0 30% du SMIC. <\/p>\n<p>-L&#8217;interdiction des stages hors cursus et attend le d\u00e9cret d&#8217;application de la loi interdisant vraiment les stages hors cursus (tout stage \u00e9tant par d\u00e9finition dans un cursus du fait de sa convention).  <\/p>\n<p>Contacts presse: Nicolas 06 16 68 49 16 Julien 06 20 21 10 53  Malcolm 06 71 93 69 63 : contact@generation-precaire.org \/ 3615 lesstagiairesveulentcotiser<\/p>\n<p>(1) selon la CGT<\/p>\n<p>(2) source CNAV<\/p>\n<p>(3) source Proposition de loi S\u00e9nat n\u00b0 190 du 22 d\u00e9cembre 2009 tendant \u00e0 faciliter l&#8217;acc\u00e8s aux stages des \u00e9tudiants et \u00e9l\u00e8ves travailleurs sociaux<\/p>\n<p>Auteurs : ABOUT (Nicolas), DESMARESCAUX (Sylvie), SENAT<\/p>\n<p>R\u00e9sum\u00e9 : L&#8217;article 9 de la loi n\u00b0 2006-396 du 31 mars 2006 pour l&#8217;\u00e9galit\u00e9 des chances a pr\u00e9vu la gratification des \u00e9tudiants stagiaires, lorsque la dur\u00e9e de leur stage est sup\u00e9rieure \u00e0 trois mois cons\u00e9cutifs. L&#8217;exp\u00e9rience montre que cette mesure restreint consid\u00e9rablement l&#8217;offre de stage, les structures d&#8217;accueil n&#8217;ayant pas toujours les moyens financiers de r\u00e9tribuer leurs stagiaires. Cette consid\u00e9ration pratique a conduit, paradoxalement, les \u00e9l\u00e8ves orthophonistes \u00e0 demander \u00e0 &#8220;b\u00e9n\u00e9ficier&#8221; d&#8217;une exception \u00e0 cette obligation de gratification. Cette requ\u00eate a \u00e9t\u00e9 prise en compte et traduite dans la loi &#8220;HPST&#8221; (art. 59). Il appara\u00eet que la m\u00eame difficult\u00e9 se pose d\u00e9sormais pour les \u00e9tudiants et \u00e9l\u00e8ves de la fili\u00e8re de formation des travailleurs sociaux, pour lesquels les stages obligatoires conditionnent l&#8217;acc\u00e8s \u00e0 la profession : les \u00e9tablissements m\u00e9dico-sociaux ne disposant pas, au titre de leur prix de journ\u00e9e, des financements n\u00e9cessaires \u00e0 la gratification des stagiaires, ils ne sont pas en mesure d&#8217;accueillir favorablement les demandes de ces \u00e9tudiants. Pour ces motifs, la pr\u00e9sente proposition de loi pr\u00e9voit donc que les stages li\u00e9s \u00e0 un cursus p\u00e9dagogique int\u00e9gr\u00e9 \u00e0 la formation de ces auxiliaires n&#8217;emportent versement d&#8217;aucune forme de r\u00e9mun\u00e9ration ou de gratification, \u00e0 l&#8217;exclusion des indemnit\u00e9s justifi\u00e9es par les contraintes li\u00e9es \u00e0 ce stage. R\u00e9f\u00e9rence: 015400<\/p>\n<p>(4) source: DGEFP Bercy et Minist\u00e8re de la Prospective.<\/p>\n","protected":false},"excerpt":{"rendered":"<p>A la veille du grand d\u00e9bat sur les retraites, le gouvernement, par un simple arr\u00eat\u00e9, a modifi\u00e9 le calcul des cotisations de S\u00e9curit\u00e9 sociale des apprentis. Cet arr\u00eat\u00e9 du 22 janvier va conduire \u00e0 une perte des droits \u00e0 retraite pour 30% des jeunes concern\u00e9s ! La moiti\u00e9 perdrait 2 trimestre, l&#8217;autre moiti\u00e9 1 ; [&hellip;]<\/p>\n","protected":false},"author":1,"featured_media":0,"comment_status":"open","ping_status":"open","sticky":false,"template":"","format":"standard","meta":{"_themeisle_gutenberg_block_has_review":false,"footnotes":""},"categories":[141],"tags":[304],"class_list":["post-4476","post","type-post","status-publish","format-standard","hentry","category-archives-web","tag-travail"],"_links":{"self":[{"href":"https:\/\/archives.regards.fr\/index.php?rest_route=\/wp\/v2\/posts\/4476","targetHints":{"allow":["GET"]}}],"collection":[{"href":"https:\/\/archives.regards.fr\/index.php?rest_route=\/wp\/v2\/posts"}],"about":[{"href":"https:\/\/archives.regards.fr\/index.php?rest_route=\/wp\/v2\/types\/post"}],"author":[{"embeddable":true,"href":"https:\/\/archives.regards.fr\/index.php?rest_route=\/wp\/v2\/users\/1"}],"replies":[{"embeddable":true,"href":"https:\/\/archives.regards.fr\/index.php?rest_route=%2Fwp%2Fv2%2Fcomments&post=4476"}],"version-history":[{"count":0,"href":"https:\/\/archives.regards.fr\/index.php?rest_route=\/wp\/v2\/posts\/4476\/revisions"}],"wp:attachment":[{"href":"https:\/\/archives.regards.fr\/index.php?rest_route=%2Fwp%2Fv2%2Fmedia&parent=4476"}],"wp:term":[{"taxonomy":"category","embeddable":true,"href":"https:\/\/archives.regards.fr\/index.php?rest_route=%2Fwp%2Fv2%2Fcategories&post=4476"},{"taxonomy":"post_tag","embeddable":true,"href":"https:\/\/archives.regards.fr\/index.php?rest_route=%2Fwp%2Fv2%2Ftags&post=4476"}],"curies":[{"name":"wp","href":"https:\/\/api.w.org\/{rel}","templated":true}]}}