{"id":4472,"date":"2010-01-13T00:00:00","date_gmt":"2010-01-12T23:00:00","guid":{"rendered":"https:\/\/wp.muchomaas.com\/deces-de-daniel-bensaid4472\/"},"modified":"2010-01-13T00:00:00","modified_gmt":"2010-01-12T23:00:00","slug":"deces-de-daniel-bensaid4472","status":"publish","type":"post","link":"https:\/\/archives.regards.fr\/?p=4472","title":{"rendered":"D\u00e9c\u00e8s de Daniel Bensa\u00efd"},"content":{"rendered":"<p>Daniel Bensa\u00efd est mort hier, 12 janvier 2010. Avant de pouvoir revenir plus longuement sur les \u00e9crits du th\u00e9oricien de la LCR et du NPA, vous trouverez ci-dessous un communiqu\u00e9 et un hommage de son parti, ainsi que des liens vers d&#8217;anciennes contributions publi\u00e9es dans<em> Regards <\/em>.<\/p>\n<p><strong> Communiqu\u00e9 du Nouveau Parti Anticapitaliste. Hommage \u00e0 Daniel Bensa\u00efd. <\/strong><\/p>\n<p>Le d\u00e9c\u00e8s de notre camarade Daniel Bensa\u00efd a suscit\u00e9 beaucoup d&#8217;\u00e9motion et y compris au-del\u00e0 des fronti\u00e8res. Le NPA remercie les organisations, les partis politiques et associations, les militants, les personnalit\u00e9s, les intellectuels, tous ceux et toutes celles qui nous ont fait parvenir des t\u00e9moignages de sympathie. Un hommage militant sera rendu \u00e0 Daniel Bensa\u00efd le dimanche 24 janvier, \u00e0 partir de 14h, au Palais de la Mutualit\u00e9. Le 13 janvier 2009<\/p>\n<p><strong> Hommage de Fran\u00e7ois Sabado \u00e0 Daniel Bensa\u00efd <\/strong><\/p>\n<p>DANIEL<\/p>\n<p>Daniel est parti ce mardi 12 Janvier. <\/p>\n<p>C&#8217;\u00e9tait un militant, un intellectuel, un camarade, un ami.<\/p>\n<p>N\u00e9 en 1946, Il aura mis sa vie au service de la d\u00e9fense des id\u00e9es marxistes r\u00e9volutionnaires. Il  avait \u00e9t\u00e9 un des fondateurs des JCR et  de la Ligue communiste r\u00e9volutionnaire. Animateur du mouvement de Mai 68, il  \u00e9tait de ceux qui avaient un sens tr\u00e8s s\u00fbr de l&#8217;initiative politique. Il avait \u00e9t\u00e9 un des animateurs du mouvement du 22 mars. Saisissant la dynamique des mouvements sociaux, en particulier le lien entre le  mouvement \u00e9tudiant  et la gr\u00e8ve g\u00e9n\u00e9rale ouvri\u00e8re, il \u00e9tait aussi un de ceux qui avaient  compris la n\u00e9cessit\u00e9 de construire une organisation politique, d&#8217;accumuler des forces pour la construction d&#8217;un parti r\u00e9volutionnaire.<\/p>\n<p>L&#8217;intelligence de Daniel, c&#8217;\u00e9tait d&#8217;allier  th\u00e9orie et pratique, intuition et politique, id\u00e9es et organisation.  Il pouvait, dans le m\u00eame temps, diriger un service d&#8217;ordre et  \u00e9crire une \u0153uvre th\u00e9orique.<\/p>\n<p>Ce fut un des inspirateurs  d&#8217;un combat  qui conjuguait principes, d\u00e9limitations politiques et  ouverture, rejet du sectarisme. Ses convictions politiques chevill\u00e9es au corps, Daniel \u00e9tait toujours le premier \u00e0 rechercher la discussion, \u00e0 essayer de convaincre, \u00e0 \u00e9changer les positions, et \u00e0 renouveler sa propre pens\u00e9e.<\/p>\n<p>Participant de la fin des ann\u00e9es 60 au d\u00e9but des ann\u00e9es 90 \u00e0 la direction  quotidienne de la Ligue, il avait jou\u00e9 un r\u00f4le d\u00e9cisif dans la construction d&#8217;un projet,  d&#8217;une orientation qui lie activit\u00e9 quotidienne et tension r\u00e9volutionnaire. Une bonne partie de  son travail  th\u00e9orique et politique sera centr\u00e9e  sur les questions strat\u00e9giques, sur les le\u00e7ons  historiques  des  principales exp\u00e9riences r\u00e9volutionnaires.<\/p>\n<p>Daniel \u00e9tait profond\u00e9ment internationaliste. Il aura un r\u00f4le cl\u00e9 dans la construction de la LCR espagnole, \u00e0 l&#8217;\u00e9poque du franquisme. Lors de ces ann\u00e9es, Daniel  jouera un r\u00f4le majeur au sein de la IVe Internationale, suivant  particuli\u00e8rement la situation en Am\u00e9rique latine et au Br\u00e9sil. Il contribua  beaucoup \u00e0 actualiser  notre vision du monde, \u00e0 nous pr\u00e9parer aux bouleversements historiques de la fin des ann\u00e9es 80.<\/p>\n<p>Des ann\u00e9es 90 \u00e0 nos jours, tout en poursuivant son combat politique,  il se concentra  sur la r\u00e9flexion et l&#8217;\u00e9laboration th\u00e9orique\u00a0: l&#8217;histoire des id\u00e9es politiques\u00a0; \u00ab\u00a0le capital\u00a0\u00bb de Karl Marx\u00a0; le bilan du si\u00e8cle et de ses r\u00e9volutions, dont, en premier lieu , la r\u00e9volution russe\u00a0; l&#8217;\u00e9cologie\u00a0; le f\u00e9minisme\u00a0;les identit\u00e9s\u00a0 et la question juive ;l&#8217;\u00e9laboration d&#8217;une nouvelle politique pour la gauche r\u00e9volutionnaire face  \u00e0 la globalisation capitaliste. Il suivait, r\u00e9guli\u00e8rement, les forums sociaux mondiaux du mouvement altermondialiste.<\/p>\n<p>Daniel  aura assur\u00e9  la continuit\u00e9 historique d&#8217;un marxisme r\u00e9volutionnaire ouvert, non dogmatique et  l&#8217;adaptation  aux changements de la nouvelle \u00e9poque, avec toujours pour horizon, la transformation r\u00e9volutionnaire de la soci\u00e9t\u00e9.<\/p>\n<p>Frapp\u00e9 par la maladie, il la surmontera  durant des ann\u00e9es, en  pensant, en \u00e9crivant, en travaillant ses id\u00e9es, sans refuser ni voyage, ni meeting, ni simple r\u00e9union.  Daniel s&#8217;\u00e9tait donn\u00e9 comme t\u00e2che  de v\u00e9rifier la solidit\u00e9 de nos fondations et de  les transmettre \u00e0 la jeune g\u00e9n\u00e9ration. Il le fit de tout son c\u0153ur, de toutes ses forces.  Ses interventions, \u00e0 l&#8217;institut international d&#8217;Amsterdam, dans les universit\u00e9s d&#8217;\u00e9t\u00e9 de la LCR puis du NPA ont marqu\u00e9 des centaines de camarades.  Passeur de l&#8217;exp\u00e9rience de la LCR pour le NPA, Daniel avait d\u00e9cid\u00e9 d&#8217;accompagner le lancement de notre nouvelle organisation,  en relan\u00e7ant la revue Contre temps  et  en constituant la soci\u00e9t\u00e9 \u00ab\u00a0Louise Mich\u00e8le\u00a0\u00bb, cadre de d\u00e9bat et de r\u00e9flexion de la pens\u00e9e radicale.<\/p>\n<p>Daniel, c&#8217;est tout cela. Et, en plus, il \u00e9tait sympathique, chaleureux, convivial. Il aimait la vie. Alors que nombre d&#8217;ex :de 68 ont tourn\u00e9 casaque, ont abandonn\u00e9 les id\u00e9aux de leur jeunesse, Daniel n&#8217;aura rien l\u00e2ch\u00e9, rien abandonn\u00e9. Il est l\u00e0, pr\u00e9sent\u00a0!<\/p>\n<p>Fran\u00e7ois Sabado<\/p>\n<p><strong> A lire aussi <\/strong><\/p>\n<p>Daniel Bensa\u00efd : \u00ab R\u00e9tablir une ligne de front tranch\u00e9e avec la droite et le centre \u00bb https:\/\/wp.muchomaas.com\/article\/?id=2785<\/p>\n<p>Devoir d&#8217;inventer, devoir d&#8217;inventaire https:\/\/wp.muchomaas.com\/article\/?id=3963<\/p>\n<p>Trouble dans la d\u00e9mocratie (4). Philosophe et d\u00e9mocrate ? https:\/\/wp.muchomaas.com\/article\/?id=4265<\/p>\n<p>Les id\u00e9es de la col\u00e8re https:\/\/wp.muchomaas.com\/article\/?id=4044<\/p>\n<p>NPA\/Politis. Gauche en chantier. Pierre-Fran\u00e7ois Grond: \u00ab Une g\u00e9ographie politique large \u00bb https:\/\/wp.muchomaas.com\/article\/?id=3721<\/p>\n<p>R\u00e9flexions. Pour un postcapitalisme : https:\/\/wp.muchomaas.com\/article\/?id=4416<\/p>\n","protected":false},"excerpt":{"rendered":"<p>Daniel Bensa\u00efd est mort hier, 12 janvier 2010. Avant de pouvoir revenir plus longuement sur les \u00e9crits du th\u00e9oricien de la LCR et du NPA, vous trouverez ci-dessous un communiqu\u00e9 et un hommage de son parti, ainsi que des liens vers d&#8217;anciennes contributions publi\u00e9es dans Regards . Communiqu\u00e9 du Nouveau Parti Anticapitaliste. Hommage \u00e0 Daniel [&hellip;]<\/p>\n","protected":false},"author":527,"featured_media":0,"comment_status":"open","ping_status":"open","sticky":false,"template":"","format":"standard","meta":{"_themeisle_gutenberg_block_has_review":false,"footnotes":""},"categories":[141],"tags":[295],"class_list":["post-4472","post","type-post","status-publish","format-standard","hentry","category-archives-web","tag-nupes"],"_links":{"self":[{"href":"https:\/\/archives.regards.fr\/index.php?rest_route=\/wp\/v2\/posts\/4472","targetHints":{"allow":["GET"]}}],"collection":[{"href":"https:\/\/archives.regards.fr\/index.php?rest_route=\/wp\/v2\/posts"}],"about":[{"href":"https:\/\/archives.regards.fr\/index.php?rest_route=\/wp\/v2\/types\/post"}],"author":[{"embeddable":true,"href":"https:\/\/archives.regards.fr\/index.php?rest_route=\/wp\/v2\/users\/527"}],"replies":[{"embeddable":true,"href":"https:\/\/archives.regards.fr\/index.php?rest_route=%2Fwp%2Fv2%2Fcomments&post=4472"}],"version-history":[{"count":0,"href":"https:\/\/archives.regards.fr\/index.php?rest_route=\/wp\/v2\/posts\/4472\/revisions"}],"wp:attachment":[{"href":"https:\/\/archives.regards.fr\/index.php?rest_route=%2Fwp%2Fv2%2Fmedia&parent=4472"}],"wp:term":[{"taxonomy":"category","embeddable":true,"href":"https:\/\/archives.regards.fr\/index.php?rest_route=%2Fwp%2Fv2%2Fcategories&post=4472"},{"taxonomy":"post_tag","embeddable":true,"href":"https:\/\/archives.regards.fr\/index.php?rest_route=%2Fwp%2Fv2%2Ftags&post=4472"}],"curies":[{"name":"wp","href":"https:\/\/api.w.org\/{rel}","templated":true}]}}