{"id":4454,"date":"2009-12-23T00:00:00","date_gmt":"2009-12-22T23:00:00","guid":{"rendered":"https:\/\/wp.muchomaas.com\/8-films-entretiens-sur-le-travail4454\/"},"modified":"2009-12-23T00:00:00","modified_gmt":"2009-12-22T23:00:00","slug":"8-films-entretiens-sur-le-travail4454","status":"publish","type":"post","link":"https:\/\/archives.regards.fr\/?p=4454","title":{"rendered":"8 films-entretiens sur le travail et les luttes sociales"},"content":{"rendered":"<p>La Bande Passante pr\u00e9sente 8 films-entretiens sur le travail et les luttes sociales<\/p>\n<p>R\u00e9alis\u00e9s par Thomas Lacoste<\/p>\n<p>Avec Etienne Balibar, Robert Castel, Patrice de Charette,<\/p>\n<p>Christophe Dejours, Charles Piaget et Renaud Van Ruymbeke<\/p>\n<p>Visionnez les entretiens et soutenez l&#8217;initiative sur http:\/\/www.labandepassante.org\/travail-et-luttes.php<\/p>\n<p>La valeur travail : on se souvient que lors de la derni\u00e8re campagne pr\u00e9sidentielle, S\u00e9gol\u00e8ne Royal et Nicolas Sarkozy n&#8217;avaient de cesse de s&#8217;y r\u00e9f\u00e9rer. Elu pr\u00e9sident, Sarkozy ne parle d\u00e9sormais plus du travail, dans un contexte pourtant marqu\u00e9 par la crise financi\u00e8re et ses effets d\u00e9l\u00e9t\u00e8res sur l&#8217;emploi : licenciements massifs, mobilit\u00e9 forc\u00e9e, etc.<\/p>\n<p>Les entretiens r\u00e9unis par La Bande Passante reviennent sur ce qui est bien \u00ab la \u00bb question sociale, aujourd&#8217;hui comme hier : le travail. Cette s\u00e9rie d&#8217;entretiens croise les regards du philosophe, du sociologue, du psychologue, du juriste, du syndicaliste sur la centralit\u00e9 du travail, la souffrance qu&#8217;elle g\u00e9n\u00e8re aussi (Christophe Dejours), l&#8217;installation d&#8217;une partie croissante des travailleurs dans le pr\u00e9cariat (Robert Castel), les mobilisations pass\u00e9es autour du travail (Etienne Balibar sur 68, Charles Piaget sur LIP) qui permettent aussi de penser les r\u00e9voltes pr\u00e9sentes, les tentatives du pouvoir pour corseter l&#8217;action des juges en mati\u00e8re de droit du travail (Patrice de Charette) ou de lutte contre la corruption financi\u00e8re (Renaud Van Ruymbeke). Une p\u00e9dagogie du travail, des films d&#8217;intervention aussi.<\/p>\n<p>Penser le travail, une urgence politique &#8211; Christophe Dejours, (45&#8217;28, DVD, LBP\/Mouvements, 2007, 12?, incluant La centralit\u00e9 du travail 10&#8217;22)<\/p>\n<p>La soci\u00e9t\u00e9 du pr\u00e9cariat &#8211; Robert Castel, (27&#8217;21, DVD, LBP\/Mouvements, 2007, 12?, incluant La question sociale 17&#8217;14)<\/p>\n<p>L&#8217;\u00e9branlement 68 &#8211; Vers une universalit\u00e9 \u00e9mancipatrice &#8211; Etienne Balibar , (63&#8217;26, DVD, LBP, 2009, 12?, incluant Le surgissement du Syndicat de la magistrature 9&#8217;22)<\/p>\n<p>LIP, une \u00e9cole de la lutte \u00e0 l&#8217;usage des jeunes g\u00e9n\u00e9rations &#8211; Charles Piaget, (131&#8242;, DVD, LBP, 2009, 12?)<\/p>\n<p>Le droit du travail en France &#8211; Un rapport de force &#8211; Patrice de Charette, (27&#8217;50, DVD, LBP, 2009, 12?, incluant L&#8217;Affaire de Charrette par lui-m\u00eame 9&#8242;)<\/p>\n<p>Corruption et criminalit\u00e9 \u00e9conomique et financi\u00e8re &#8211; Un juge face aux puissants &#8211; Renaud Van Ruymbeke<\/p>\n<p>(42&#8242;, DVD, LBP, 2009, 12?, incluant Le Syndicat de la magistrature et la corruption financi\u00e8re 4&#8242;)<\/p>\n<p>Soutenez et achetez les DVD 12 ? (frais de port inclus) par paiement en ligne sur le site http:\/\/www.labandepassante.org\/lbp_dvdlist.php ou par ch\u00e8que \u00e0 l&#8217;ordre de L&#8217;Autre association, 3, rue des Petites Ecuries, F-75010 Paris.<\/p>\n<p>Nous vous invitons \u00e0 faire conna\u00eetre, circuler et projeter les films de La Bande Passante. Ces films peuvent \u00eatre repris sur les sites, blog, etc. Nous vous demandons cependant une seule mention obligatoire :<\/p>\n<p>&#8220;Pour soutenir cette initiative et les prochains films, vous pouvez acheter les DVD 12? (frais de port inclus) par paiement en ligne sur le site http:\/\/www.labandepassante.org\/lbp_dvdlist.php ou par ch\u00e8que \u00e0 l&#8217;ordre de L&#8217;Autre association, 3 rue des Petites Ecuries, F-75010 Paris. Merci de nous informer de toutes initiatives publiques afin que nous relayons l&#8217;information sur nos diff\u00e9rents sites.&#8221;<\/p>\n<p>Pour toute demande d&#8217;information : info@labandepassante.org<\/p>\n<p>La Bande Passante : www.labandepassante.org <\/p>\n<p>Le Passant Ordinaire. Editions du Passant : www.passant-ordinaire.com <\/p>\n<p>L&#8217;Autre Campagne : www.lautrecampagne.org<\/p>\n","protected":false},"excerpt":{"rendered":"<p>La Bande Passante pr\u00e9sente 8 films-entretiens sur le travail et les luttes sociales R\u00e9alis\u00e9s par Thomas Lacoste Avec Etienne Balibar, Robert Castel, Patrice de Charette, Christophe Dejours, Charles Piaget et Renaud Van Ruymbeke Visionnez les entretiens et soutenez l&#8217;initiative sur http:\/\/www.labandepassante.org\/travail-et-luttes.php La valeur travail : on se souvient que lors de la derni\u00e8re campagne pr\u00e9sidentielle, [&hellip;]<\/p>\n","protected":false},"author":1,"featured_media":0,"comment_status":"open","ping_status":"open","sticky":false,"template":"","format":"standard","meta":{"_themeisle_gutenberg_block_has_review":false,"footnotes":""},"categories":[141],"tags":[287],"class_list":["post-4454","post","type-post","status-publish","format-standard","hentry","category-archives-web","tag-medias"],"_links":{"self":[{"href":"https:\/\/archives.regards.fr\/index.php?rest_route=\/wp\/v2\/posts\/4454","targetHints":{"allow":["GET"]}}],"collection":[{"href":"https:\/\/archives.regards.fr\/index.php?rest_route=\/wp\/v2\/posts"}],"about":[{"href":"https:\/\/archives.regards.fr\/index.php?rest_route=\/wp\/v2\/types\/post"}],"author":[{"embeddable":true,"href":"https:\/\/archives.regards.fr\/index.php?rest_route=\/wp\/v2\/users\/1"}],"replies":[{"embeddable":true,"href":"https:\/\/archives.regards.fr\/index.php?rest_route=%2Fwp%2Fv2%2Fcomments&post=4454"}],"version-history":[{"count":0,"href":"https:\/\/archives.regards.fr\/index.php?rest_route=\/wp\/v2\/posts\/4454\/revisions"}],"wp:attachment":[{"href":"https:\/\/archives.regards.fr\/index.php?rest_route=%2Fwp%2Fv2%2Fmedia&parent=4454"}],"wp:term":[{"taxonomy":"category","embeddable":true,"href":"https:\/\/archives.regards.fr\/index.php?rest_route=%2Fwp%2Fv2%2Fcategories&post=4454"},{"taxonomy":"post_tag","embeddable":true,"href":"https:\/\/archives.regards.fr\/index.php?rest_route=%2Fwp%2Fv2%2Ftags&post=4454"}],"curies":[{"name":"wp","href":"https:\/\/api.w.org\/{rel}","templated":true}]}}