{"id":4441,"date":"2009-12-01T00:00:00","date_gmt":"2009-11-30T23:00:00","guid":{"rendered":"https:\/\/wp.muchomaas.com\/web-m-a-tuer4441\/"},"modified":"2009-12-01T00:00:00","modified_gmt":"2009-11-30T23:00:00","slug":"web-m-a-tuer4441","status":"publish","type":"post","link":"https:\/\/archives.regards.fr\/?p=4441","title":{"rendered":"Web m&#8217;a tuer !"},"content":{"rendered":"<p class=\"post_excerpt\"> Est-ce la naissance d&#8217;un pr\u00e9c\u00e9dent \u00ab Jean Sarkozy \u00bb ? <\/p>\n<p> Car parmi toutes les causes qui furent avanc\u00e9es pour expliquer le retrait de sa candidature et, apr\u00e8s deux semaines de temp\u00eates, la capitulation provisoire de l&#8217;Elys\u00e9e, l&#8217;impact d&#8217;Internet apparut souvent comme LE facteur d\u00e9terminant, surtout dans le choix du rejeton de Neuilly.<\/p>\n<p>En effet, nul besoin de rappeler trop lourdement ici le m\u00e9pris de Nicolas Sarkozy pour l&#8217;opposition et son sentiment qu&#8217;au final seule compte la \u00ab volont\u00e9 du peuple \u00bb, celle qui s&#8217;exprime dans les urnes et dans les audiences du 13 heures de TF1. La victoire surr\u00e9aliste dans les Yvelines de David Douillet, certes avec une participation tr\u00e8s faible, avait offert l&#8217;opportunit\u00e9 au pr\u00e9sident de la R\u00e9publique de r\u00e9affirmer sa certitude que le pays \u00ab r\u00e9el \u00bb (un ancien (?) facho comme Patrice Buisson, proche conseiller, a d\u00fb l&#8217;initier \u00e0 ce concept maurrassien) ne partage pas les obsessions de la bulle m\u00e9diatico-parisianiste (bien s\u00fbr de gauche, la bonne blague !). Seulement, la perception des affaires Fr\u00e9d\u00e9ric Mitterrand et de la candidature de Jean Sarkozy \u00e0 l&#8217;Epad (Etablissement public d&#8217;am\u00e9nagement de La D\u00e9fense) s&#8217;av\u00e9ra profond\u00e9ment divergente. Si globalement l&#8217;opinion resta assez indiff\u00e9rente aux affres du ministre de la Culture, hormis les milieux concern\u00e9s et l&#8217;extr\u00eame droite, en revanche, la pol\u00e9mique autour du fiston ne cessa de gonfler, certes dans la presse traditionnelle, mais surtout sur le net. Et loin de n&#8217;agiter qu&#8217;une poign\u00e9e de forums ou blogs militants, ce fut l&#8217;ensemble des divers r\u00e9seaux sociaux, de facebook en passant par les sites de partage vid\u00e9os comme Dailymotion, qui entra dans la danse. Une inflation d\u00e9ferlante et virale sous la forme d&#8217;un sourire sarcastique, reprenant tous les codes de la culture web 2.0 et des r\u00e9f\u00e9rences Geek. Le pire demeura que ces parodies, groupes et compagnie, se concentr\u00e8rent en puissance dans une destruction syst\u00e9matique de la ligne de d\u00e9fense de l&#8217;int\u00e9ress\u00e9, d\u00e9truisant sur le fond, la forme et massivement son argumentaire. La r\u00e9action \u00e9pidermique de cette g\u00e9n\u00e9ration du tout Internet (voir sur Twitter ceux qui postaient depuis leur t\u00e9l\u00e9phone) ridiculisa continuellement et sans faiblir l&#8217;ent\u00eatement du fils. Voici peut-\u00eatre ce qu&#8217;ont fini par comprendre Nicolas et Jean. Le web a donc montr\u00e9 qu&#8217;il pouvait constituer un \u00e9cueil p\u00e9rilleux pour la m\u00e9thode sarkozyste : ignorer les corps interm\u00e9diaires (m\u00e9dias, \u00e9lus, partis, syndicats,..) pour s&#8217;adresser directement au peuple. Ce dernier avait pris les devant cette fois-ci. Si on peut s&#8217;en r\u00e9jouir, notons que la configuration et le timing de cet \u00e9pisode t\u00e9moignent aussi de la faiblesse des forces organis\u00e9es : au sens large : d&#8217;opposition dans notre pays, qui n&#8217;ont su r\u00e9tablir la balance en leur faveur et qui, pas plus que le clan Sarkozy, n&#8217;ont r\u00e9ussi \u00e0 utiliser le net \u00e0 leur profit. Rien n&#8217;emp\u00eachera ensuite d&#8217;autres campagnes, beaucoup moins sympathiques, de se d\u00e9velopper avec autant de f\u00e9rocit\u00e9 faute de contre-pouvoirs pour r\u00e9guler le rapport des forces. Far West, le net ne l&#8217;est certainement pas. Mais un espace structur\u00e9 du d\u00e9bat public, encore moins. <\/p>\n<p><strong> Vous regarderez <\/strong><\/p>\n<p>La fin sur M6 de la s\u00e9rie Sons of anarchy, ou l&#8217;histoire shakespearienne d&#8217;un gang de motards dans l&#8217;Am\u00e9rique profonde o\u00f9 r\u00e8gne le culte des flingues et des grosses motos\/ Les \u00ab bonus \u00bb cin\u00e9ma de Guillaume Gallienne, en clair dans le Grand Journal de Canal+ vers 20 h 20 (qui viennent de sortir partiellement en DVD), et profitez-en pour aller voir son one-man show (\u00ab Les gar\u00e7ons et Guillaume, \u00e0 table \u00bb) \u00e0 l&#8217;Ath\u00e9n\u00e9e, sur la brouille des identit\u00e9s sexuelles. n<\/p>\n<p><strong> Alternatv <\/strong><\/p>\n<p>Le Parti communiste fran\u00e7ais vient de lancer sa tv participative sur le web. Avec la volont\u00e9 de ne point la r\u00e9duire <\/p>\n<p>\u00e0 une courroie de transmission du discours officiel du PC ou de ses dirigeants, mais de construire un authentique m\u00e9dia citoyen ouvert sur tous les d\u00e9bats de soci\u00e9t\u00e9 et politiques. Bonne chance. http:\/\/www.alternatv.fr<\/p>\n<p><strong> M. <\/strong> <\/p>\n<p>Paru dans<em> Regards <\/em> n\u00b067, d\u00e9cembre 2009<\/p>\n","protected":false},"excerpt":{"rendered":"<p> Est-ce la naissance d&#8217;un pr\u00e9c\u00e9dent \u00ab Jean Sarkozy \u00bb ? <\/p>\n","protected":false},"author":579,"featured_media":0,"comment_status":"open","ping_status":"open","sticky":false,"template":"","format":"standard","meta":{"_themeisle_gutenberg_block_has_review":false,"footnotes":""},"categories":[141],"tags":[287],"class_list":["post-4441","post","type-post","status-publish","format-standard","hentry","category-archives-web","tag-medias"],"_links":{"self":[{"href":"https:\/\/archives.regards.fr\/index.php?rest_route=\/wp\/v2\/posts\/4441","targetHints":{"allow":["GET"]}}],"collection":[{"href":"https:\/\/archives.regards.fr\/index.php?rest_route=\/wp\/v2\/posts"}],"about":[{"href":"https:\/\/archives.regards.fr\/index.php?rest_route=\/wp\/v2\/types\/post"}],"author":[{"embeddable":true,"href":"https:\/\/archives.regards.fr\/index.php?rest_route=\/wp\/v2\/users\/579"}],"replies":[{"embeddable":true,"href":"https:\/\/archives.regards.fr\/index.php?rest_route=%2Fwp%2Fv2%2Fcomments&post=4441"}],"version-history":[{"count":0,"href":"https:\/\/archives.regards.fr\/index.php?rest_route=\/wp\/v2\/posts\/4441\/revisions"}],"wp:attachment":[{"href":"https:\/\/archives.regards.fr\/index.php?rest_route=%2Fwp%2Fv2%2Fmedia&parent=4441"}],"wp:term":[{"taxonomy":"category","embeddable":true,"href":"https:\/\/archives.regards.fr\/index.php?rest_route=%2Fwp%2Fv2%2Fcategories&post=4441"},{"taxonomy":"post_tag","embeddable":true,"href":"https:\/\/archives.regards.fr\/index.php?rest_route=%2Fwp%2Fv2%2Ftags&post=4441"}],"curies":[{"name":"wp","href":"https:\/\/api.w.org\/{rel}","templated":true}]}}