{"id":4437,"date":"2007-03-01T00:00:00","date_gmt":"2007-02-28T23:00:00","guid":{"rendered":"https:\/\/wp.muchomaas.com\/fn-le-casse-tete-des-medias4437\/"},"modified":"2007-03-01T00:00:00","modified_gmt":"2007-02-28T23:00:00","slug":"fn-le-casse-tete-des-medias4437","status":"publish","type":"post","link":"https:\/\/archives.regards.fr\/?p=4437","title":{"rendered":"FN, le casse-t\u00eate des m\u00e9dias"},"content":{"rendered":"<p>Les m\u00e9dias ont-ils une responsabilit\u00e9 dans la mont\u00e9e de Jean-Marie Le Pen et de son parti? Pour un journaliste, couvrir le FN n&#8217;est pas de tout repos. M\u00eame si l&#8217;extr\u00eame droite n&#8217;a pas le monopole de l&#8217;agressivit\u00e9 \u00e0 l&#8217;encontre des m\u00e9dias, il existe un certain passif entre le FN et les journalistes. Dans les ann\u00e9es 1980, un tract circulait dans les meetings, invitant les lecteurs \u00e0 gifler les journalistes.<\/p>\n<p>C&#8217;est souvent le dernier arriv\u00e9 dans la r\u00e9daction qui r\u00e9cup\u00e8re le dossier FN,<em> \u00abquand ce n&#8217;est pas quelqu&#8217;un qu&#8217;on cherche \u00e0 placardiser\u00bb <\/em> selon le politologue Jean-Yves Camus.<\/p>\n<p>Une fois sur le terrain, le journaliste doit faire face \u00e0 la tension et au climat de violence qui r\u00e8gne autour des meetings.<em> \u00abA Dreux, en 1984, on n&#8217;\u00e9tait pas nombreux \u00e0 venir assister aux r\u00e9unions du FN, qui se terminaient souvent \u00e0 la barre de fer\u00bb <\/em>, se souvient Arlette Chabot, directrice de l&#8217;information sur France 2. Les temps ont chang\u00e9, mais la tension autour des r\u00e9unions est toujours pr\u00e9sente. Il faut g\u00e9rer de mani\u00e8re plus frontale l&#8217;hostilit\u00e9 des militants et sympathisants frontistes, imitant en cela leur chef, vis-\u00e0-vis des journalistes. Fr\u00e9quemment le service d&#8217;ordre du FN accompagne les \u00e9quipe de t\u00e9l\u00e9, \u00e0 la fois pour les prot\u00e9ger mais \u00e9galement pour contr\u00f4ler et surveiller leur travail.<\/p>\n<p>Y a-t-il une bonne attitude \u00e0 adopter face au FN et \u00e0 son chef?<em> \u00abLe journaliste doit poser les questions \u00e0 Jean-Marie Le Pen comme \u00e0 un autre homme politique, sans \u00eatre agressif <\/em>, r\u00e9pond Arlette Chabot.<em> Il faut poser des questions sur son programme et pas uniquement sur ses th\u00e8mes de pr\u00e9dilection, ce qui n&#8217;a pas toujours \u00e9t\u00e9 fait.\u00bb  <\/em> Depuis la perc\u00e9e \u00e9lectorale du FN \u00e0 Dreux en 1984, l&#8217;attitude des m\u00e9dias a souvent vari\u00e9: boycott complet des conf\u00e9rences de presse et manifestations apr\u00e8s Carpentras, reportages \u00e0 charge dans les ann\u00e9es 1990 (Le Vrai Journal de Karl Z\u00e9ro sur Canal +) ou suivi et traitement quasi quotidien de la vie du FN (Micha\u00ebl Darmon pour France 2 entre 1995 et1998). C&#8217;est dans les ann\u00e9es 1990 que le FN conna\u00eet son apog\u00e9e m\u00e9diatique, avec en particulier l&#8217;\u00e9mission Envoy\u00e9 sp\u00e9cial, qui lui consacre alors de nombreux reportages. Pour Arlette Chabot, ces \u00e9missions<em> \u00ab\u00e9taient n\u00e9cessaires pour d\u00e9crypter les mots et les id\u00e9es du FN. Aujourd&#8217;hui on n&#8217;a plus besoin de ces \u00e9missions\u00bb <\/em>.<\/p>\n<p>Mais l&#8217;id\u00e9e selon laquelle ces reportages auraient pu rendre service au parti de Jean-Marie Le Pen reste vivace. L&#8217;argument reste \u00e0 d\u00e9montrer. D&#8217;autant plus que les probl\u00e8mes du FN (menaces de dissolution du service d&#8217;ordre, in\u00e9ligibilit\u00e9 de Le Pen) qui ont entra\u00een\u00e9 la scission de 1998 sont bien souvent n\u00e9s des images tourn\u00e9es par Micha\u00ebl Darmon de France 2. En 2002, une fois pass\u00e9e la surprise de la pr\u00e9sence Le Pen au second tour, la responsabilit\u00e9 des m\u00e9dias a de nouveau \u00e9t\u00e9 \u00e9voqu\u00e9e. Cependant, ce n&#8217;\u00e9tait pas la surm\u00e9diatisation qui \u00e9tait en cause cette fois-ci, mais le traitement m\u00e9diatique de \u00abl&#8217;ins\u00e9curit\u00e9\u00bb, qui aurait profit\u00e9 au FN. La profession r\u00e9fute cette analyse. J\u00e9r\u00f4me Bureau, directeur de l&#8217;information sur M6, insiste sur le fait que<em> \u00ables m\u00e9dias ne cr\u00e9ent jamais rien et sont tout au plus un miroir d\u00e9formant de la r\u00e9alit\u00e9\u00bb <\/em>. Arlette Chabot affirme qu<em> \u00aben 2002, l&#8217;ins\u00e9curit\u00e9 \u00e9tait r\u00e9ellement v\u00e9cue par la population. Le Pen n&#8217;a pas prosp\u00e9r\u00e9 gr\u00e2ce \u00e0 la m\u00e9diatisation de l&#8217;ins\u00e9curit\u00e9, mais sur le malaise des gens et par le manque de r\u00e9action des politiques. La meilleure preuve que les m\u00e9dias n&#8217;y sont pour rien dans le succ\u00e8s de l&#8217;extr\u00eame droite, c&#8217;est qu&#8217;en Europe elle progresse partout\u00bb <\/em>.<\/p>\n<p>Les relations entre les journalistes et le FN semblent en partie s&#8217;\u00eatre normalis\u00e9es, surtout depuis l&#8217;av\u00e8nement de Marine Le Pen, qui est, selon Jean-Yves Camus<em> \u00abune bonne cliente m\u00e9diatique. Les journalistes sont sans doute ravis d&#8217;avoir \u00e0 faire \u00e0 elle plut\u00f4t qu&#8217;\u00e0 son p\u00e8re ou \u00e0 Gollnisch\u00bb <\/em>.<\/p>\n<p>Aujourd&#8217;hui, la couverture du parti d&#8217;extr\u00eame droite se r\u00e9sume le plus souvent au minimum syndical, dans le respect<em> \u00abde la place que m\u00e9rite sa force politique\u00bb <\/em> selon les termes de J\u00e9r\u00f4me Bureau. Plus personne ne songe \u00e0 exclure du d\u00e9bat m\u00e9diatique aujourd&#8217;hui un parti qui repr\u00e9sente 5 millions d&#8217;\u00e9lecteurs.  <strong> Y.F. <\/strong><\/p>\n<p>Paru dans<em> Regards <\/em> n\u00b038, mars 2007<\/p>\n","protected":false},"excerpt":{"rendered":"<p>Les m\u00e9dias ont-ils une responsabilit\u00e9 dans la mont\u00e9e de Jean-Marie Le Pen et de son parti? Pour un journaliste, couvrir le FN n&#8217;est pas de tout repos. M\u00eame si l&#8217;extr\u00eame droite n&#8217;a pas le monopole de l&#8217;agressivit\u00e9 \u00e0 l&#8217;encontre des m\u00e9dias, il existe un certain passif entre le FN et les journalistes. Dans les ann\u00e9es [&hellip;]<\/p>\n","protected":false},"author":1,"featured_media":0,"comment_status":"open","ping_status":"open","sticky":false,"template":"","format":"standard","meta":{"_themeisle_gutenberg_block_has_review":false,"footnotes":""},"categories":[141],"tags":[290],"class_list":["post-4437","post","type-post","status-publish","format-standard","hentry","category-archives-web","tag-elections"],"_links":{"self":[{"href":"https:\/\/archives.regards.fr\/index.php?rest_route=\/wp\/v2\/posts\/4437","targetHints":{"allow":["GET"]}}],"collection":[{"href":"https:\/\/archives.regards.fr\/index.php?rest_route=\/wp\/v2\/posts"}],"about":[{"href":"https:\/\/archives.regards.fr\/index.php?rest_route=\/wp\/v2\/types\/post"}],"author":[{"embeddable":true,"href":"https:\/\/archives.regards.fr\/index.php?rest_route=\/wp\/v2\/users\/1"}],"replies":[{"embeddable":true,"href":"https:\/\/archives.regards.fr\/index.php?rest_route=%2Fwp%2Fv2%2Fcomments&post=4437"}],"version-history":[{"count":0,"href":"https:\/\/archives.regards.fr\/index.php?rest_route=\/wp\/v2\/posts\/4437\/revisions"}],"wp:attachment":[{"href":"https:\/\/archives.regards.fr\/index.php?rest_route=%2Fwp%2Fv2%2Fmedia&parent=4437"}],"wp:term":[{"taxonomy":"category","embeddable":true,"href":"https:\/\/archives.regards.fr\/index.php?rest_route=%2Fwp%2Fv2%2Fcategories&post=4437"},{"taxonomy":"post_tag","embeddable":true,"href":"https:\/\/archives.regards.fr\/index.php?rest_route=%2Fwp%2Fv2%2Ftags&post=4437"}],"curies":[{"name":"wp","href":"https:\/\/api.w.org\/{rel}","templated":true}]}}