{"id":4435,"date":"2007-03-01T00:00:00","date_gmt":"2007-02-28T23:00:00","guid":{"rendered":"https:\/\/wp.muchomaas.com\/anti-fn-en-ordre-disperse4435\/"},"modified":"2007-03-01T00:00:00","modified_gmt":"2007-02-28T23:00:00","slug":"anti-fn-en-ordre-disperse4435","status":"publish","type":"post","link":"https:\/\/archives.regards.fr\/?p=4435","title":{"rendered":"Anti-FN, en ordre dispers\u00e9"},"content":{"rendered":"<p>Si la mobilisation contre le Front national a connu ses belles heures dans les ann\u00e9es 1990, elle peine aujourd&#8217;hui \u00e0 trouver un second souffle. De la multitude d&#8217;associations et de collectifs anti-FN de ces ann\u00e9es-l\u00e0, comme le Manifeste contre le Front national de Jean-Christophe Cambad\u00e9lis (PS) ou les Comit\u00e9s de vigilance contre l&#8217;extr\u00eame droite de la Ligue des droits de l&#8217;Homme, peu sont encore actifs. Ras l&#8217;front (1), par exemple, revendique aujourd&#8217;hui 40 collectifs contre 150 il y a quinze ans. Quant au Scalp (2), s&#8217;il continue aujourd&#8217;hui \u00e0<em> \u00abcoller\u00bb <\/em> et organiser des rassemblements contre le FN, c&#8217;est en effectif diminu\u00e9.<\/p>\n<p>Cette mouvance a connu son heure de gloire entre 1990 et 1998. Pour Paul, militant au Scalp,<em> \u00able mouvement anti-FN de l&#8217;\u00e9poque \u00e9tait plus simple parce que plus moral que politique\u00bb <\/em>. Le bilan est le m\u00eame \u00e0 Ras l&#8217;front. Une de ses militantes, Aur\u00e9lie, se souvient que<em> \u00absi les manifestations rassemblaient du monde, c&#8217;\u00e9tait souvent li\u00e9 \u00e0 un drame qui avait marqu\u00e9: la profanation du cimeti\u00e8re de Carpentras, des meurtres (3) commis par des membres du FN\u00bb <\/em>.<\/p>\n<p>La mouvance anti-FN conna\u00eet un premier coup d&#8217;arr\u00eat avec la scission du Front national en 1998. La plupart des m\u00e9dias mais aussi des sp\u00e9cialistes de l&#8217;\u00e9poque pensent alors que le parti de Jean-Marie Le Pen va dispara\u00eetre. Ce constat entra\u00eene d&#8217;abord le d\u00e9sengagement de plusieurs structures politiques de la lutte.<em> \u00abC&#8217;est la p\u00e9riode que choisit la LCR pour se d\u00e9sinvestir de Ras l&#8217;Front\u00bb <\/em>, confirme Aur\u00e9lie. Bien que les mouvements anti-FN aient du mal \u00e0 chiffrer cette baisse, il semble \u00e9vident pour Aur\u00e9lie que de nombreux militants ont analys\u00e9<em> \u00abla scission du FN comme une victoire et que la bataille \u00e9tait gagn\u00e9e\u00bb <\/em>. Pour Paul, si le mouvement anti-FN post-1998 semble moins r\u00e9actif et massif que par le pass\u00e9, c&#8217;est que<em> \u00abla vivacit\u00e9 des initiatives des ann\u00e9es 1980-1990 reposait en partie sur la pr\u00e9sence des forces militantes issues des ann\u00e9es 1970\u00bb <\/em>.<\/p>\n<p>De son c\u00f4t\u00e9, Jean-Yves Camus, politologue sp\u00e9cialiste de l&#8217;extr\u00eame droite, voit plusieurs raisons au lent d\u00e9clin des forces anti-FN:<em> \u00abLe d\u00e9couragement a sans doute gagn\u00e9 les gens. Voir tout ce qui avait \u00e9t\u00e9 fait contre le FN depuis quinze ans et constater sa pr\u00e9sence au second tour en 2002 a sans doute marqu\u00e9 les esprits. L&#8217;\u00e9clatement du camp antiraciste depuis 2001 sur les questions de l&#8217;islamophobie et de l&#8217;antis\u00e9mitisme a sans doute port\u00e9 pr\u00e9judice \u00e0 la lutte anti-FN.\u00bb  <\/em> Autre \u00e9l\u00e9ment explicatif, le paysage militant a chang\u00e9:<em> \u00abl&#8217;\u00e9closion du mouvement \u00abalter\u00bba sans doute pris pas mal de force aux anti-FN\u00bb <\/em>, avance Jean-Yves Camus. Analyse similaire pour Paul:<em> \u00abLes gens vont l\u00e0 o\u00f9 \u00e7a bouge. La mobilisation pour les sans-papiers et puis le mouvement contre la pr\u00e9carit\u00e9 a su f\u00e9d\u00e9rer. On a vu pas mal de militants de la LCR et de Ras l&#8217;Front aller \u00e0 Attac.\u00bb  <\/em><\/p>\n<p>Face \u00e0 cette dispersion des troupes, les anti-FN tentent de rassembler leurs forces en diffusant un texte,<em> \u00abl&#8217;appel de Saint-Denis\u00bb <\/em>, pour redonner le dynamisme perdu \u00e0 leur lutte. <strong> Y.F. et R.D. <\/strong><\/p>\n<p>[[1. Ras l&#8217;Front est n\u00e9 suite \u00e0 l&#8217;Appel des 250, en 1990, lanc\u00e9 par Gilles Perrault.<br \/>\n]][[2. Scalp: Section carr\u00e9ment anti-Le Pen, n\u00e9e en 1984, issue des milieux autonomes et libertaires. Aujourdhui les sections Scalp font partie du r\u00e9seau No Pasaran.<br \/>\n]][[3. Ainsi, celui de Brahim Bouarram, jet\u00e9 dans la Seine par des skinheads, en marge du d\u00e9fil\u00e9 du FN le 1er mai 1995. Quelques semaines plus t\u00f4t, trois colleurs d&#8217;affiches du FN avaient tu\u00e9 un jeune gar\u00e7on d&#8217;origine comorienne \u00e0 Marseille.<br \/>\n]]Paru dans<em> Regards <\/em> n\u00b038, mars 2007<\/p>\n<p>Lire aussi : https:\/\/wp.muchomaas.com\/article\/?id=2767<\/p>\n","protected":false},"excerpt":{"rendered":"<p>Si la mobilisation contre le Front national a connu ses belles heures dans les ann\u00e9es 1990, elle peine aujourd&#8217;hui \u00e0 trouver un second souffle. De la multitude d&#8217;associations et de collectifs anti-FN de ces ann\u00e9es-l\u00e0, comme le Manifeste contre le Front national de Jean-Christophe Cambad\u00e9lis (PS) ou les Comit\u00e9s de vigilance contre l&#8217;extr\u00eame droite de [&hellip;]<\/p>\n","protected":false},"author":569,"featured_media":0,"comment_status":"open","ping_status":"open","sticky":false,"template":"","format":"standard","meta":{"_themeisle_gutenberg_block_has_review":false,"footnotes":""},"categories":[141],"tags":[290],"class_list":["post-4435","post","type-post","status-publish","format-standard","hentry","category-archives-web","tag-elections"],"_links":{"self":[{"href":"https:\/\/archives.regards.fr\/index.php?rest_route=\/wp\/v2\/posts\/4435","targetHints":{"allow":["GET"]}}],"collection":[{"href":"https:\/\/archives.regards.fr\/index.php?rest_route=\/wp\/v2\/posts"}],"about":[{"href":"https:\/\/archives.regards.fr\/index.php?rest_route=\/wp\/v2\/types\/post"}],"author":[{"embeddable":true,"href":"https:\/\/archives.regards.fr\/index.php?rest_route=\/wp\/v2\/users\/569"}],"replies":[{"embeddable":true,"href":"https:\/\/archives.regards.fr\/index.php?rest_route=%2Fwp%2Fv2%2Fcomments&post=4435"}],"version-history":[{"count":0,"href":"https:\/\/archives.regards.fr\/index.php?rest_route=\/wp\/v2\/posts\/4435\/revisions"}],"wp:attachment":[{"href":"https:\/\/archives.regards.fr\/index.php?rest_route=%2Fwp%2Fv2%2Fmedia&parent=4435"}],"wp:term":[{"taxonomy":"category","embeddable":true,"href":"https:\/\/archives.regards.fr\/index.php?rest_route=%2Fwp%2Fv2%2Fcategories&post=4435"},{"taxonomy":"post_tag","embeddable":true,"href":"https:\/\/archives.regards.fr\/index.php?rest_route=%2Fwp%2Fv2%2Ftags&post=4435"}],"curies":[{"name":"wp","href":"https:\/\/api.w.org\/{rel}","templated":true}]}}