{"id":4422,"date":"2009-12-01T00:00:00","date_gmt":"2009-11-30T23:00:00","guid":{"rendered":"https:\/\/wp.muchomaas.com\/npa-pg-europe-ecologie-le-parti4422\/"},"modified":"2009-12-01T00:00:00","modified_gmt":"2009-11-30T23:00:00","slug":"npa-pg-europe-ecologie-le-parti4422","status":"publish","type":"post","link":"https:\/\/archives.regards.fr\/?p=4422","title":{"rendered":"NPA, PG, Europe \u00c9cologie&#8230; Le parti des quartiers (3)"},"content":{"rendered":"<p class=\"post_excerpt\"> Le dernier Forum social des quartiers populaires rassemblant des militants associatifs d&#8217;horizons divers, a act\u00e9 le lancement d&#8217;un Mouvement politique des quartiers et de l&#8217;immigration. T\u00e9moignages crois\u00e9s. <\/p>\n<p> C&#8217;\u00e9tait le 25 septembre dernier. Le troisi\u00e8me Forum social des quartiers populaires se tenait \u00e0 Montpellier (apr\u00e8s Saint-Denis et Nanterre), au Petit Bard, un quartier populaire habitu\u00e9 aux mobilisations. Bref, un espace familier pour les militants qui s&#8217;y r\u00e9unissaient. Ces derniers venaient de tous les coins de France :<em> \u00ab M\u00eame si nous n&#8217;avons pas les m\u00eames trajectoires associatives et politiques, nous avons \u00e0 peu pr\u00e8s la m\u00eame histoire en fait, nous sommes issus des mouvements pour l&#8217;\u00e9galit\u00e9 des droits des ann\u00e9es 1980 \u00bb <\/em>, constate Salah Amokrane, des Motiv\u00e9-e-s et du actikollectif \u00e0 Toulouse.<\/p>\n<p><strong> D\u00c9BOUCH\u00c9S POLITIQUES <\/strong><\/p>\n<p>Depuis cette \u00e9poque, Salah a ainsi r\u00e9guli\u00e8rement crois\u00e9 dans les luttes les militants du Mouvement de l&#8217;immigration et des banlieues (MIB), mais aussi<em> \u00ab les coll\u00e8gues de Lyon, avec ce qui s&#8217;est pass\u00e9 \u00e0 Vaulx-en-Velin \u00bb <\/em>. Comme Abdelaziz Chaambi, qui milite depuis le d\u00e9but des ann\u00e9es 1990 \u00e0 Lyon dans le cadre de l&#8217;association Divercit\u00e9 et le Collectif des musulmans de France :<em> \u00ab Que des musulmans pratiquants soient capables de bosser avec des ath\u00e9es comme les copains du MIB, \u00e7a avait beaucoup g\u00ean\u00e9 \u00e0 l&#8217;\u00e9poque les autorit\u00e9s et les partis politiques. Nous avons compris que nous pouvions travailler ensemble au-del\u00e0 de nos appartenances, explique-t-il, aujourd&#8217;hui, il est n\u00e9cessaire de tracer un sillon pour les nouvelles g\u00e9n\u00e9rations, de poser les jalons pour leur montrer comment faire de la politique d&#8217;une mani\u00e8re autonome. Et montrer aux jeunes qu&#8217;on peut \u00eatre fran\u00e7ais et musulman et participer aux luttes sociales, d&#8217;autant plus qu&#8217;aujourd&#8217;hui les musulmans sont dragu\u00e9s par l&#8217;extr\u00eame droite \u00e0 travers la question palestinienne sur fond d&#8217;antis\u00e9mitisme \u00bb <\/em>, pr\u00e9vient Abdelaziz. D&#8217;o\u00f9 l&#8217;urgence de trouver des d\u00e9bouch\u00e9s politiques \u00e0 la col\u00e8re des jeunes qui s&#8217;est exprim\u00e9e dans les violences de 2005.<\/p>\n<p><strong> UN R\u00c9SEAU NATIONAL <\/strong> <\/p>\n<p>D&#8217;autant plus que l&#8217;id\u00e9e de se f\u00e9d\u00e9rer dans un mouvement \u00e0 l&#8217;\u00e9chelle nationale ne date pas d&#8217;hier :<em> \u00ab En 2002, on avait d\u00e9j\u00e0 eu l&#8217;id\u00e9e d&#8217;un r\u00e9seau national avec d&#8217;autres associations, mais on campait \u00e0 l&#8217;\u00e9poque sur nos identit\u00e9s respectives \u00bb, rappelle Salah Amokrane, \u00ab les jeunes nous ont un peu rappel\u00e9s \u00e0 l&#8217;ordre \u00bb <\/em>. C&#8217;est d&#8217;ailleurs peu de temps apr\u00e8s les \u00e9meutes cons\u00e9cutives \u00e0 la mort de Bouna et Zyed, \u00e0 Clichy-sous-Bois, que ces militants d\u00e9cident de se rencontrer<em> \u00ab avec <\/em> [ leurs]<em> exp\u00e9riences et [leurs] limites \u00bb <\/em> \u00e0 travers les Forums sociaux des quartiers populaires (1). Tr\u00e8s vite, un projet sur la m\u00e9moire des luttes dans les quartiers est lanc\u00e9, ainsi qu&#8217;une campagne contre les violences polici\u00e8res.<\/p>\n<p>Mais dans la t\u00eate de tous, la vocation des Forums \u00e9tait de r\u00e9fl\u00e9chir \u00e0 de possibles d\u00e9bouch\u00e9s politiques. Et c&#8217;est finalement en septembre dernier que plusieurs militants des FSQP ont pris la d\u00e9cision de s&#8217;affirmer politiquement dans les prochains mois :<em> \u00ab Nous n&#8217;avons pas la pr\u00e9tention de repr\u00e9senter \u00ables gens en col\u00e8re\u00bb. Au contraire, il est n\u00e9cessaire de f\u00e9d\u00e9rer au maximum, les mecs en col\u00e8re comme les \u00e9tudiants \u00bb <\/em>, pr\u00e9cise Tarek du MIB. Qui ajoute :<em> \u00ab Si nous avons attendu tr\u00e8s longtemps avant de nous lancer dans l&#8217;aventure, c&#8217;est que nous sommes fragiles. Mais notre parole a toujours \u00e9t\u00e9 minor\u00e9e dans le champ politique, donc autant le faire nous-m\u00eames. M\u00eame si ce n&#8217;est pas \u00e9vident. Nous devons nous poser encore de nombreuses questions : quels moyens, quelle organisation ? \u00bb <\/em> La prudence des uns est m\u00eal\u00e9e \u00e0 l&#8217;optimisme des autres :<em> \u00ab Il y a une vraie attente de la jeunesse, l&#8217;espace politique existe \u00bb <\/em>, rappelle Salah. A Clichy-sous-Bois, Mohammed Mechmache, militant de l&#8217;association ACLEFEU en est \u00e9galement persuad\u00e9 :<em> \u00ab A la derni\u00e8re pr\u00e9sidentielle, avec notre combat, nous avons r\u00e9ussi \u00e0 inciter des millions de jeunes des quartiers \u00e0 s&#8217;inscrire sur les listes \u00e9lectorales. Or, depuis, les partis politiques n&#8217;arrivent pas \u00e0 mobiliser dans les quartiers. Il y a pourtant un potentiel r\u00e9el, et nous avons la capacit\u00e9 d&#8217;aller \u00e0 leur rencontre. Cette fois-ci, nous avons d\u00e9cid\u00e9 de faire le boulot nous-m\u00eames ! \u00bb <\/em><\/p>\n<p>A Toulouse, les Motiv\u00e9-e-s s&#8217;\u00e9taient d\u00e9j\u00e0 lanc\u00e9s en politique en se pr\u00e9sentant dans le cadre de la campagne municipale de 2001 :<em> \u00ab Nous nous sommes d\u00e9j\u00e0 engag\u00e9s sur un terrain institutionnel. Ce fut un succ\u00e8s relatif, mais on s&#8217;est aper\u00e7u que, m\u00eame dans une ville comme Toulouse, il est possible de prendre une initiative politique autonome, raconte Salah Amokrane, et c&#8217;est un tr\u00e8s bon moyen de peser dans le rapport de force avec les autres partis. Quand dans une ville tu p\u00e8ses 10 %, on t&#8217;\u00e9coute. C&#8217;est ind\u00e9niable. \u00bb <\/em> Mais \u00e0 l&#8217;\u00e9chelon local, une dynamique politique peut vite s&#8217;essouffler :<em> \u00ab Un conseil municipal, c&#8217;est un espace d&#8217;opposition d\u00e9mocratique tr\u00e8s relatif, confie Salah, un pied dans l&#8217;institution donne n\u00e9anmoins de la l\u00e9gitimit\u00e9 et c&#8217;est un atout non n\u00e9gligeable pour la suite. \u00bb <\/em> La suite justement : en se lan\u00e7ant dans la cr\u00e9ation de ce mouvement politique des quartiers et de l&#8217;immigration, tous prennent conscience qu&#8217;ils peuvent tenter, enfin, de discuter d&#8217;\u00e9gal \u00e0 \u00e9gal avec les autres forces politiques :<em> \u00ab M\u00eame si un contexte unitaire \u00e0 la gauche de gauche aurait \u00e9t\u00e9 plus simple pour nous, remarque Salah, mais par rapport \u00e0 d&#8217;autres moments, la question des \u00e9lections n&#8217;est pas \u00e9cart\u00e9e d&#8217;un revers de la main. \u00bb <\/em> <strong> M.E. <\/strong><\/p>\n<p>1. http:\/\/fsqp.free.fr<\/p>\n<p>Lire l&#8217;ensemble du dossier sur:<\/p>\n<p>https:\/\/wp.muchomaas.com\/article\/?id=4419<\/p>\n<p>https:\/\/wp.muchomaas.com\/article\/?id=4421<\/p>\n<p>Paru dans<em> Regards <\/em> n\u00b067, d\u00e9cembre 2009<\/p>\n","protected":false},"excerpt":{"rendered":"<p> Le dernier Forum social des quartiers populaires rassemblant des militants associatifs d&#8217;horizons divers, a act\u00e9 le lancement d&#8217;un Mouvement politique des quartiers et de l&#8217;immigration. T\u00e9moignages crois\u00e9s. <\/p>\n","protected":false},"author":1,"featured_media":0,"comment_status":"open","ping_status":"open","sticky":false,"template":"","format":"standard","meta":{"_themeisle_gutenberg_block_has_review":false,"footnotes":""},"categories":[141],"tags":[295],"class_list":["post-4422","post","type-post","status-publish","format-standard","hentry","category-archives-web","tag-nupes"],"_links":{"self":[{"href":"https:\/\/archives.regards.fr\/index.php?rest_route=\/wp\/v2\/posts\/4422","targetHints":{"allow":["GET"]}}],"collection":[{"href":"https:\/\/archives.regards.fr\/index.php?rest_route=\/wp\/v2\/posts"}],"about":[{"href":"https:\/\/archives.regards.fr\/index.php?rest_route=\/wp\/v2\/types\/post"}],"author":[{"embeddable":true,"href":"https:\/\/archives.regards.fr\/index.php?rest_route=\/wp\/v2\/users\/1"}],"replies":[{"embeddable":true,"href":"https:\/\/archives.regards.fr\/index.php?rest_route=%2Fwp%2Fv2%2Fcomments&post=4422"}],"version-history":[{"count":0,"href":"https:\/\/archives.regards.fr\/index.php?rest_route=\/wp\/v2\/posts\/4422\/revisions"}],"wp:attachment":[{"href":"https:\/\/archives.regards.fr\/index.php?rest_route=%2Fwp%2Fv2%2Fmedia&parent=4422"}],"wp:term":[{"taxonomy":"category","embeddable":true,"href":"https:\/\/archives.regards.fr\/index.php?rest_route=%2Fwp%2Fv2%2Fcategories&post=4422"},{"taxonomy":"post_tag","embeddable":true,"href":"https:\/\/archives.regards.fr\/index.php?rest_route=%2Fwp%2Fv2%2Ftags&post=4422"}],"curies":[{"name":"wp","href":"https:\/\/api.w.org\/{rel}","templated":true}]}}