{"id":4421,"date":"2009-12-01T00:00:00","date_gmt":"2009-11-30T23:00:00","guid":{"rendered":"https:\/\/wp.muchomaas.com\/npa-pg-europe-ecologie-ils4421\/"},"modified":"2009-12-01T00:00:00","modified_gmt":"2009-11-30T23:00:00","slug":"npa-pg-europe-ecologie-ils4421","status":"publish","type":"post","link":"https:\/\/archives.regards.fr\/?p=4421","title":{"rendered":"NPA, PG, Europe \u00c9cologie&#8230; Ils savourent le m\u00e9lange des cultures (2)"},"content":{"rendered":"<p class=\"post_excerpt\"> Les militants des nouvelles formations politiques pl\u00e9biscitent la confrontation des histoires et des traditions. Une qu\u00eate partag\u00e9e au NPA, au PG, \u00e0 Europe Ecologie, \u00e0 la F\u00e9d\u00e9ration&#8230; Rencontres. <\/p>\n<p> Le NPA, le Parti de gauche (PG), Europe Ecologie, la F\u00e9d\u00e9ration pour une alternative sociale et \u00e9cologique (FASE), le Forum social des quartiers populaires (FSQP) : l&#8217;ann\u00e9e pass\u00e9e a vu na\u00eetre plusieurs partis et mouvements politiques \u00e0 gauche. Qu&#8217;en attendent leurs militants ? De quoi sont-ils le plus satisfaits ? Quels sont leurs espoirs et leurs doutes ?<\/p>\n<p>Ce que Sakina Faouzi, 24 ans, ex-membre de l&#8217;association Pour la R\u00e9publique sociale (PRS) et militante de la premi\u00e8re heure au PG, appr\u00e9cie dans sa jeune organisation, c&#8217;est le c\u00f4t\u00e9<em> \u00ab parti creuset \u00bb <\/em>, dans lequel diff\u00e9rentes cultures de gauche se retrouvent :<em> \u00ab D\u00e8s son origine, le PG a eu la volont\u00e9 de rassembler diverses sensibilit\u00e9s, on a des gens qui viennent de courants r\u00e9publicains, d&#8217;autres tiers-mondistes, d&#8217;autres socialistes&#8230; La gauche \u00e9cologiste devrait nous rejoindre si tout se passe bien. On ne souhaite pas une organisation en tendances. Il s&#8217;agit plut\u00f4t de red\u00e9finir un projet politique en prenant le meilleur de chacune de ces visions, diff\u00e9rentes mais compl\u00e9mentaires. \u00bb <\/em> Cette recherche d&#8217;une mise en commun est une aspiration partag\u00e9e par les militants des nouvelles formations politiques. Pour faire du neuf, la confrontation des histoires et des traditions est pl\u00e9biscit\u00e9e. L&#8217;\u00e9colo Fran\u00e7ois Long\u00e9rinas, 54 ans, aujourd&#8217;hui observateur au Secr\u00e9tariat g\u00e9n\u00e9ral du PG et en passe de prendre sa carte, ne dit pas autre chose :<em> \u00ab Ils utilisent la formule de \u00abparti creuset\u00bb, ce n&#8217;est pas faux, c&#8217;est assez int\u00e9ressant comme d\u00e9marche. \u00bb <\/em> Lui qui fut adh\u00e9rent chez les Verts pendant plus de dix ans esp\u00e8re voir \u00e9merger une nouvelle force de gauche majoritaire, alternative au Parti socialiste. Il<em> \u00ab n&#8217;a jamais cru que \u00e7a pouvait venir du PS \u00bb <\/em> et ne croit<em> \u00ab plus que ce soit possible chez les Verts \u00bb <\/em>.\u00a0Car, selon lui,<em> \u00ab aujourd&#8217;hui, l&#8217;articulation d&#8217;un combat \u00e0 la fois \u00e9cologique, ou \u00e9cologiste, et social se m\u00e8ne au sein d&#8217;une gauche r\u00e9nov\u00e9e. Le PG, c&#8217;est le meilleur choix possible, ou le moins mauvais choix possible, parce que tout est \u00e0 construire. Je ne suis convaincu ni par l&#8217;\u00e9ventualit\u00e9 d&#8217;un renouveau du Parti socialiste, ni par une \u00e9volution des Verts vers Europe Ecologie qui, de mon point de vue, d\u00e9fend de plus en plus une \u00e9cologie lib\u00e9rale. Il faut donc une troisi\u00e8me voie \u00bb <\/em>.<\/p>\n<p><strong> LE CHOC CULTUREL VALORIS\u00c9 <\/strong><\/p>\n<p>M\u00eame son de cloche du c\u00f4t\u00e9 du NPA. Jean-Fran\u00e7ois Mailler, entr\u00e9 \u00e0 la LCR de Champigny (94) au moment de sa dissolution, savoure le m\u00e9lange des cultures et des histoires\u00a0qu&#8217;il per\u00e7oit au sein du jeune parti anticapitaliste.<em> \u00ab Je viens du courant libertaire de la CNT, une autre famille politique que la matrice fondatrice du NPA, la Ligue communiste r\u00e9volutionnaire. Ce qui m&#8217;a beaucoup plu en venant ici, c&#8217;est qu&#8217;on a su trouver un cadre o\u00f9 des familles politiques divergentes pendant longtemps peuvent travailler ensemble. Entre trotskystes et libertaires, on refaisait sans cesse la bataille de Kronstadt et de Barcelone : on menait des luttes communes, mais les uns critiquaient le comportement de Trotsky \u00e0 Kronstadt, les autres celui des libertaires \u00e0 Barcelone <\/em>, raconte Jean-Fran\u00e7ois Mailler.<em> J&#8217;ai \u00e9t\u00e9 tr\u00e8s surpris au sein du NPA de voir des gens qui venaient d&#8217;horizons diff\u00e9rents trouver un cadre commun de discussion, de proposition et surtout d&#8217;action. C&#8217;est un lieu o\u00f9 les divergences politiques peuvent s&#8217;exprimer dans une vraie camaraderie. C&#8217;est peut-\u00eatre d\u00fb au fait que le parti n&#8217;est pas vieux et qu&#8217;il n&#8217;y a pas encore de grosses tendances structur\u00e9es. Du coup, les affrontements n&#8217;ont pas encore laiss\u00e9 de grandes rancunes. \u00bb <\/em> D\u00e9passer les clivages anciens, se d\u00e9barrasser des vieilles querelles : la jeunesse des organisations appara\u00eet comme un atout dans cette qu\u00eate partag\u00e9e par beaucoup de militants. Le choc culturel s&#8217;av\u00e8re donc valoris\u00e9.<\/p>\n<p>Fran\u00e7ois Simon, qui fut longtemps militant socialiste puis investi dans la<em> \u00ab grande n\u00e9buleuse de la gauche de la gauche \u00bb <\/em>, fait preuve d&#8217;un enthousiasme intact quant \u00e0 son engagement \u00e0 Europe Ecologie. Lui aussi se r\u00e9jouit de la mixit\u00e9 des apports au sein de ce rassemblement :<em> \u00ab Chez les non-Verts, j&#8217;ai identifi\u00e9 quatre familles qui arrivent \u00e0 bien s&#8217;entendre. Il y a la famille issue du monde environnementaliste et associatif, celle qui gravite autour de l&#8217;\u00e9conomie solidaire, les altermondialistes et les r\u00e9gionalistes. On pratique le consensus plut\u00f4t que le vote \u00bb <\/em>, affirme-t-il. Mais il admet que<em> \u00ab ce qui est compliqu\u00e9 pour les Verts, c&#8217;est d&#8217;arriver \u00e0 accepter que les id\u00e9es qu&#8217;ils ont port\u00e9es pendant des ann\u00e9es, alors que l&#8217;identit\u00e9 \u00ab\u00e9cologie politique\u00bb est sur le devant de la sc\u00e8ne, soient mises dans un pot commun. \u00bb <\/em> L&#8217;id\u00e9e se fait jour de d\u00e9gager une coh\u00e9rence nouvelle, \u00e0 partir de la confrontation d&#8217;exp\u00e9riences et de concepts politiques h\u00e9t\u00e9rog\u00e8nes. Le m\u00e9lange de la carpe et du lapin, de Jos\u00e9 Bov\u00e9 et de Daniel Cohn-Bendit lors des derni\u00e8res \u00e9lections europ\u00e9ennes, ne fut-il pas l&#8217;une des cl\u00e9s du succ\u00e8s ?<em> \u00ab Il y a une prise de conscience individuelle de personnalit\u00e9s symboliques, qui montre que ce mouvement est en marche. St\u00e9phane Gatignon \u00e0 Sevran, Christophe Cavard dans le Gard, ou encore Augustin Legrand ont rejoint Europe Ecologie. Quand on voit la valse-h\u00e9sitation de Corinne Lepage, on peut supposer qu&#8217;elle va basculer. Au niveau des structures, c&#8217;est plus compliqu\u00e9, tout agrandissement ne peut se faire que si la nouvelle structure adh\u00e8re \u00e0 la philosophie d&#8217;Europe Ecologie \u00bb <\/em>, estime Fran\u00e7ois Simon. Selon lui, il est<em> \u00ab difficile demain d&#8217;imaginer un accord purement tacticien avec le Modem, c&#8217;est du domaine du discours irr\u00e9el aujourd&#8217;hui, car il y a des \u00e9claircissements id\u00e9ologiques qui ne sont pas l\u00e0 \u00bb <\/em>. Pour Daniel Cohn-Bendit, en revanche, les choses sont moins claires : ce leader d&#8217;Europe Ecologie ne cesse, en effet, de r\u00e9p\u00e9ter qu&#8217;il est favorable pour la pr\u00e9sidentielle \u00e0 un rassemblement de la gauche, jusqu&#8217;au Modem. Pour les r\u00e9gionales, le casting annonc\u00e9 reste dans la veine des europ\u00e9ennes. Une mixit\u00e9 d&#8217;ancrages et de profils assum\u00e9e, revendiqu\u00e9e, et apparemment pl\u00e9biscit\u00e9e. Au risque de friser l&#8217;auberge espagnole&#8230;<\/p>\n<p>Le caract\u00e8re hybride d&#8217;Europe Ecologie, f\u00fbt-il fragile dans sa construction et incertain dans son devenir, est aussi un facteur d&#8217;attraction. La nouvelle formule que propose ce rassemblement rel\u00e8ve, \u00e0 sa mani\u00e8re, d&#8217;un d\u00e9passement de la forme parti. Voil\u00e0 qui pla\u00eet. Comment construire au XXIe si\u00e8cle une nouvelle structure sans qu&#8217;elle soit identifiable aux cadres politiques traditionnels ? Amigo Yonkeu, 37 ans, conseiller municipal \u00e0 Arcueil (94) a rejoint Europe Ecologie en f\u00e9vrier 2009.<em> \u00ab Je ne suis pas issu d&#8217;un parti politique, explique-t-il, mais d&#8217;une longue exp\u00e9rience associative. D\u00e8s le d\u00e9part, ce qui m&#8217;a int\u00e9ress\u00e9 dans Europe Ecologie, c&#8217;est la libert\u00e9. Pas d&#8217;obligation d&#8217;adh\u00e9sion, \u00abd&#8217;entrer\u00bb dans un parti. C&#8217;\u00e9tait un appel \u00e0 vivre ensemble, d\u00e9marche dont je me suis senti tout de suite tr\u00e8s proche. Le message \u00e9tait nouveau, j&#8217;ai trouv\u00e9 cela tr\u00e8s excitant, m\u00eame si j&#8217;avais aussi de nombreux doutes. J&#8217;y suis donc venu progressivement, j&#8217;ai commenc\u00e9 par des r\u00e9unions locales, j&#8217;ai particip\u00e9 \u00e0 l&#8217;\u00e9laboration du programme, puis on m&#8217;a propos\u00e9 d&#8217;\u00eatre candidat aux europ\u00e9ennes. \u00bb Selon cet \u00e9lu d\u00e9l\u00e9gu\u00e9 \u00e0 la jeunesse, \u00ab ce qui marche bien dans Europe Ecologie, c&#8217;est la forme r\u00e9seau. Une sorte d&#8217;organisation o\u00f9 l&#8217;on se sent libre. Faire de la politique autrement, ce n&#8217;est pas qu&#8217;un slogan, c&#8217;est surtout avoir de nouvelles pratiques politiques \u00bb <\/em>.<\/p>\n<p><strong> ESPOIRS ET D\u00c9FIS <\/strong><\/p>\n<p>Dominique Attia, qui a quitt\u00e9 le PCF apr\u00e8s trente ans d&#8217;engagement, retrouve aussi dans la FASE autre chose que la<em> \u00ab sauvegarde de l&#8217;appareil \u00bb <\/em> qu&#8217;elle avait trop vu au Parti communiste.<em> \u00ab L&#8217;exp\u00e9rience des collectifs unitaires, la candidature commune m&#8217;ont montr\u00e9 qu&#8217;on pouvait faire quelque chose de nouveau. On pouvait faire cause commune avec des gens issus de diverses formations, tout en disant les choses comme on les sent, avec une volont\u00e9 de construire une alternative. Et je crois que c&#8217;est comme cela qu&#8217;on doit s&#8217;organiser aujourd&#8217;hui en politique. C&#8217;est pour cela que je me sens tr\u00e8s bien \u00e0 la FASE, qui est une sorte de prolongement de ces exp\u00e9riences-l\u00e0. Je n&#8217;y perds pas mon identit\u00e9 et je crois que quand on subit, on doit avoir un esprit d&#8217;ouverture, rassembler diff\u00e9rentes sensibilit\u00e9s pour construire un projet sur les fondamentaux. \u00bb <\/em> Et d&#8217;ajouter :<em> \u00ab Franchement, si la F\u00e9d\u00e9ration n&#8217;existait pas, je serais bien ennuy\u00e9e pour trouver un lieu d&#8217;engagement. Il faut construire des espaces pour une autre fa\u00e7on de s&#8217;engager qui attire des gens qui ne veulent pas aller dans les partis mais qu&#8217;on voit dans tous les collectifs. \u00bb <\/em><\/p>\n<p>Les d\u00e9fis d&#8217;une structuration nouvelle, r\u00e9pondant aux exigences de l&#8217;efficacit\u00e9 politique et aux aspirations d\u00e9mocratiques des militants, ne sont pas minces. Dani\u00e8le Obono, pass\u00e9e de la LCR \u00e0 la direction du NPA, milite toujours \u00e0 Aubervilliers (93). Elle ne cache pas la difficult\u00e9 :<em> \u00ab Au quotidien, on est encore dans une p\u00e9riode d&#8217;adaptation sur l&#8217;articulation de toutes les exp\u00e9riences, ce qui n&#8217;est pas \u00e9vident, et sur le fonctionnement des comit\u00e9s locaux. Ces questions renvoient \u00e0 des conceptions diff\u00e9rentes du parti, plus pyramidales ou plus horizontales \u00bb <\/em>, r\u00e9sume-t-elle. Sans compter une ambition nouvelle, derri\u00e8re ces d\u00e9bats :<em> \u00ab On veut construire un parti de masse. Qu&#8217;est-ce que \u00e7a veut dire ? \u00c7a bouscule les cadres de pens\u00e9e traditionnels de la LCR. Le changement d&#8217;\u00e9chelle nous repositionne. Je ne sais pas o\u00f9 \u00e7a va mener. \u00bb <\/em> Le processus de constitution du NPA, du PG et d&#8217;Europe Ecologie, entre autres, n&#8217;est pas termin\u00e9. Si d&#8217;ores et d\u00e9j\u00e0, des difficult\u00e9s et des douches froides pointent leur nez, tous les espoirs restent encore permis.<\/p>\n<p><strong> CONTRAINTES DU CALENDRIER <\/strong><\/p>\n<p>A ce stade, chez tous ces nouveaux militants qui veulent y croire, des craintes s&#8217;expriment mais l&#8217;heure est encore aux paris. Pour Fran\u00e7ois Simon,<em> \u00ab si demain Europe Ecologie devient un \u00e9ni\u00e8me parti \u00e0 construire des \u00e9lus ou un accompagnement du syst\u00e8me tel qu&#8217;il est, \u00e7a n&#8217;ira pas \u00bb <\/em>. Pour Dominique Attia, dans cette p\u00e9riode particuli\u00e8re autour des alliances, il y a<em> \u00ab toujours une volont\u00e9 h\u00e9g\u00e9monique des uns par rapport aux autres, et c&#8217;est assez navrant \u00bb <\/em>. Car se pose aussi la question de savoir si on peut exister en tant que formation quand on n&#8217;a pas d&#8217;\u00e9lus.<em> \u00ab On a fait l&#8217;impasse aux europ\u00e9ennes, si on le fait aux r\u00e9gionales, cela pourrait \u00eatre compliqu\u00e9. Ce serait bien qu&#8217;\u00e0 un moment, on sorte de l&#8217;orni\u00e8re. Mais si ce n&#8217;est pas l\u00e0, ce sera plus tard. Ce qui me para\u00eet important, c&#8217;est qu&#8217;on ait conscience qu&#8217;il y a un tas de gens qui sont au bord du chemin et qui n&#8217;attendent qu&#8217;un projet unitaire pour s&#8217;engager. Si cela ne prend pas, on n&#8217;aura pas le dessus. \u00bb <\/em> Fran\u00e7ois Long\u00e9rinas exprime en positif une inqui\u00e9tude s\u00e9rieuse sur le PG :<em> \u00ab ll y a un truc \u00e0 transformer, c&#8217;est presque le d\u00e9fi principal : il faut donner une image jeune \u00e0 ce tout nouveau parti qui a d\u00e9j\u00e0 une image ringarde. \u00bb <\/em> Au NPA, le r\u00e9sultat en demi-teinte des \u00e9lections europ\u00e9ennes, premi\u00e8re \u00e9ch\u00e9ance du parti, ne fut sans doute pas \u00e0 la hauteur des espoirs militants. Le flux d&#8217;adh\u00e9sions annonc\u00e9es semble nettement plus mince qu&#8217;il n&#8217;y para\u00eet et certains ont d\u00e9j\u00e0 quitt\u00e9 l&#8217;organisation. Dani\u00e8le Obono a plut\u00f4t fait le choix de batailler pour d\u00e9fendre sa vision des choses :<em> \u00ab On a fait le bilan des \u00e9lections europ\u00e9ennes. On ne reconstruira pas sur des d\u00e9marcations pures, sur des positions unilat\u00e9rales. C&#8217;est vrai pour tout le monde. L&#8217;id\u00e9e, c&#8217;est d&#8217;avoir maintenant le d\u00e9bat qu&#8217;on n&#8217;a pas eu l&#8217;occasion d&#8217;avoir aux europ\u00e9ennes car les \u00e9ch\u00e9ances \u00e9taient tr\u00e8s rapproch\u00e9es. \u00bb <\/em> De fait, le calendrier \u00e9lectoral n&#8217;aide pas, obligeant \u00e0 se remettre en marche sans tarder, \u00e0 peine une \u00e9lection finie.<\/p>\n<p>Signe de l&#8217;essoufflement des partis traditionnels h\u00e9rit\u00e9s du XXe si\u00e8cle et de la recomposition en cours des clivages, des lignes de fractures, \u00e0 l&#8217;int\u00e9rieur de la gauche, l&#8217;\u00e9mergence de plusieurs nouvelles forces politiques traduit au fond le besoin d&#8217;une gauche capable de projeter dans les imaginaires et dans les pratiques quotidiennes une autre vision du monde. <strong> C.A.**, **E.C.** et **M.R. <\/strong><\/p>\n<p>Lire l&#8217;ensemble du dossier sur:<\/p>\n<p>https:\/\/wp.muchomaas.com\/article\/?id=4419<\/p>\n<p>https:\/\/wp.muchomaas.com\/article\/?id=4422<\/p>\n<p>Paru dans<em> Regards <\/em> n\u00b067, d\u00e9cembre 2009<\/p>\n","protected":false},"excerpt":{"rendered":"<p> Les militants des nouvelles formations politiques pl\u00e9biscitent la confrontation des histoires et des traditions. Une qu\u00eate partag\u00e9e au NPA, au PG, \u00e0 Europe Ecologie, \u00e0 la F\u00e9d\u00e9ration&#8230; Rencontres. <\/p>\n","protected":false},"author":527,"featured_media":0,"comment_status":"open","ping_status":"open","sticky":false,"template":"","format":"standard","meta":{"_themeisle_gutenberg_block_has_review":false,"footnotes":""},"categories":[141],"tags":[295],"class_list":["post-4421","post","type-post","status-publish","format-standard","hentry","category-archives-web","tag-nupes"],"_links":{"self":[{"href":"https:\/\/archives.regards.fr\/index.php?rest_route=\/wp\/v2\/posts\/4421","targetHints":{"allow":["GET"]}}],"collection":[{"href":"https:\/\/archives.regards.fr\/index.php?rest_route=\/wp\/v2\/posts"}],"about":[{"href":"https:\/\/archives.regards.fr\/index.php?rest_route=\/wp\/v2\/types\/post"}],"author":[{"embeddable":true,"href":"https:\/\/archives.regards.fr\/index.php?rest_route=\/wp\/v2\/users\/527"}],"replies":[{"embeddable":true,"href":"https:\/\/archives.regards.fr\/index.php?rest_route=%2Fwp%2Fv2%2Fcomments&post=4421"}],"version-history":[{"count":0,"href":"https:\/\/archives.regards.fr\/index.php?rest_route=\/wp\/v2\/posts\/4421\/revisions"}],"wp:attachment":[{"href":"https:\/\/archives.regards.fr\/index.php?rest_route=%2Fwp%2Fv2%2Fmedia&parent=4421"}],"wp:term":[{"taxonomy":"category","embeddable":true,"href":"https:\/\/archives.regards.fr\/index.php?rest_route=%2Fwp%2Fv2%2Fcategories&post=4421"},{"taxonomy":"post_tag","embeddable":true,"href":"https:\/\/archives.regards.fr\/index.php?rest_route=%2Fwp%2Fv2%2Ftags&post=4421"}],"curies":[{"name":"wp","href":"https:\/\/api.w.org\/{rel}","templated":true}]}}