{"id":4417,"date":"2009-12-01T00:00:00","date_gmt":"2009-11-30T23:00:00","guid":{"rendered":"https:\/\/wp.muchomaas.com\/le-bruit-et-l-odeur-d-une-droite4417\/"},"modified":"2009-12-01T00:00:00","modified_gmt":"2009-11-30T23:00:00","slug":"le-bruit-et-l-odeur-d-une-droite4417","status":"publish","type":"post","link":"https:\/\/archives.regards.fr\/?p=4417","title":{"rendered":"Le bruit et l&#8217;odeur  d&#8217;une droite d\u00e9complex\u00e9e"},"content":{"rendered":"<p class=\"post_excerpt\"> Depuis la rentr\u00e9e, c&#8217;est un festival. Les ministres, porte-parole, d\u00e9put\u00e9s, conseillers de \u00ab la droite dure \u00bb se l\u00e2chent sans complexes. <\/p>\n<p><strong>La concomitance de d\u00e9rapages verbaux ne peut \u00eatre tenue pour un pur hasard.<\/strong> La m\u00e9chante sortie de Brice Hortefeux \u00e0 l&#8217;universit\u00e9 d&#8217;\u00e9t\u00e9 ne rel\u00e8ve sans doute pas du calcul politique pr\u00e9m\u00e9dit\u00e9 [[ Extrait pour m\u00e9moire :<em> \u00ab Quand il y en a un, \u00e7a va. C&#8217;est quand il y en a beaucoup qu&#8217;il y a des probl\u00e8mes \u00bb <\/em>, en r\u00e9f\u00e9rence \u00e0 l&#8217;origine d&#8217;un jeune homme arabe qu&#8217;il croisait. Le ministre a eu beau se justifier en pr\u00e9tendant qu&#8217;il parlait des Auvergnats, le caract\u00e8re raciste de la s\u00e9quence a fait scandale et constitu\u00e9 un \u00ab buzz \u00bb sur Internet.]]. Il se trouve que quelques semaines plus tard, une responsable UMP trouve amusant de d\u00e9clarer qu&#8217;envoyer Rama Yade dans le Val-d&#8217;Oise pour les r\u00e9gionales \u00ab ferait plus couleur locale \u00bb. La tr\u00e8s prudente Rachida Dati a reconnu elle-m\u00eame que le ministre Hortefeux \u00e9tait<em> \u00ab un gros raciste \u00bb <\/em> et Azouz Begag couchait par \u00e9crit les agressions de ce sinistre personnage. Tout cela traduit l&#8217;atmosph\u00e8re d\u00e9l\u00e9t\u00e8re qui r\u00e8gne au sommet de l&#8217;Etat o\u00f9 le racisme est devenu une plaisanterie.<\/p>\n<p>Dans un registre proche, on a entendu un d\u00e9put\u00e9 exiger un devoir de r\u00e9serve pour les prix litt\u00e9raires ! Le ministre de la Culture, le discr\u00e9dit\u00e9 Fr\u00e9d\u00e9ric Mitterrand, n&#8217;en a cure. Le caporalisme et l&#8217;anti-intellectualisme s&#8217;imposent. Un judoka, nouvellement \u00e9lu d\u00e9put\u00e9 et membre de la direction de l&#8217;UMP, assume sa misogynie en assurant que tous les hommes le sont sauf<em> \u00ab les tapettes \u00bb <\/em>. Tellement amusant que le pr\u00e9sident du club de foot de Montpellier peut impun\u00e9ment menacer un joueur d&#8217;une \u00e9quipe adverse :<em> \u00ab On l&#8217;attend cette petite tarlouze \u00bb <\/em>. Et notre Thierry Roland national de trouver \u00e7a<em> \u00ab superdr\u00f4le \u00bb <\/em>.<\/p>\n<p>Racisme, anti-intellectualisme, misogynie, homophobie, autoritarisme : au-del\u00e0 m\u00eame d&#8217;une politique, figurent ici les ingr\u00e9dients d&#8217;une culture franchement frapp\u00e9e du sceau de l&#8217;extr\u00eame droite, qui se sent autoris\u00e9e. Le d\u00e9bat lanc\u00e9 par Besson le l\u00e9gitime dans le champ institutionnel. Les charters pour sans-papiers l&#8217;inscrivent dans la r\u00e9alit\u00e9 de la politique d&#8217;Etat. Qu&#8217;un proche du Pr\u00e9sident, Patrick Buisson, soit un ancien journaliste de Minute n&#8217;est donc pas une faute de go\u00fbt.<\/p>\n<p>Tout cela est parfois spontan\u00e9, parfois pr\u00e9m\u00e9dit\u00e9. Et en tout cas tombe \u00e0 pic dans un moment o\u00f9 le gouvernement est \u00e0 la peine face \u00e0 la question sociale. Faire diversion est une vieille ficelle. Alors que la crise \u00e9conomique n&#8217;a pas fini de produire ses effets, que les inqui\u00e9tudes sociales sont fortes en mati\u00e8re de niveau de vie et de s\u00e9curisation des parcours professionnels, que le gouvernement n&#8217;a pas chang\u00e9 de cap \u00e9conomique comme l&#8217;a illustr\u00e9 le vote du budget 2010, il s&#8217;agit de mettre le paquet sur le registre classique du sarkozysme, celui qui empi\u00e8te sur le terrain du Front National, celui auquel on pr\u00eate la victoire lors de la derni\u00e8re pr\u00e9sidentielle. Tous azimuts, de la nouvelle mouture du fichier Edvige, qui permet notamment l&#8217;inscription des mineurs \u00e0 partir de l&#8217;\u00e2ge de 13 ans, au d\u00e9bat lanc\u00e9 par Mich\u00e8le Alliot-Marie sur la castration chimique et physique des violeurs, la p\u00e9riode toute r\u00e9cente regorge d&#8217;exemples. Apr\u00e8s la fermeture du campement de Calais, ce fut l&#8217;expulsion de trois Afghans dans leur pays d&#8217;origine, en guerre, bafouant all\u00e9grement la logique du droit des r\u00e9fugi\u00e9s. La gauche a eu beau crier au scandale, le premier ministre Fran\u00e7ois Fillon a assum\u00e9 et enfonc\u00e9 le clou : la France<em> \u00ab n&#8217;a pas \u00e0 s&#8217;excuser, ni \u00e0 culpabiliser \u00bb <\/em>. Fermer le ban. L&#8217;heure n&#8217;est pas \u00e0 l&#8217;humanit\u00e9 mais \u00e0 la fermet\u00e9.<\/p>\n<p>Ancrer les \u00e9lecteurs Front national dans le vote UMP n&#8217;est pas \u00e9tranger aux objectifs de tous ces acteurs politiques. Mais il n&#8217;est pas certain que \u00ab le bon coup \u00bb de la pr\u00e9sidentielle se renouvelle : on peut m\u00eame penser que la farce ne marchera pas deux fois et que tout cela ne fait que remettre en selle le FN. Il monte dans les sondages et ses id\u00e9es reprises, banalis\u00e9es, objets de plaisanterie rendent l&#8217;atmosph\u00e8re irrespirable. Comme dirait Marie NDiaye. <\/p>\n","protected":false},"excerpt":{"rendered":"<p> Depuis la rentr\u00e9e, c&#8217;est un festival. Les ministres, porte-parole, d\u00e9put\u00e9s, conseillers de \u00ab la droite dure \u00bb se l\u00e2chent sans complexes. <\/p>\n","protected":false},"author":464,"featured_media":0,"comment_status":"open","ping_status":"open","sticky":false,"template":"","format":"standard","meta":{"_themeisle_gutenberg_block_has_review":false,"footnotes":""},"categories":[141],"tags":[328],"class_list":["post-4417","post","type-post","status-publish","format-standard","hentry","category-archives-web","tag-editorial"],"_links":{"self":[{"href":"https:\/\/archives.regards.fr\/index.php?rest_route=\/wp\/v2\/posts\/4417","targetHints":{"allow":["GET"]}}],"collection":[{"href":"https:\/\/archives.regards.fr\/index.php?rest_route=\/wp\/v2\/posts"}],"about":[{"href":"https:\/\/archives.regards.fr\/index.php?rest_route=\/wp\/v2\/types\/post"}],"author":[{"embeddable":true,"href":"https:\/\/archives.regards.fr\/index.php?rest_route=\/wp\/v2\/users\/464"}],"replies":[{"embeddable":true,"href":"https:\/\/archives.regards.fr\/index.php?rest_route=%2Fwp%2Fv2%2Fcomments&post=4417"}],"version-history":[{"count":0,"href":"https:\/\/archives.regards.fr\/index.php?rest_route=\/wp\/v2\/posts\/4417\/revisions"}],"wp:attachment":[{"href":"https:\/\/archives.regards.fr\/index.php?rest_route=%2Fwp%2Fv2%2Fmedia&parent=4417"}],"wp:term":[{"taxonomy":"category","embeddable":true,"href":"https:\/\/archives.regards.fr\/index.php?rest_route=%2Fwp%2Fv2%2Fcategories&post=4417"},{"taxonomy":"post_tag","embeddable":true,"href":"https:\/\/archives.regards.fr\/index.php?rest_route=%2Fwp%2Fv2%2Ftags&post=4417"}],"curies":[{"name":"wp","href":"https:\/\/api.w.org\/{rel}","templated":true}]}}