{"id":4414,"date":"2009-12-01T00:00:00","date_gmt":"2009-11-30T23:00:00","guid":{"rendered":"https:\/\/wp.muchomaas.com\/souverainete-alimentaire-a-quand4414\/"},"modified":"2009-12-01T00:00:00","modified_gmt":"2009-11-30T23:00:00","slug":"souverainete-alimentaire-a-quand4414","status":"publish","type":"post","link":"https:\/\/archives.regards.fr\/?p=4414","title":{"rendered":"Souverainet\u00e9 alimentaire. A quand la fin de l&#8217;hypocrisie ?"},"content":{"rendered":"<p class=\"post_excerpt\">Plus d&#8217;un milliard d&#8217;\u00eatres humains sont sous-aliment\u00e9s. Les dirigeants de la plan\u00e8te assurent \u00eatre tr\u00e8s pr\u00e9occup\u00e9s par cette situation, sans jamais remettre en cause leurs politiques. Entretien avec avec Ambroise Mazal du CCFD-Terre solidaire. <\/p>\n<p>L&#8217;\u00e9tat de l&#8217;ins\u00e9curit\u00e9 alimentaire dans le monde en 2009 a \u00e9t\u00e9 rendu public par l&#8217;organisme de l&#8217;ONU, Food and Agriculture Organisation (FAO), le 14 octobre dernier [[Rapport complet, en fran\u00e7ais, sur : www.fao.org]]. Ce rapport, pr\u00e9c\u00e9dant d&#8217;un mois le sommet mondial sur la s\u00e9curit\u00e9 alimentaire qui devait se d\u00e9rouler \u00e0 Rome du 16 au 18  novembre, est le dixi\u00e8me du genre depuis 1996. Il indique que, bien avant les crises alimentaire et \u00e9conomique de ces deux derni\u00e8res ann\u00e9es [[ Lire \u00ab Crise alimentaire. La faim du monde \u00bb, <em>Regards<\/em> n\u00b0 53, \u00e9t\u00e9 2008, lot49.fr]], le nombre de personnes souffrant de la faim progressait depuis une dizaine d&#8217;ann\u00e9es. En 2009, 1,02 milliard de personnes sont sous-aliment\u00e9es : 1 \u00eatre humain sur 6 : dont 642 millions en Asie-Pacifique et 265 millions en Afrique subsaharienne. La FAO alerte sur le fait que la r\u00e9duction de ce nombre \u00e0 moins de 420 millions d&#8217;ici 2015, objectif majeur du Sommet mondial de l&#8217;alimentation, ne pourra \u00eatre r\u00e9alis\u00e9e si la tendance actuelle se poursuit. Elle pr\u00e9conise notamment un r\u00e9investissement massif du secteur agricole et, pour pallier les besoins des plus vuln\u00e9rables \u00e0 court terme, la mise en place de filets de s\u00e9curit\u00e9. Ambroise Mazal, charg\u00e9 de mission sur la souverainet\u00e9 alimentaire au CCFD-Terre solidaire, qui faisait partie de la d\u00e9l\u00e9gation fran\u00e7aise au sommet de Rome, en novembre, nous livre son analyse.    <\/p>\n<h2>Une fausse fatalit\u00e9<\/h2>\n<p>\u00ab La situation actuelle n&#8217;est certainement pas une fatalit\u00e9, c&#8217;est un scandale politique. Et elle repr\u00e9sente avant tout l&#8217;\u00e9chec d&#8217;un mod\u00e8le lib\u00e9ral qui n&#8217;a cess\u00e9 de s&#8217;\u00e9tendre aux pays en d\u00e9veloppement. Trois \u00e9tapes marquantes ont concouru \u00e0 cet \u00e9chec : d&#8217;abord l&#8217;obligation faite \u00e0 ces pays, avec les Plans d&#8217;ajustement structurel du FMI, de proc\u00e9der \u00e0 un retrait de l&#8217;Etat dans les politiques publiques. En Afrique subsaharienne, o\u00f9 de grandes parties des populations essaient de survivre de l&#8217;agriculture, la part des budgets des Etats consacr\u00e9e \u00e0 l&#8217;agriculture est aujourd&#8217;hui en moyenne de 4 %, bien moins que dans les pays de l&#8217;h\u00e9misph\u00e8re Nord o\u00f9 elle avoisine plut\u00f4t les 15 %. Ensuite, en incluant en 1994 l&#8217;agriculture dans le commerce mondial, l&#8217;OMC a mis en concurrence des Etats pauvres avec les grandes puissances agricoles mondiales. Enfin, la d\u00e9r\u00e9gulation des march\u00e9s &#8211; fin, dans les ann\u00e9es 1980, des initiatives onusiennes qui, en r\u00e9unissant les diff\u00e9rents acteurs, permettaient de garantir une certaine stabilit\u00e9 du march\u00e9 et fin des stocks publics &#8211; a conduit \u00e0 plus d&#8217;incertitudes sur les prix, ce qui a toujours constitu\u00e9 un facteur tr\u00e8s n\u00e9gatif pour la production agricole. \u00bb<\/p>\n<h2>Des solutions existent<\/h2>\n<p> \u00ab Sur la question de la faim, les r\u00e9ponses sont non seulement connues de longue date, mais \u00e0 port\u00e9e de main. En premier lieu, il faut remobiliser des ressources pour l&#8217;agriculture et la s\u00e9curit\u00e9 alimentaire. La part de l&#8217;Aide publique au d\u00e9veloppement des pays riches d\u00e9di\u00e9e \u00e0 l&#8217;agriculture des pays pauvres est pass\u00e9e de 17 % en 1981 \u00e0 3,5 % en 2006&#8230; Il faut r\u00e9investir dans l&#8217;agriculture des pays en d\u00e9veloppement, avec un retour de l&#8217;Etat dans le secteur. Permettre \u00e0 ces pays de se prot\u00e9ger et de mettre en place des politiques publiques. Les pays du Sud eux-m\u00eames doivent se mobiliser. En 2003, \u00e0 Maputo, au Mozambique, les Etats africains s&#8217;\u00e9taient engag\u00e9s \u00e0 consacrer 10 % de leurs budgets nationaux \u00e0 l&#8217;agriculture. Six ans plus tard, on en est encore loin. Ensuite, il faut diriger ces investissements vers ceux qui en ont besoin : les petits producteurs, les secteurs de l&#8217;agriculture familiale et vivri\u00e8re. Et non pas, comme le fait actuellement le Br\u00e9sil, se lancer dans l&#8217;agriculture industrielle et d&#8217;exportation. Aujourd&#8217;hui, 60 % des personnes qui ont faim dans le monde sont des petits producteurs : ce sont eux qu&#8217;il faut aider. Une politique qui ne ciblerait pas ces populations serait vou\u00e9e \u00e0 l&#8217;\u00e9chec. Bien entendu, cela exige de remettre en question les int\u00e9r\u00eats des lobbys agro-industriels. C&#8217;est donc bien une question de volont\u00e9 politique. Enfin, il est n\u00e9cessaire de revoir de mani\u00e8re globale la gouvernance mondiale. On est aujourd&#8217;hui dans une situation o\u00f9 nombre d&#8217;organisations internationales, loin de travailler ensemble, se contredisent franchement ! Les politiques pr\u00e9conis\u00e9es par la FAO et l&#8217;OMC sont totalement oppos\u00e9es&#8230; Il faut donc d&#8217;urgence r\u00e9viser les r\u00e8gles du commerce mondial et redonner un cadre et une coh\u00e9rence \u00e0 tout cela. \u00bb<\/p>\n<h2>Le Droit \u00e0 l&#8217;alimentation<\/h2>\n<p>\u00ab Selon la FAO, \u00e0 peine 10 % des 22 milliards de dollars promis et annonc\u00e9s en 2008 pour lutter contre la faim dans le monde, ont \u00e9t\u00e9 vers\u00e9s. Il faut adopter des m\u00e9canismes contraignants en termes de suivi et de respect des engagements. Un des leviers d&#8217;action pour cela nous semble \u00eatre le Droit \u00e0 une alimentation suffisante d\u00e9sormais reconnu internationalement. Il doit pouvoir \u00eatre mis en avant pour faire \u00e9chec aux pratiques de libre-\u00e9change qui provoquent ces situations de sous-alimentation dans de nombreux pays. Mais les organisations qui portent de lourdes responsabilit\u00e9s dans la situation actuelle, telles que la Banque Mondiale ou l&#8217;OMC, devraient se retirer du c\u0153ur du syst\u00e8me&#8230; \u00bb   <\/p>\n","protected":false},"excerpt":{"rendered":"<p>Plus d&#8217;un milliard d&#8217;\u00eatres humains sont sous-aliment\u00e9s. Les dirigeants de la plan\u00e8te assurent \u00eatre tr\u00e8s pr\u00e9occup\u00e9s par cette situation, sans jamais remettre en cause leurs politiques. Entretien avec avec Ambroise Mazal du CCFD-Terre solidaire. <\/p>\n","protected":false},"author":558,"featured_media":0,"comment_status":"open","ping_status":"open","sticky":false,"template":"","format":"standard","meta":{"_themeisle_gutenberg_block_has_review":false,"footnotes":""},"categories":[141],"tags":[301],"class_list":["post-4414","post","type-post","status-publish","format-standard","hentry","category-archives-web","tag-relations-internationales"],"_links":{"self":[{"href":"https:\/\/archives.regards.fr\/index.php?rest_route=\/wp\/v2\/posts\/4414","targetHints":{"allow":["GET"]}}],"collection":[{"href":"https:\/\/archives.regards.fr\/index.php?rest_route=\/wp\/v2\/posts"}],"about":[{"href":"https:\/\/archives.regards.fr\/index.php?rest_route=\/wp\/v2\/types\/post"}],"author":[{"embeddable":true,"href":"https:\/\/archives.regards.fr\/index.php?rest_route=\/wp\/v2\/users\/558"}],"replies":[{"embeddable":true,"href":"https:\/\/archives.regards.fr\/index.php?rest_route=%2Fwp%2Fv2%2Fcomments&post=4414"}],"version-history":[{"count":0,"href":"https:\/\/archives.regards.fr\/index.php?rest_route=\/wp\/v2\/posts\/4414\/revisions"}],"wp:attachment":[{"href":"https:\/\/archives.regards.fr\/index.php?rest_route=%2Fwp%2Fv2%2Fmedia&parent=4414"}],"wp:term":[{"taxonomy":"category","embeddable":true,"href":"https:\/\/archives.regards.fr\/index.php?rest_route=%2Fwp%2Fv2%2Fcategories&post=4414"},{"taxonomy":"post_tag","embeddable":true,"href":"https:\/\/archives.regards.fr\/index.php?rest_route=%2Fwp%2Fv2%2Ftags&post=4414"}],"curies":[{"name":"wp","href":"https:\/\/api.w.org\/{rel}","templated":true}]}}