{"id":4406,"date":"2009-11-01T00:00:00","date_gmt":"2009-10-31T23:00:00","guid":{"rendered":"https:\/\/wp.muchomaas.com\/l-agonie-du-sovietisme4406\/"},"modified":"2009-11-01T00:00:00","modified_gmt":"2009-10-31T23:00:00","slug":"l-agonie-du-sovietisme4406","status":"publish","type":"post","link":"https:\/\/archives.regards.fr\/?p=4406","title":{"rendered":"L&#8217;agonie du sovi\u00e9tisme"},"content":{"rendered":"<p class=\"post_excerpt\"> Entre 1989 et 1991 s&#8217;effondre la totalit\u00e9 du syst\u00e8me socialiste est-europ\u00e9en. Ces deux ann\u00e9es marquent aussi la fin de la guerre froide, longue p\u00e9riode ouverte en 1947. Trois \u00e9pisodes d&#8217;un \u00e9pilogue provisoire. <\/p>\n<p><strong> LE D\u00c9MANT\u00c8LEMENT DU BLOC <\/strong><\/p>\n<p>L&#8217;annus mirabilis \u00bb de 1989 se traduit par le d\u00e9mant\u00e8lement rapide du bloc. Les d\u00e9mocraties populaires laissent la place, dans des conditions souvent confuses, \u00e0 un mixte de d\u00e9mocratie parlementaire et d&#8217;\u00e9conomie ultralib\u00e9rale. D\u00e9bord\u00e9s par le cours des \u00e9v\u00e9nements, les partis communistes qui avaient refus\u00e9 leur modernisation s&#8217;effacent, la plupart du temps tent\u00e9s par la voie sociale-d\u00e9mocrate. En 1991, disparaissent les institutions qui concr\u00e9tisaient la tutelle sovi\u00e9tique (Pacte de Varsovie et Comecon). Le communisme quitte le devant de la sc\u00e8ne en Europe. <\/p>\n<p>= = = = = = = = = = <\/p>\n<p><strong> 1990 <\/strong><\/p>\n<p><strong> 1er janvier <\/strong> Entr\u00e9e en vigueur en Pologne du plan Balcerowicz (ministre lib\u00e9ral des Finances) qui pr\u00e9voit une \u00ab th\u00e9rapie de choc \u00bb<\/p>\n<p><strong> 27 janvier <\/strong>  Le PC polonais (Parti ouvrier unifi\u00e9 polonais ou POUP) se saborde. Il laisse la place \u00e0 la social-d\u00e9mocratie de la R\u00e9publique de Pologne (SDRP)<\/p>\n<p><strong> 18 f\u00e9vrier <\/strong>  Manifestations \u00e0 Bucarest contre la politique du gouvernement d&#8217;Ion Iliescu. La police et des milliers de mineurs venus des bassins miniers interviennent violemment contre les manifestants<\/p>\n<p><strong> 18 mars <\/strong> Premi\u00e8res \u00e9lections libres en RDA. Triomphe des chr\u00e9tiens-d\u00e9mocrates<\/p>\n<p><strong> 21 mai <\/strong> Premi\u00e8res \u00e9lections libres en Pologne. Solidarnosc emporte 85 % des si\u00e8ges<\/p>\n<p><strong> 8-9 juin <\/strong> Premi\u00e8res \u00e9lections libres en Tch\u00e9coslovaquie<\/p>\n<p><strong> 13 au 16 juin <\/strong> Nouvelles manifestations anti-Iliescu \u00e0 Bucarest. Nouvelle \u00ab min\u00e9riade \u00bb qui provoque plusieurs morts. Le 28 juin, Petre Roman forme un nouveau gouvernement<\/p>\n<p><strong> 1er juillet <\/strong> Union \u00e9conomique et mon\u00e9taire entre les deux Allemagne. D\u00e9but d&#8217;exode de milliers d&#8217;Albanais, notamment vers l&#8217;Italie<\/p>\n<p><strong> 1er ao\u00fbt <\/strong> Un ex-dissident du PC bulgare, Jelio Jelev, devient pr\u00e9sident de la R\u00e9publique<\/p>\n<p><strong> 9 ao\u00fbt <\/strong> Les dirigeants polonais, hongrois et tch\u00e9coslovaques se r\u00e9unissent au ch\u00e2teau de Visegrad, en Hongrie, et d\u00e9cident d&#8217;une d\u00e9marche commune de leurs trois pays en direction de l&#8217;Union europ\u00e9enne<\/p>\n<p><strong> 12 septembre <\/strong> Signature \u00e0 Moscou du trait\u00e9 \u00ab Quatre plus deux \u00bb (Etats-Unis, France, Royaume-Uni, Union sovi\u00e9tique, RFA et RDA) qui d\u00e9cide la r\u00e9unification d&#8217;une Allemagne restaur\u00e9e dans toute sa souverainet\u00e9<\/p>\n<p><strong> 3 octobre <\/strong> R\u00e9unification de l&#8217;Allemagne<\/p>\n<p><strong> 13 octobre <\/strong>  Aux \u00e9lections l\u00e9gislatives bulgares, l&#8217;Union des forces d\u00e9mocratiques l&#8217;emporte de justesse devant les anciens communistes qui ont form\u00e9 un parti socialiste quelques mois plus t\u00f4t<\/p>\n<p><strong> 9 d\u00e9cembre <\/strong> Lech Walesa \u00e9lu \u00e0 la pr\u00e9sidence de la R\u00e9publique de Pologne<\/p>\n<p><strong> 1991 <\/strong><\/p>\n<p><strong> 20 f\u00e9vrier <\/strong>  A Tirana, 100 000 personnes participent au d\u00e9boulonnage de la statue du fondateur de la R\u00e9publique populaire d&#8217;Albanie, Enver Hoxha. Le 22 janvier, un gouvernement provisoire a \u00e9t\u00e9 plac\u00e9 sous la responsabilit\u00e9 d&#8217;un ex-communiste, Fatos Nano<\/p>\n<p><strong> 25 f\u00e9vrier <\/strong> Dissolution du Pacte de Varsovie, l&#8217;organisation militaire int\u00e9gr\u00e9e de l&#8217;Europe de l&#8217;Est<\/p>\n<p><strong> 26 f\u00e9vrier <\/strong> Ouverture du proc\u00e8s de Todor Jivkov, qui dirigea la Bulgarie de 1954 \u00e0 1989<\/p>\n<p><strong> 25 mars-8 avril <\/strong> Elections l\u00e9gislatives en Hongrie. Majorit\u00e9 absolue pour le Forum d\u00e9mocratique<\/p>\n<p><strong> 31 mars-8 avril <\/strong> Les communistes emportent pr\u00e8s de la moiti\u00e9 des si\u00e8ges lors des premi\u00e8res \u00e9lections libres en Albanie<\/p>\n<p><strong> 28 juin <\/strong> Dissolution du Comecon, organisme d&#8217;int\u00e9gration \u00e9conomique des pays du bloc sovi\u00e9tique.<\/p>\n<p><strong> 24-28 septembre <\/strong> Nouvelle crise politique et nouvelle \u00ab min\u00e9riade \u00bb en Roumanie. L&#8217;\u00e9pisode marque l&#8217;affrontement entre Ion Iliescu et son Premier ministre, Petre Roman<\/p>\n<p><strong> LA FIN DE L&#8217;UNION SOVI\u00c9TIQUE <\/strong><\/p>\n<p>Mikha\u00efl Gorbatchev ne r\u00e9ussit pas son pari. L&#8217;Union sovi\u00e9tique s&#8217;enlise dans sa stagnation \u00e9conomique. Le recul des d\u00e9penses militaires ne suffit pas \u00e0 insuffler du sang neuf dans une industrie vieillie et une administration scl\u00e9ros\u00e9e. Peu \u00e0 peu, les soutiens \u00e0 la perestro\u00efka s&#8217;effritent. Les r\u00e9formateurs communistes marquent le pas. Ne restent plus, face \u00e0 face, que les lib\u00e9raux et les conservateurs. Au m\u00eame moment, la pouss\u00e9e nationaliste dans les pays baltes et le Caucase sape les bases de la F\u00e9d\u00e9ration mise en place en 1922. En 1990 et 1991, les fondements de la puissance et de l&#8217;unit\u00e9 sovi\u00e9tique s&#8217;\u00e9rodent jusqu&#8217;\u00e0 l&#8217;\u00e9chec. Affaibli par l&#8217;effondrement du socialisme est-europ\u00e9en, d\u00e9stabilis\u00e9 par les ind\u00e9pendantismes des r\u00e9publiques, d\u00e9l\u00e9gitim\u00e9 par le putsch conser-vateur d&#8217;ao\u00fbt 1991, Gorbatchev ne peut qu&#8217;assister, impuissant, au d\u00e9membrement de l&#8217;Union qu&#8217;il a voulu sauver par la r\u00e9forme. A la fin de 1991, l&#8217;Union sovi\u00e9tique a cess\u00e9 de vivre. <\/p>\n<p>= = = = = = = = = = <\/p>\n<p><strong> 1985 <\/strong><\/p>\n<p><strong> 10 mars <\/strong> Mikha\u00efl Gorbatchev secr\u00e9taire g\u00e9n\u00e9ral du PCUS<\/p>\n<p><strong> avril <\/strong> Le nouveau secr\u00e9taire g\u00e9n\u00e9ral d\u00e9clare que le pays est \u00ab au bord de la crise \u00bb<\/p>\n<p><strong> 1986 <\/strong><\/p>\n<p><strong> 25 f\u00e9vrier : 6 mars <\/strong> XXVIIe Congr\u00e8s du PC sovi\u00e9tique. Lancement de la perestro\u00efka<\/p>\n<p><strong> 26 avril <\/strong> Explosion \u00e0 la centrale nucl\u00e9aire de Tchernobyl. La catastrophe r\u00e9v\u00e8le les limites technologiques de la puissance sovi\u00e9tique<\/p>\n<p><strong> 16 d\u00e9cembre <\/strong> Andre\u00ef Sakharov, physicien et dissident, est autoris\u00e9 \u00e0 rentrer \u00e0 Moscou<\/p>\n<p><strong> 1987 <\/strong><\/p>\n<p><strong> 17 juillet <\/strong>  Arr\u00eat\u00e9s sur le passage progressif au \u00ab socialisme de march\u00e9 \u00bb. Confirmation de la perestro\u00efka et de la glasnost <\/p>\n<p><strong> 1988 <\/strong><\/p>\n<p><strong> 13 mars <\/strong> Un article de Nina Andreeva critique publiquement la perestro\u00efka dans une revue officielle du PC<\/p>\n<p><strong> 11 f\u00e9vrier <\/strong> D\u00e9but des affrontements entre l&#8217;Arm\u00e9nie et l&#8217;Azerba\u00efdjan \u00e0 propos du Haut-Karabakh<\/p>\n<p><strong> 14 avril <\/strong> Retrait des troupes sovi\u00e9tiques d&#8217;Afghanistan<\/p>\n<p><strong> 28 juin : 1er juillet <\/strong> XIXe Conf\u00e9rence du PCUS : \u00ab Tout le pouvoir aux soviets \u00bb<\/p>\n<p><strong> 1er d\u00e9cembre <\/strong> R\u00e9forme de la Constitution. Cr\u00e9ation d&#8217;un Congr\u00e8s des d\u00e9put\u00e9s du peuple<\/p>\n<p><strong> 1989 <\/strong><\/p>\n<p><strong> 26 mars : 9 avril <\/strong>  Premi\u00e8res \u00e9lections pluralistes. Victoire des r\u00e9formateurs<\/p>\n<p><strong> 1990 <\/strong><\/p>\n<p><strong> 5-7 f\u00e9vrier <\/strong> Le Comit\u00e9 central du PCUS d\u00e9bat de la fin du r\u00f4le dirigeant du parti<\/p>\n<p><strong> 4 mars <\/strong> Succ\u00e8s aux \u00e9lections locales des r\u00e9formateurs et des nationalistes dans les pays baltes. 110 membres du Comit\u00e9 central ne sont pas r\u00e9\u00e9lus<\/p>\n<p><strong> 11 mars <\/strong> La Lituanie proclame son ind\u00e9pendance. La Lettonie et l&#8217;Estonie l&#8217;imitent entre mars et ao\u00fbt<\/p>\n<p><strong> 14 mars <\/strong> Gorbatchev \u00e9lu pr\u00e9sident de l&#8217;Union<\/p>\n<p><strong> 12 juin <\/strong>  Sous l&#8217;impulsion de Boris Eltsine, le Soviet supr\u00eame de la Russie sovi\u00e9tique (RSFSR) proclame la souverainet\u00e9 de la R\u00e9publique de Russie<\/p>\n<p><strong> 2-13 juillet <\/strong>  Au XXVIIIe Congr\u00e8s du PC, Gorbatchev se d\u00e9barrasse de ses \u00ab r\u00e9formateurs \u00bb (Boris Eltsine) et de ses \u00ab conservateurs \u00bb (Egor Ligatchev)<\/p>\n<p><strong> 17 septembre <\/strong> Les r\u00e9publiques baltes entrent \u00e0 l&#8217;ONU<\/p>\n<p><strong> 9 octobre <\/strong> Loi instaurant le principe du pluripartisme en URSS<\/p>\n<p><strong> 1991 <\/strong><\/p>\n<p><strong> janvier <\/strong> Affrontements sanglants \u00e0 Vilnius (Lituanie) et \u00e0 Riga (Lettonie)<\/p>\n<p><strong> mars-avril <\/strong>  Gr\u00e8ve des mineurs qui demandent la d\u00e9mission de Gorbatchev<\/p>\n<p><strong> 1er juillet <\/strong>  Suppression de la planification centrale et du Conseil d&#8217;Etat aux prix<\/p>\n<p><strong> 18-21 ao\u00fbt <\/strong> Putsch contre Gorbatchev \u00e0 Moscou. Eltsine prend la t\u00eate de la r\u00e9sistance au coup d&#8217;Etat<\/p>\n<p><strong> 24 ao\u00fbt <\/strong> Eltsine interdit le parti communiste en Russie<\/p>\n<p><strong> 8 d\u00e9cembre <\/strong> Les chefs d&#8217;Etat de la Russie, de l&#8217;Ukraine et de la Bi\u00e9lorussie d\u00e9clarent <\/p>\n<p>la fin de l&#8217;URSS et la cr\u00e9ation de la Communaut\u00e9 des Etats ind\u00e9pendants (CEI)<\/p>\n<p><strong> 24 d\u00e9cembre <\/strong> La Russie h\u00e9rite du si\u00e8ge de l&#8217;URSS \u00e0 l&#8217;ONU<\/p>\n<p><strong> 25 d\u00e9cembre <\/strong> Gorbatchev d\u00e9missionne de la pr\u00e9sidence de l&#8217;URSS<\/p>\n<p><strong> 31 d\u00e9cembre <\/strong> Le drapeau rouge ne flotte plus au sommet du Kremlin<\/p>\n<p><strong> L&#8217;\u00c9CLATEMENT DE LA YOUGOSLAVIE <\/strong><\/p>\n<p>L&#8217;Etat yougoslave est n\u00e9 \u00e0 la fin de la Premi\u00e8re Guerre mondiale. V\u00e9ritable mosa\u00efque de peuples plac\u00e9e sous la tutelle des Serbes, cette nouvelle Yougoslavie (le nom est fix\u00e9 en 1929) est tr\u00e8s t\u00f4t soumise \u00e0 de vives tensions sociales, politiques et nationales. En 1945, elle devient une d\u00e9mocratie populaire, sous l&#8217;autorit\u00e9 du Croate Josip Broz, dit Tito, l&#8217;un des principaux chefs de la r\u00e9sistance contre les nazis. Pendant quelques d\u00e9cennies, la Yougoslavie essaie de suivre une voie socialiste originale, d\u00e9gag\u00e9e du contr\u00f4le tatillon de l&#8217;URSS stalinienne. La F\u00e9d\u00e9ration yougoslave ne r\u00e9sistera pas \u00e0 l&#8217;effondrement du bloc de l&#8217;Est. Les partis nationalistes prennent partout le dessus, sauf au Mont\u00e9n\u00e9gro et en Serbie, o\u00f9 les communistes ont peu \u00e0 peu vir\u00e9 au nationalisme le plus intransigeant. Ce tournant nationaliste est sanctionn\u00e9, le 8 mai 1989, par l&#8217;\u00e9lection de Slobodan Milosevic \u00e0 la pr\u00e9sidence de la Serbie. Le d\u00e9pe\u00e7age de la F\u00e9d\u00e9ration s&#8217;annonce d\u00e8s 1990 et s&#8217;accomplit en 1991, \u00e0 partir de l&#8217;ind\u00e9pendance de la Croatie et de la Slov\u00e9nie. La Serbie renoncera tr\u00e8s vite \u00e0 intervenir militairement en Slov\u00e9nie et en Mac\u00e9doine, mais elle n&#8217;en fait pas autant en Croatie et en Bosnie-Herz\u00e9govine o\u00f9 vivent d&#8217;importantes minorit\u00e9s serbes. Le si\u00e8ge de Sarajevo devient le symbole d&#8217;un affrontement sans merci, parsem\u00e9 des \u00e9pisodes honteux des \u00ab \u00e9purations ethniques \u00bb qui laissent la communaut\u00e9 internationale impuissante. Cette premi\u00e8re phase prend fin en 1995 avec les accords de Dayton, mais le conflit rebondit en 1998 avec le soul\u00e8vement des Albanais de la province autonome du Kosovo. La violente intervention serbe dure jusqu&#8217;au printemps 1999 quand s&#8217;abattent les bombardements de la Serbie organis\u00e9s par les Am\u00e9ricains, sous drapeau de l&#8217;OTAN.  Le 4 f\u00e9vrier 2003, est cr\u00e9\u00e9 l&#8217;Etat de Serbie-et-Mont\u00e9n\u00e9gro, jusqu&#8217;\u00e0 ce que le Mont\u00e9n\u00e9gro proclame son ind\u00e9pendance le 3 juin 2006, suivi le 17 f\u00e9vrier 2008 par le Kosovo (qui \u00e9tait dot\u00e9 d&#8217;un statut de protectorat international). <\/p>\n<p>= = = = = = = = = = <\/p>\n<p><strong> 1989 <\/strong><\/p>\n<p><strong> 8 mai <\/strong> Slobodan Milosevic \u00e9lu pr\u00e9sident de la Serbie<\/p>\n<p><strong> 1990 <\/strong><\/p>\n<p><strong> 22 janvier <\/strong> La d\u00e9l\u00e9gation slov\u00e8ne quitte le XIVe Congr\u00e8s de la Ligue communiste yougoslave<\/p>\n<p><strong> 1er mars <\/strong>  \u00c9tat d&#8217;urgence d\u00e9cr\u00e9t\u00e9 <\/p>\n<p>au Kosovo<\/p>\n<p><strong> 1er octobre <\/strong>  La minorit\u00e9 serbe de Croatie d\u00e9clare son autonomie<\/p>\n<p><strong> 26 d\u00e9cembre <\/strong> Le Parlement slov\u00e8ne proclame l&#8217;ind\u00e9pendance de la R\u00e9publique<\/p>\n<p><strong> 1991 <\/strong><\/p>\n<p><strong> 26 mars <\/strong> La minorit\u00e9 serbe de Krajina d\u00e9clare son ind\u00e9pendance<\/p>\n<p><strong> 5 avril <\/strong> L&#8217;arm\u00e9e f\u00e9d\u00e9rale yougoslave d\u00e9ploie ses troupes en Krajina<\/p>\n<p><strong> 25 juin <\/strong> La Croatie et la Slov\u00e9nie d\u00e9clarent leur ind\u00e9pendance<\/p>\n<p><strong> 27 juin <\/strong> L&#8217;offensive de l&#8217;arm\u00e9e f\u00e9d\u00e9rale yougoslave contre la d\u00e9fense territoriale slov\u00e8ne marque le d\u00e9but des guerres yougoslaves ao\u00fbt-novembre Si\u00e8ge de Vukovar (Croatie)<\/p>\n<p><strong> d\u00e9cembre <\/strong> L&#8217;Allemagne reconna\u00eet l&#8217;ind\u00e9pendance croate et slov\u00e8ne<\/p>\n<p>Paru dans<em> Regards <\/em> n\u00b066, novembre 2009<\/p>\n","protected":false},"excerpt":{"rendered":"<p> Entre 1989 et 1991 s&#8217;effondre la totalit\u00e9 du syst\u00e8me socialiste est-europ\u00e9en. Ces deux ann\u00e9es marquent aussi la fin de la guerre froide, longue p\u00e9riode ouverte en 1947. Trois \u00e9pisodes d&#8217;un \u00e9pilogue provisoire. <\/p>\n","protected":false},"author":1,"featured_media":0,"comment_status":"open","ping_status":"open","sticky":false,"template":"","format":"standard","meta":{"_themeisle_gutenberg_block_has_review":false,"footnotes":""},"categories":[141],"tags":[301],"class_list":["post-4406","post","type-post","status-publish","format-standard","hentry","category-archives-web","tag-relations-internationales"],"_links":{"self":[{"href":"https:\/\/archives.regards.fr\/index.php?rest_route=\/wp\/v2\/posts\/4406","targetHints":{"allow":["GET"]}}],"collection":[{"href":"https:\/\/archives.regards.fr\/index.php?rest_route=\/wp\/v2\/posts"}],"about":[{"href":"https:\/\/archives.regards.fr\/index.php?rest_route=\/wp\/v2\/types\/post"}],"author":[{"embeddable":true,"href":"https:\/\/archives.regards.fr\/index.php?rest_route=\/wp\/v2\/users\/1"}],"replies":[{"embeddable":true,"href":"https:\/\/archives.regards.fr\/index.php?rest_route=%2Fwp%2Fv2%2Fcomments&post=4406"}],"version-history":[{"count":0,"href":"https:\/\/archives.regards.fr\/index.php?rest_route=\/wp\/v2\/posts\/4406\/revisions"}],"wp:attachment":[{"href":"https:\/\/archives.regards.fr\/index.php?rest_route=%2Fwp%2Fv2%2Fmedia&parent=4406"}],"wp:term":[{"taxonomy":"category","embeddable":true,"href":"https:\/\/archives.regards.fr\/index.php?rest_route=%2Fwp%2Fv2%2Fcategories&post=4406"},{"taxonomy":"post_tag","embeddable":true,"href":"https:\/\/archives.regards.fr\/index.php?rest_route=%2Fwp%2Fv2%2Ftags&post=4406"}],"curies":[{"name":"wp","href":"https:\/\/api.w.org\/{rel}","templated":true}]}}