{"id":4393,"date":"2009-11-24T00:00:00","date_gmt":"2009-11-23T23:00:00","guid":{"rendered":"https:\/\/wp.muchomaas.com\/declaration-a-l-occasion-de-la4393\/"},"modified":"2009-11-24T00:00:00","modified_gmt":"2009-11-23T23:00:00","slug":"declaration-a-l-occasion-de-la4393","status":"publish","type":"post","link":"https:\/\/archives.regards.fr\/?p=4393","title":{"rendered":"D\u00e9claration \u00e0 l&#8217;occasion de la Journ\u00e9e mondiale lutte contre les violences faites aux femmes : Lutter oui, mais pr\u00e9venir aussi"},"content":{"rendered":"<p>D\u00e9s sa cr\u00e9ation, Le Planning Familial a \u00e9t\u00e9 confront\u00e9 aux violences contre les femmes. Beaucoup de celles qui venaient parler contraception, avortement, sexualit\u00e9, \u00e9taient victimes de violences sexistes et sexuelles. Depuis Le Planning a d\u00e9velopp\u00e9 des actions d&#8217;\u00e9coute et d&#8217;accompagnement et des partenariats avec les structures dans la prise en charge des victimes. La parole lib\u00e9r\u00e9e permet de sortir les violences de la sph\u00e8re priv\u00e9e et d&#8217;en faire une question sociale et politique. <\/p>\n<p>Dans son approche des violences, Le Planning Familial consid\u00e8re qu&#8217;il faut aller au-del\u00e0 de la dimension individuelle d&#8217;un homme auteur de violence et responsable de ses actes et d&#8217;une femme victime. Il y a en effet une responsabilit\u00e9 collective de nos soci\u00e9t\u00e9s qui restent fond\u00e9es sur des relations in\u00e9galitaires entre les sexes, sur la domination du masculin sur le f\u00e9minin. Cette domination d&#8217;un sexe sur l&#8217;autre n&#8217;est pas \u00ab naturelle \u00bb, elle est construite socialement et a des cons\u00e9quences sur les comportements individuels, sur les rapports sociaux et politiques.<\/p>\n<p>Le Masculin et le F\u00e9minin sont d\u00e9finis par des st\u00e9r\u00e9otypes qui enferment les hommes et les femmes dans des r\u00f4les norm\u00e9s. Ainsi nos soci\u00e9t\u00e9s valorisent les comportements \u00e0 risques et la violence comme des valeurs fondatrices du Masculin : se battre, boire de l&#8217;alcool, conduire vite, \u00eatre comp\u00e9titif et agressif notamment dans le travail, le sport, la drague <\/p>\n<p>La lutte contre les violences faites aux femmes implique de remettre en question ces st\u00e9r\u00e9otypes et ces rapports de domination tant au niveau individuel que collectif car ils engendrent et l\u00e9gitiment ces violences. Elle exige aussi un travail avec les auteurs comme partie int\u00e9grante de la lutte contre les violences.<\/p>\n<p>Prot\u00e9ger les victimes et punir les auteurs de violences, doit aller de pair avec un questionnement  sur ces repr\u00e9sentations et assignations du Masculin et du F\u00e9minin et sur les r\u00e9actions violentes que celles-ci peuvent g\u00e9n\u00e9rer : homophobie, contr\u00f4le du corps, de la sexualit\u00e9 et de la vie des femmes et des filles, les assignations \u00e0 la \u00ab virilit\u00e9 \u00bb pour les gar\u00e7ons et les hommes.<\/p>\n<p>La pr\u00e9vention des violences passe par une int\u00e9gration syst\u00e9matique dans les actions d&#8217;\u00e9ducation \u00e0 la sexualit\u00e9 en direction des jeunes d&#8217;une r\u00e9flexion sur la place des hommes et des femmes dans nos soci\u00e9t\u00e9s, questionner avec eux les r\u00f4les masculins et f\u00e9minins et les situations de discriminations v\u00e9cues par les filles et les femmes dans la vie familiale, professionnelle et politique. Des exp\u00e9riences men\u00e9es notamment en \u00e9coles primaires s&#8217;appuient sur un apprentissage \u00e0 dire ses \u00e9motions, \u00e0 \u00e9couter l&#8217;autre, parce que la violence est souvent le moyen de ceux \u00ab qui n&#8217;ont pas les mots \u00bb.<\/p>\n<p>Pratiqu\u00e9e par des intervenants attentifs \u00e0 travailler en partant des pr\u00e9occupations des enfants, form\u00e9s \u00e0 conduire un groupe \u00e0 se forger ses propres opinions, cette approche permet de pr\u00e9venir les violences en permettant \u00e0 chacun d&#8217;am\u00e9liorer l&#8217;image de soi et ses comp\u00e9tences pour conduire sa vie.<\/p>\n<p>Ce n&#8217;est qu&#8217;en adoptant le triptyque pr\u00e9vention, protection des victimes et punition des auteurs que notre soci\u00e9t\u00e9 peut lutter efficacement contre les violences faites aux femmes tout en se r\u00e9-interrogeant sur la place qu&#8217;elle assigne \u00e0 chacun des genres. Encore faut-il une r\u00e9elle volont\u00e9 politique.<\/p>\n<p>Contacts : MFPF mfpf@planning-familial.org<\/p>\n","protected":false},"excerpt":{"rendered":"<p>D\u00e9s sa cr\u00e9ation, Le Planning Familial a \u00e9t\u00e9 confront\u00e9 aux violences contre les femmes. Beaucoup de celles qui venaient parler contraception, avortement, sexualit\u00e9, \u00e9taient victimes de violences sexistes et sexuelles. Depuis Le Planning a d\u00e9velopp\u00e9 des actions d&#8217;\u00e9coute et d&#8217;accompagnement et des partenariats avec les structures dans la prise en charge des victimes. La parole [&hellip;]<\/p>\n","protected":false},"author":1,"featured_media":0,"comment_status":"open","ping_status":"open","sticky":false,"template":"","format":"standard","meta":{"_themeisle_gutenberg_block_has_review":false,"footnotes":""},"categories":[141],"tags":[306],"class_list":["post-4393","post","type-post","status-publish","format-standard","hentry","category-archives-web","tag-feminisme"],"_links":{"self":[{"href":"https:\/\/archives.regards.fr\/index.php?rest_route=\/wp\/v2\/posts\/4393","targetHints":{"allow":["GET"]}}],"collection":[{"href":"https:\/\/archives.regards.fr\/index.php?rest_route=\/wp\/v2\/posts"}],"about":[{"href":"https:\/\/archives.regards.fr\/index.php?rest_route=\/wp\/v2\/types\/post"}],"author":[{"embeddable":true,"href":"https:\/\/archives.regards.fr\/index.php?rest_route=\/wp\/v2\/users\/1"}],"replies":[{"embeddable":true,"href":"https:\/\/archives.regards.fr\/index.php?rest_route=%2Fwp%2Fv2%2Fcomments&post=4393"}],"version-history":[{"count":0,"href":"https:\/\/archives.regards.fr\/index.php?rest_route=\/wp\/v2\/posts\/4393\/revisions"}],"wp:attachment":[{"href":"https:\/\/archives.regards.fr\/index.php?rest_route=%2Fwp%2Fv2%2Fmedia&parent=4393"}],"wp:term":[{"taxonomy":"category","embeddable":true,"href":"https:\/\/archives.regards.fr\/index.php?rest_route=%2Fwp%2Fv2%2Fcategories&post=4393"},{"taxonomy":"post_tag","embeddable":true,"href":"https:\/\/archives.regards.fr\/index.php?rest_route=%2Fwp%2Fv2%2Ftags&post=4393"}],"curies":[{"name":"wp","href":"https:\/\/api.w.org\/{rel}","templated":true}]}}