{"id":438,"date":"2016-10-28T12:27:45","date_gmt":"2016-10-28T10:27:45","guid":{"rendered":"https:\/\/wp.muchomaas.com\/breve-jean-christophe-cambadelis-438\/"},"modified":"2016-10-28T12:27:45","modified_gmt":"2016-10-28T10:27:45","slug":"breve-jean-christophe-cambadelis-438","status":"publish","type":"post","link":"https:\/\/archives.regards.fr\/?p=438","title":{"rendered":"Jean-Christophe Cambad\u00e9lis"},"content":{"rendered":"<p><em>\u00ab\u00a0Si le PCF et les \u00e9cologistes n&#8217;ont pas d&#8217;accord avec le PS ils ne seront pas pr\u00e9sents \u00e0 l&#8217;Assembl\u00e9e nationale en 2017.\u00a0\u00bb<\/em> (26\/10\/2016)<\/p>\n","protected":false},"excerpt":{"rendered":"<p>\u00ab\u00a0Si le PCF et les \u00e9cologistes n&#8217;ont pas d&#8217;accord avec le PS ils ne seront pas pr\u00e9sents \u00e0 l&#8217;Assembl\u00e9e nationale en 2017.\u00a0\u00bb (26\/10\/2016)<\/p>\n","protected":false},"author":1,"featured_media":0,"comment_status":"open","ping_status":"open","sticky":false,"template":"","format":"standard","meta":{"_themeisle_gutenberg_block_has_review":false,"footnotes":""},"categories":[284],"tags":[],"class_list":["post-438","post","type-post","status-publish","format-standard","hentry","category-declarama-breves"],"_links":{"self":[{"href":"https:\/\/archives.regards.fr\/index.php?rest_route=\/wp\/v2\/posts\/438","targetHints":{"allow":["GET"]}}],"collection":[{"href":"https:\/\/archives.regards.fr\/index.php?rest_route=\/wp\/v2\/posts"}],"about":[{"href":"https:\/\/archives.regards.fr\/index.php?rest_route=\/wp\/v2\/types\/post"}],"author":[{"embeddable":true,"href":"https:\/\/archives.regards.fr\/index.php?rest_route=\/wp\/v2\/users\/1"}],"replies":[{"embeddable":true,"href":"https:\/\/archives.regards.fr\/index.php?rest_route=%2Fwp%2Fv2%2Fcomments&post=438"}],"version-history":[{"count":0,"href":"https:\/\/archives.regards.fr\/index.php?rest_route=\/wp\/v2\/posts\/438\/revisions"}],"wp:attachment":[{"href":"https:\/\/archives.regards.fr\/index.php?rest_route=%2Fwp%2Fv2%2Fmedia&parent=438"}],"wp:term":[{"taxonomy":"category","embeddable":true,"href":"https:\/\/archives.regards.fr\/index.php?rest_route=%2Fwp%2Fv2%2Fcategories&post=438"},{"taxonomy":"post_tag","embeddable":true,"href":"https:\/\/archives.regards.fr\/index.php?rest_route=%2Fwp%2Fv2%2Ftags&post=438"}],"curies":[{"name":"wp","href":"https:\/\/api.w.org\/{rel}","templated":true}]}}