{"id":4372,"date":"2009-10-06T00:00:00","date_gmt":"2009-10-05T22:00:00","guid":{"rendered":"https:\/\/wp.muchomaas.com\/reinstaller-la-police-de-vichy-une4372\/"},"modified":"2009-10-06T00:00:00","modified_gmt":"2009-10-05T22:00:00","slug":"reinstaller-la-police-de-vichy-une4372","status":"publish","type":"post","link":"https:\/\/archives.regards.fr\/?p=4372","title":{"rendered":"\u00ab R\u00e9installer la police de Vichy \u00bb ?, une tribune de Jean-Pierre Dubois, pr\u00e9sident de la LDH"},"content":{"rendered":"<p>Source http:\/\/www.humanite.fr\/2009-09-30_Idees-Tribune-libre-Histoire_-Reinstaller-la-police-de-Vichy<\/p>\n<p>A propos de l&#8217;appel \u00e0 la d\u00e9lation lanc\u00e9 par le pr\u00e9fet de l&#8217;Essonne<\/p>\n<p>Vous voulez d\u00e9noncer votre voisin \u00e9tranger sans papiers ? Vous d\u00e9barrasser d&#8217;un SDF qui dort sur le trottoir pr\u00e8s de chez vous ? Faire coffrer les jeunes qui font trop de bruit dans le hall de votre immeuble ? Aucun probl\u00e8me, le directeur d\u00e9partemental de la s\u00e9curit\u00e9 publique dans l&#8217;Essonne a pens\u00e9 \u00e0 vous : une lettre anonyme et le tour est jou\u00e9.<\/p>\n<p>Depuis une semaine, les habitants de l&#8217;Essonne peuvent envoyer un courriel \u00e0 l&#8217;adresse e-mail police-ddsp@interieur.gouv.fr pour transmettre tout \u00ab t\u00e9moignage, photographie et vid\u00e9o \u00bb, la \u00ab confidentialit\u00e9 est garantie \u00bb : celui que l&#8217;on arr\u00eatera ne saura jamais quel est le \u00ab bon Fran\u00e7ais \u00bb qui l&#8217;a d\u00e9nonc\u00e9. Selon le Syndicat des commissaires de la police nationale, \u00ab c&#8217;est une fa\u00e7on pour les habitants de signaler \u00e0 la police, de mani\u00e8re feutr\u00e9e, des faits de d\u00e9linquance qui les touchent \u00bb. En bon Fran\u00e7ais, l&#8217;amateur d&#8217;anonymat \u00ab feutr\u00e9 \u00bb porte un nom : l&#8217;indic.<\/p>\n<p>Voici donc la version \u00ab Internet \u00bb de l&#8217;appel \u00e0 la d\u00e9lation, \u00ab devoir r\u00e9publicain \u00bb, selon l&#8217;inimitable Fr\u00e9d\u00e9ric Lef\u00e8vre, dont la R\u00e9publique a d&#8217;\u00e9tranges accents. Mais le directeur de la police de l&#8217;Essonne n&#8217;est pas un pr\u00e9curseur : en 2006, la Ligue des droits de l&#8217;homme avait fait reculer le m\u00eame dispositif dans le Var, qualifi\u00e9 alors par le minist\u00e8re d&#8217;initiative locale incontr\u00f4l\u00e9e.<\/p>\n<p>Il faudrait savoir : ou bien le ministre de l&#8217;Int\u00e9rieur ne contr\u00f4le plus les hauts responsables policiers, ou bien le gouvernement pense, comme le porte-parole de l&#8217;UMP, qu&#8217;il est sain que chacun puisse d\u00e9noncer en douce ses proches aux autorit\u00e9s polici\u00e8res. Une nouvelle \u00ab politique de civilisation \u00bb, comme dirait Nicolas Sarkozy.<\/p>\n<p>L&#8217;obsession s\u00e9curitaire, la mont\u00e9e de la \u00ab soci\u00e9t\u00e9 de surveillance \u00bb, la toile d&#8217;araign\u00e9e qui enserre la vie priv\u00e9e au nom du contr\u00f4le social, ce sont ces petites choses qui passent inaper\u00e7ues au gr\u00e9 d&#8217;\u00ab initiatives incontr\u00f4l\u00e9es \u00bb, d&#8217;EDVIGE en multiplication de cam\u00e9ras de \u00ab vid\u00e9osurveillance \u00bb (rebaptis\u00e9e \u00ab vid\u00e9oprotection \u00bb : toujours le langage \u00ab feutr\u00e9 \u00bb&#8230;).<\/p>\n<p>Dormez en paix, braves gens, et si vous \u00eates honn\u00eates vous n&#8217;avez rien \u00e0 cacher : nous devons tout montrer de notre vie pour cesser d&#8217;\u00eatre suspects. Il n&#8217;y a pas que dans les grands proc\u00e8s que le pr\u00e9sident de la R\u00e9publique ou le ministre de l&#8217;Int\u00e9rieur jugent coupables un jour Yvan Colonna, l&#8217;autre Julien Coupat \u00e0 Tarnac, un autre encore Dominique de Villepin, sans attendre que la justice fasse la v\u00e9rit\u00e9 sur des affaires \u00e9trangement embrouill\u00e9es : c&#8217;est chacun de nous qui, aux yeux du pouvoir, a cess\u00e9 d&#8217;\u00eatre pr\u00e9sum\u00e9 innocent comme le pr\u00e9voit la D\u00e9claration des droits de l&#8217;homme et du citoyen.<\/p>\n<p>Et maintenant il ne suffit plus de ne rien cacher \u00e0 l&#8217;\u00c9tat de sa vie, il faut aider la police \u00e0 traquer les autres. Sous d&#8217;autres cieux on fait mieux que dans l&#8217;Essonne : en Tunisie aujourd&#8217;hui, comme en Roumanie il y a vingt ans, c&#8217;est un quart de la population qui est enr\u00f4l\u00e9e dans les rangs des collaborateurs \u00ab feutr\u00e9s \u00bb du pouvoir. Est-ce cela que nous voulons vivre ?<\/p>\n<p>\u00c9coutons Henri Guaino, furieux que l&#8217;on sache ce que Brice Hortefeux raconte sur les \u00ab Auvergnats \u00bb \u00e0 ses amis politiques : \u00ab Je ne crois pas \u00e0 la soci\u00e9t\u00e9 de la d\u00e9lation g\u00e9n\u00e9ralis\u00e9e, de la surveillance g\u00e9n\u00e9ralis\u00e9e (&#8230;), la transparence absolue est le d\u00e9but du totalitarisme. \u00bb Et Nicolas Sarkozy en 2007 devant le MEDEF : \u00ab \u00c0 quoi sert-il d&#8217;expliquer \u00e0 nos enfants que Vichy et la Collaboration c&#8217;est une page sombre de notre histoire et de tol\u00e9rer des contr\u00f4les fiscaux ou des enqu\u00eates sur d\u00e9nonciation anonyme ? \u00bb Non \u00e0 la d\u00e9lation&#8230; seulement pour les amis politiques et financiers ?<\/p>\n<p>Une d\u00e9p\u00eache AFP du 19 septembre fait \u00e9tat d&#8217;une r\u00e9action au nouveau syst\u00e8me de l&#8217;Essonne craignant \u00ab une impression de r\u00e9installer la police de Vichy \u00bb. D\u00e9claration de \u00ab droitsdel&#8217;hommiste \u00bb ang\u00e9liste ou de trublion irresponsable ? Pas du tout : ces propos sont ceux du secr\u00e9taire g\u00e9n\u00e9ral du syndicat Alliance. Un des meilleurs soutiens policiers du toujours plus r\u00e9pressif proteste contre des m\u00e9thodes rappelant le r\u00e9gime de Vichy. Voil\u00e0 o\u00f9 nous en sommes apr\u00e8s des ann\u00e9es de contamination du populisme s\u00e9curitaire.<\/p>\n<p>La Ligue des droits de l&#8217;homme va lancer, dans les prochaines semaines, une grande campagne \u00ab Urgence pour les libert\u00e9s, urgence pour les droits \u00bb. Avant que l&#8217;inacceptable ne se soit install\u00e9 dans nos vies et n&#8217;ait corrompu tout ce qui nous permet de vivre ensemble, disons-le ensemble, le plus nombreux possible : il faut en finir avec ce qui d\u00e9figure la R\u00e9publique. Oui, il y a urgence.<\/p>\n","protected":false},"excerpt":{"rendered":"<p>Source http:\/\/www.humanite.fr\/2009-09-30_Idees-Tribune-libre-Histoire_-Reinstaller-la-police-de-Vichy A propos de l&#8217;appel \u00e0 la d\u00e9lation lanc\u00e9 par le pr\u00e9fet de l&#8217;Essonne Vous voulez d\u00e9noncer votre voisin \u00e9tranger sans papiers ? Vous d\u00e9barrasser d&#8217;un SDF qui dort sur le trottoir pr\u00e8s de chez vous ? Faire coffrer les jeunes qui font trop de bruit dans le hall de votre immeuble ? Aucun [&hellip;]<\/p>\n","protected":false},"author":1,"featured_media":0,"comment_status":"open","ping_status":"open","sticky":false,"template":"","format":"standard","meta":{"_themeisle_gutenberg_block_has_review":false,"footnotes":""},"categories":[141],"tags":[316],"class_list":["post-4372","post","type-post","status-publish","format-standard","hentry","category-archives-web","tag-securitaire"],"_links":{"self":[{"href":"https:\/\/archives.regards.fr\/index.php?rest_route=\/wp\/v2\/posts\/4372","targetHints":{"allow":["GET"]}}],"collection":[{"href":"https:\/\/archives.regards.fr\/index.php?rest_route=\/wp\/v2\/posts"}],"about":[{"href":"https:\/\/archives.regards.fr\/index.php?rest_route=\/wp\/v2\/types\/post"}],"author":[{"embeddable":true,"href":"https:\/\/archives.regards.fr\/index.php?rest_route=\/wp\/v2\/users\/1"}],"replies":[{"embeddable":true,"href":"https:\/\/archives.regards.fr\/index.php?rest_route=%2Fwp%2Fv2%2Fcomments&post=4372"}],"version-history":[{"count":0,"href":"https:\/\/archives.regards.fr\/index.php?rest_route=\/wp\/v2\/posts\/4372\/revisions"}],"wp:attachment":[{"href":"https:\/\/archives.regards.fr\/index.php?rest_route=%2Fwp%2Fv2%2Fmedia&parent=4372"}],"wp:term":[{"taxonomy":"category","embeddable":true,"href":"https:\/\/archives.regards.fr\/index.php?rest_route=%2Fwp%2Fv2%2Fcategories&post=4372"},{"taxonomy":"post_tag","embeddable":true,"href":"https:\/\/archives.regards.fr\/index.php?rest_route=%2Fwp%2Fv2%2Ftags&post=4372"}],"curies":[{"name":"wp","href":"https:\/\/api.w.org\/{rel}","templated":true}]}}