{"id":4360,"date":"2009-10-01T00:00:00","date_gmt":"2009-09-30T22:00:00","guid":{"rendered":"https:\/\/wp.muchomaas.com\/la-revanche-virtuelle-de-gutenberg4360\/"},"modified":"2009-10-01T00:00:00","modified_gmt":"2009-09-30T22:00:00","slug":"la-revanche-virtuelle-de-gutenberg4360","status":"publish","type":"post","link":"https:\/\/archives.regards.fr\/?p=4360","title":{"rendered":"La revanche virtuelle de Gutenberg"},"content":{"rendered":"<p>Avant, les affaires s&#8217;av\u00e9raient relativement simples dans l&#8217;univers m\u00e9diatique. A chaque support sa forme dominante d&#8217;expression, ses techniques, son mod\u00e8le \u00e9conomique. L&#8217;invention de la t\u00e9l\u00e9vision avait, croyait-on, garanti la victoire d\u00e9finitive de l&#8217;image sur l&#8217;\u00e9crit, de la facilit\u00e9 visuelle du mouvement sur le difficile biais de la lecture immobile. Mais l&#8217;\u00e9cran n&#8217;\u00e9tait qu&#8217;une fa\u00e7ade. Il attendait que survienne sa v\u00e9ritable \u00e9mancipation. Celle que l&#8217;av\u00e8nement de l&#8217;informatique puis du web allaient lui insuffler. Et l&#8217;ordre des choses allait de nouveau se renverser, d\u00e9trompant les Cassandre et rappelant que le lent processus culturel, civilisateur, mais irr\u00e9versible, d&#8217;alphab\u00e9tisation de l&#8217;humanit\u00e9 ne s&#8217;\u00e9teindrait pas aussi b\u00eatement.<\/p>\n<p>Car d\u00e9sormais la t\u00e9l\u00e9 se regarde sur l&#8217;ordinateur. L&#8217;Internet se consulte sur le portable. Et les quotidiens ouvrent des blogs pour tenter de r\u00e9cup\u00e9rer un peu de lectorat et surtout de pub. Le blog, en voil\u00e0 une invention finalement aussi fondamentale que Windows dans la profondeur de ses implications sociales. Un nom de monstre des ann\u00e9es cinquante pour la plus petite porte d&#8217;entr\u00e9e dans le monde de l&#8217;\u00e9gocentrisme num\u00e9rique. A la base, le service minimum : design limite, adresse pas possible, chargement des pages hasardeux parfois aussi long que pour le plus \u00e9labor\u00e9 des sites&#8230; Il n&#8217;en fallait cependant pas moins pour sortir le web de son \u00e8re professionnelle. Toute le monde r\u00e9clame maintenant le l\u00e9gitime droit \u00e0 son site, sans avoir \u00e0 ma\u00eetriser un logiciel quelconque. Le succ\u00e8s de Myspace \u00e9tait b\u00e2ti sur ce d\u00e9sir d&#8217;appara\u00eetre sur la toile comme une nouvelle forme de reconnaissance sociale. De l\u00e0 \u00e0 y d\u00e9celer une logique citoyenne qui donnerait corps \u00e0 une mondialisation individuelle, le pas fut vite franchi, parfois dans un enthousiasme na\u00eff qui oubliait les travers nombrilistes et les d\u00e9rapages naus\u00e9eux d&#8217;une blogosph\u00e8re en perp\u00e9tuelle expansion. Facebook et surtout Twitter ont certes pouss\u00e9 la logique jusqu&#8217;au bout. Mais le blog conserve malgr\u00e9 tout une qualit\u00e9 qui semble s&#8217;amenuiser sur les sites de r\u00e9seaux. Il conserve un lien puissant, une h\u00e9r\u00e9dit\u00e9 litt\u00e9raire, une filiation \u00e9vidente avec les formes anciennes de l&#8217;\u00e9crit mat\u00e9riel, du dazibao au fanzine, du quotidien national au journal intime. Les esprits les plus r\u00e9actionnaires nous pr\u00e9disaient des g\u00e9n\u00e9rations d&#8217;analphab\u00e8tes qui ne s&#8217;exprimeraient qu&#8217;en langage SMS ou qui remplaceraient la parole par le clic, la plume par la souris et le papier par l&#8217;Ibook. Seulement voil\u00e0, tout comme le podcast a offert une nouvelle jeunesse \u00e0 la radio, les blogs ont redonn\u00e9 le go\u00fbt de la plume et favoris\u00e9 ainsi l&#8217;acquisition transg\u00e9n\u00e9rationelle du web.<\/p>\n<p>Que ce soit pour relater les \u00e9tats d&#8217;\u00e2me d&#8217;un ado, les d\u00e9boires d&#8217;une liste d&#8217;opposition dans le fin fond de la Corr\u00e8ze ou les manifs \u00e0 T\u00e9h\u00e9ran, les doutes existentiels d&#8217;un intello altermondialiste ou les vieilles crispations du Texas profond devant la r\u00e9forme de la sant\u00e9, l&#8217;essentiel reste qu&#8217;\u00e0 l&#8217;heure du tout-vid\u00e9o, les mots gardent leur principale vertu : \u00eatre l&#8217;incontournable chemin de l&#8217;information et de la subjectivit\u00e9. <strong> M. <\/strong><\/p>\n<p><strong> Vous ne regarderez pas \u00e0 la t\u00e9l\u00e9 <\/strong><\/p>\n<p>Nicolas Demorand dans \u00ab C Politique \u00bb le dimanche sur France 5 \u00e0 17 h 50 et son agressivit\u00e9 \u00e0 sens unique envers les politiques de gauche\/\u00ab Pop Com \u00bb sur Canal + le dimanche \u00e0 18 h 05, car qui d&#8217;autre oserait aujourd&#8217;hui inviter Bernard Laporte pour parler de Raymond Domenech ?\/ En gros, le dimanche allez au cin\u00e9ma, allez manifester, allez voire de vieux potes, mais \u00e9teignez votre t\u00e9l\u00e9. <\/p>\n<p><strong> Vous regarderez \u00e0 la t\u00e9l\u00e9 <\/strong><\/p>\n<p>C&#8217;est la v\u00e9ritable rentr\u00e9e, alors on retrouvera avec bonheur : \u00ab Paris derni\u00e8re \u00bb sur Paris- Premi\u00e8re le jeudi \u00e0 23 h 40\/\u00ab\u00a0Ce soir ou jamais \u00bb sur France 3 en deuxi\u00e8me partie de soir\u00e9e\/\u00ab\u00a0L&#8217;effet Papillon \u00bb sur Canal + tous les samedis en clair \u00e0 12 h 40\/ et surtout la tr\u00e8s belle s\u00e9rie historique Les Tudors enfin diffus\u00e9e en clair sur Arte. <\/p>\n<p>Paru dans<em> Regards <\/em> n\u00b065, octobre 2009<\/p>\n","protected":false},"excerpt":{"rendered":"<p>Avant, les affaires s&#8217;av\u00e9raient relativement simples dans l&#8217;univers m\u00e9diatique. A chaque support sa forme dominante d&#8217;expression, ses techniques, son mod\u00e8le \u00e9conomique. L&#8217;invention de la t\u00e9l\u00e9vision avait, croyait-on, garanti la victoire d\u00e9finitive de l&#8217;image sur l&#8217;\u00e9crit, de la facilit\u00e9 visuelle du mouvement sur le difficile biais de la lecture immobile. Mais l&#8217;\u00e9cran n&#8217;\u00e9tait qu&#8217;une fa\u00e7ade. Il [&hellip;]<\/p>\n","protected":false},"author":579,"featured_media":0,"comment_status":"open","ping_status":"open","sticky":false,"template":"","format":"standard","meta":{"_themeisle_gutenberg_block_has_review":false,"footnotes":""},"categories":[141],"tags":[287],"class_list":["post-4360","post","type-post","status-publish","format-standard","hentry","category-archives-web","tag-medias"],"_links":{"self":[{"href":"https:\/\/archives.regards.fr\/index.php?rest_route=\/wp\/v2\/posts\/4360","targetHints":{"allow":["GET"]}}],"collection":[{"href":"https:\/\/archives.regards.fr\/index.php?rest_route=\/wp\/v2\/posts"}],"about":[{"href":"https:\/\/archives.regards.fr\/index.php?rest_route=\/wp\/v2\/types\/post"}],"author":[{"embeddable":true,"href":"https:\/\/archives.regards.fr\/index.php?rest_route=\/wp\/v2\/users\/579"}],"replies":[{"embeddable":true,"href":"https:\/\/archives.regards.fr\/index.php?rest_route=%2Fwp%2Fv2%2Fcomments&post=4360"}],"version-history":[{"count":0,"href":"https:\/\/archives.regards.fr\/index.php?rest_route=\/wp\/v2\/posts\/4360\/revisions"}],"wp:attachment":[{"href":"https:\/\/archives.regards.fr\/index.php?rest_route=%2Fwp%2Fv2%2Fmedia&parent=4360"}],"wp:term":[{"taxonomy":"category","embeddable":true,"href":"https:\/\/archives.regards.fr\/index.php?rest_route=%2Fwp%2Fv2%2Fcategories&post=4360"},{"taxonomy":"post_tag","embeddable":true,"href":"https:\/\/archives.regards.fr\/index.php?rest_route=%2Fwp%2Fv2%2Ftags&post=4360"}],"curies":[{"name":"wp","href":"https:\/\/api.w.org\/{rel}","templated":true}]}}