{"id":4336,"date":"2009-09-10T00:00:00","date_gmt":"2009-09-09T22:00:00","guid":{"rendered":"https:\/\/wp.muchomaas.com\/interventions-contre-les-foulees4336\/"},"modified":"2009-09-10T00:00:00","modified_gmt":"2009-09-09T22:00:00","slug":"interventions-contre-les-foulees4336","status":"publish","type":"post","link":"https:\/\/archives.regards.fr\/?p=4336","title":{"rendered":"Interventions contre les &#8220;foul\u00e9es de l&#8217;emploi&#8221; \u00e0 Tours"},"content":{"rendered":"<p>Interventions contre les &#8220;foul\u00e9es de l&#8217;emploi&#8221; \u00e0 Tours, dimanche 27 septembre \u00e0 10h<\/p>\n<p>Non aux &#8220;foul\u00e9es de l&#8217;emploi&#8221; !<\/p>\n<p>Refoul\u00e9-es de l&#8217;emploi, solidarisons-nous contre leur comp\u00e9tition !<\/p>\n<p>La Direction du Travail veut faire courir plus encore les ch\u00f4meur-ses.<\/p>\n<p>Ca y est, la DDTEFP a trouv\u00e9 une solution toute belle face \u00e0 un march\u00e9 du travail o\u00f9 le ch\u00f4mage p\u00e8se lourd&#8230; L&#8217;op\u00e9ration est presque &#8220;r\u00e9volutionnaire&#8221; puisqu&#8217;elle a \u00e9t\u00e9 nomin\u00e9e aux derni\u00e8res Victoires d\u00e9cern\u00e9es chaque ann\u00e9e lors des tr\u00e8s n\u00e9o-lib\u00e9rales &#8220;Rencontres de la Modernisation de l&#8217;\u00c9tat&#8221;. Mais &#8211; manque de perfomance ? -, l&#8217;initiative tourangelle a \u00e9t\u00e9 recal\u00e9e&#8230; Bon, cette initiative donc, d\u00e9nomm\u00e9e &#8220;les Foul\u00e9es de l&#8217;Emploi&#8221; consiste \u00e0&#8230; faire courir 20 ch\u00f4meur-ses aux 10 et 20 km de Tours, le dimanche 27 septembre prochain. Bien s\u00fbr ces candidat-es sont sp\u00e9cialement encadr\u00e9-es et entra\u00een\u00e9-es pour leur course, aussi bien sportive que professionnelle.<\/p>\n<p>http:\/\/www.cip-idf.org\/article.php3?id_article=4460<\/p>\n<p>&#8220;Rien ne sert de courir, il faut tout remettre \u00e0 plat ! Ch\u00f4meur(euses), pr\u00e9caires, entrons en r\u00e9sistance !&#8221;<\/p>\n","protected":false},"excerpt":{"rendered":"<p>Interventions contre les &#8220;foul\u00e9es de l&#8217;emploi&#8221; \u00e0 Tours, dimanche 27 septembre \u00e0 10h Non aux &#8220;foul\u00e9es de l&#8217;emploi&#8221; ! Refoul\u00e9-es de l&#8217;emploi, solidarisons-nous contre leur comp\u00e9tition ! La Direction du Travail veut faire courir plus encore les ch\u00f4meur-ses. Ca y est, la DDTEFP a trouv\u00e9 une solution toute belle face \u00e0 un march\u00e9 du travail [&hellip;]<\/p>\n","protected":false},"author":1,"featured_media":0,"comment_status":"open","ping_status":"open","sticky":false,"template":"","format":"standard","meta":{"_themeisle_gutenberg_block_has_review":false,"footnotes":""},"categories":[141],"tags":[319],"class_list":["post-4336","post","type-post","status-publish","format-standard","hentry","category-archives-web","tag-emploi"],"_links":{"self":[{"href":"https:\/\/archives.regards.fr\/index.php?rest_route=\/wp\/v2\/posts\/4336","targetHints":{"allow":["GET"]}}],"collection":[{"href":"https:\/\/archives.regards.fr\/index.php?rest_route=\/wp\/v2\/posts"}],"about":[{"href":"https:\/\/archives.regards.fr\/index.php?rest_route=\/wp\/v2\/types\/post"}],"author":[{"embeddable":true,"href":"https:\/\/archives.regards.fr\/index.php?rest_route=\/wp\/v2\/users\/1"}],"replies":[{"embeddable":true,"href":"https:\/\/archives.regards.fr\/index.php?rest_route=%2Fwp%2Fv2%2Fcomments&post=4336"}],"version-history":[{"count":0,"href":"https:\/\/archives.regards.fr\/index.php?rest_route=\/wp\/v2\/posts\/4336\/revisions"}],"wp:attachment":[{"href":"https:\/\/archives.regards.fr\/index.php?rest_route=%2Fwp%2Fv2%2Fmedia&parent=4336"}],"wp:term":[{"taxonomy":"category","embeddable":true,"href":"https:\/\/archives.regards.fr\/index.php?rest_route=%2Fwp%2Fv2%2Fcategories&post=4336"},{"taxonomy":"post_tag","embeddable":true,"href":"https:\/\/archives.regards.fr\/index.php?rest_route=%2Fwp%2Fv2%2Ftags&post=4336"}],"curies":[{"name":"wp","href":"https:\/\/api.w.org\/{rel}","templated":true}]}}