{"id":4323,"date":"2009-09-25T00:00:00","date_gmt":"2009-09-24T22:00:00","guid":{"rendered":"https:\/\/wp.muchomaas.com\/journee-mondiale-de-la4323\/"},"modified":"2009-09-25T00:00:00","modified_gmt":"2009-09-24T22:00:00","slug":"journee-mondiale-de-la4323","status":"publish","type":"post","link":"https:\/\/archives.regards.fr\/?p=4323","title":{"rendered":"Journ\u00e9e mondiale de la contraception (26\/9\/09) : Oui au droit de choisir !"},"content":{"rendered":"<p>Communiqu\u00e9 de Presse du Planning Familial, le 25 septembre 2009.<\/p>\n<p>Les droits sexuels et reproductifs et le droit de choisir sont des droits fondamentaux de la personne humaine. Aujourd&#8217;hui trop de femmes dans le monde sont priv\u00e9es de ces droits parce que la soci\u00e9t\u00e9 les leur d\u00e9nie. Choisir implique d&#8217;\u00eatre inform\u00e9, toutes et tous, femmes et hommes sur les diff\u00e9rents moyens de contraception mais encore faut-il y avoir acc\u00e8s. Dans un grand nombre de pays cet acc\u00e8s n&#8217;est pas garanti. Nous sommes donc solidaires de toutes celles et tous ceux qui dans le Monde luttent pour leurs droits et contre les obscurantismes notamment en mati\u00e8re de droits sexuels et reproductifs.<\/p>\n<p>Le Planning Familial r\u00e9affirme \u00e0 l&#8217;occasion de cette journ\u00e9e que si l&#8217;acc\u00e8s \u00e0 la contraception demeure la premi\u00e8re des priorit\u00e9s cela ne suffit pas! La meilleure contraception est bien celle que l&#8217;on choisit, celle qui correspond le mieux au v\u00e9cu et \u00e0 la r\u00e9alit\u00e9 des femmes et des couples.<\/p>\n<p>De grands progr\u00e8s restent \u00e0 accomplir. Nous disposons en France de nombreuses m\u00e9thodes existantes mais certaines, parmi les plus innovantes, ne sont pas rembours\u00e9es. Le choix reste encore trop du c\u00f4t\u00e9 des prescripteurs alors que la r\u00e9alit\u00e9 nous montre l&#8217;importance d&#8217;une contraception adapt\u00e9e aux r\u00e9alit\u00e9s de la personne et choisit pas elle.<\/p>\n<p>Au cours de la vie, les \u00e9checs contraceptifs sont chose normale et ne sont pas \u00e0 mettre au rang d&#8217;une quelconque irresponsabilit\u00e9 ou l\u00e9g\u00e8ret\u00e9. Il nous concernent tous, femmes et hommes car de multiples raisons peuvent en \u00eatre \u00e0 l&#8217;origine et les femmes n&#8217;ont pas \u00e0 porter seules la responsabilit\u00e9 de la contraception et a fortiori de son \u00e9chec&#8230; Dans tous les cas, une r\u00e9ponse doit pouvoir \u00eatre apport\u00e9e \u00e0 toutes celles qui ne souhaitent pas poursuivre leur grossesse. Cette absence de r\u00e9ponse a pour cons\u00e9quence imm\u00e9diate les 20 millions d&#8217;avortements \u00e0 risque dans le Monde(1) dont pr\u00e9s de 97 % de ces avortements le sont dans des pays o\u00f9 l&#8217;avortement est interdit ou tr\u00e8s limit\u00e9. L&#8217;avortement n&#8217;est pas un acte \u00e0 risque pour la sant\u00e9 physique ou psychique s&#8217;il est pratiqu\u00e9 l\u00e9galement, dans de bonnes conditions sanitaires, accompagn\u00e9 notamment par les proches. Arr\u00eatons ce discours dominant larmoyant au sujet de ce droit! <\/p>\n<p>En cette journ\u00e9e mondiale, rappelons que le droit \u00e0 disposer de son corps s&#8217;appuie sur ces deux droits indissociables que sont l&#8217;acc\u00e8s \u00e0 une contraception choisie et le recours possible \u00e0 un avortement s\u00fbr et l\u00e9gal. Oui, en ce 26 septembre, am\u00e9liorons l&#8217;information et la formation de toutes et tous, jeunes et moins jeunes, grand public comme personnels m\u00e9dicaux quant \u00e0 la contraception.<\/p>\n<p>Pour Le Planning Familial, l&#8217;enjeu majeur pour une meilleure appropriation de la contraception, notamment par les jeunes, est bel et bien li\u00e9 \u00e0 la reconnaissance d&#8217;une sexualit\u00e9 dissoci\u00e9e de la procr\u00e9ation parce que c&#8217;est \u00abun droit, mon choix et notre libert\u00e9\u00bb (2). Ce combat l\u00e0 est loin d&#8217;\u00eatre gagn\u00e9!<\/p>\n<p>(1) Source OMS cit\u00e9e par l&#8217;INED<\/p>\n<p>(2) \u00a9 Campagne 2008&#038; 2009 Ancic, Cadac, Le Planning Familial \/ Conseil r\u00e9gional Ile-de-France<\/p>\n<p>Le Planning Familial<\/p>\n<p>http:\/\/www.planning-familial.org<\/p>\n","protected":false},"excerpt":{"rendered":"<p>Communiqu\u00e9 de Presse du Planning Familial, le 25 septembre 2009. Les droits sexuels et reproductifs et le droit de choisir sont des droits fondamentaux de la personne humaine. Aujourd&#8217;hui trop de femmes dans le monde sont priv\u00e9es de ces droits parce que la soci\u00e9t\u00e9 les leur d\u00e9nie. Choisir implique d&#8217;\u00eatre inform\u00e9, toutes et tous, femmes [&hellip;]<\/p>\n","protected":false},"author":1,"featured_media":0,"comment_status":"open","ping_status":"open","sticky":false,"template":"","format":"standard","meta":{"_themeisle_gutenberg_block_has_review":false,"footnotes":""},"categories":[141],"tags":[306],"class_list":["post-4323","post","type-post","status-publish","format-standard","hentry","category-archives-web","tag-feminisme"],"_links":{"self":[{"href":"https:\/\/archives.regards.fr\/index.php?rest_route=\/wp\/v2\/posts\/4323","targetHints":{"allow":["GET"]}}],"collection":[{"href":"https:\/\/archives.regards.fr\/index.php?rest_route=\/wp\/v2\/posts"}],"about":[{"href":"https:\/\/archives.regards.fr\/index.php?rest_route=\/wp\/v2\/types\/post"}],"author":[{"embeddable":true,"href":"https:\/\/archives.regards.fr\/index.php?rest_route=\/wp\/v2\/users\/1"}],"replies":[{"embeddable":true,"href":"https:\/\/archives.regards.fr\/index.php?rest_route=%2Fwp%2Fv2%2Fcomments&post=4323"}],"version-history":[{"count":0,"href":"https:\/\/archives.regards.fr\/index.php?rest_route=\/wp\/v2\/posts\/4323\/revisions"}],"wp:attachment":[{"href":"https:\/\/archives.regards.fr\/index.php?rest_route=%2Fwp%2Fv2%2Fmedia&parent=4323"}],"wp:term":[{"taxonomy":"category","embeddable":true,"href":"https:\/\/archives.regards.fr\/index.php?rest_route=%2Fwp%2Fv2%2Fcategories&post=4323"},{"taxonomy":"post_tag","embeddable":true,"href":"https:\/\/archives.regards.fr\/index.php?rest_route=%2Fwp%2Fv2%2Ftags&post=4323"}],"curies":[{"name":"wp","href":"https:\/\/api.w.org\/{rel}","templated":true}]}}