{"id":4289,"date":"2009-09-08T00:00:00","date_gmt":"2009-09-07T22:00:00","guid":{"rendered":"https:\/\/wp.muchomaas.com\/le-gouvernement-doit-repondre-aux4289\/"},"modified":"2009-09-08T00:00:00","modified_gmt":"2009-09-07T22:00:00","slug":"le-gouvernement-doit-repondre-aux4289","status":"publish","type":"post","link":"https:\/\/archives.regards.fr\/?p=4289","title":{"rendered":"Le gouvernement doit r\u00e9pondre aux attentes des salari\u00e9s de RFI"},"content":{"rendered":"<p class=\"post_excerpt\"> Communiqu\u00e9 de la Cgt, le 8 septembre 2009 <\/p>\n<p>Alors que le Pr\u00e9sident de la R\u00e9publique a d\u00e9clar\u00e9 que \u00ab la question de l&#8217;emploi est cruciale. Tout doit \u00eatre mis en oeuvre  pour sauver des emplois (&#8230;) Il faut tout faire pour \u00e9viter les licenciements \u00bb, une entreprise dont l&#8217;Etat est l&#8217;unique actionnaire, Radio France Internationale, supprime 206 emplois, soit plus de 22% des effectifs. Ces suppressions incluent, selon l&#8217;aveu m\u00eame de la direction, des &#8220;d\u00e9parts contraints&#8221;, c&#8217;est-\u00e0-dire des licenciements secs. La gr\u00e8ve des salari\u00e9s de RFI contre ces licenciements, commenc\u00e9e le 12 mai, a \u00e9t\u00e9 suspendue le 14 juillet et a repris, malgr\u00e9 les tentatives d&#8217;intimidation de la direction, le 1er septembre. <\/p>\n<p>Le proc\u00e9d\u00e9 de la direction, qui remplace des salari\u00e9s gr\u00e9vistes par des salari\u00e9s non-gr\u00e9vistes, a suscit\u00e9 vendredi 4 septembre un mouvement spontan\u00e9 de la part des journalistes, dont une centaine s&#8217;est d\u00e9clar\u00e9e en gr\u00e8ve pour \u00ab protester contre les m\u00e9thodes inadmissibles de la direction de RFI&#8221;, qui constituent &#8220;une atteinte grave au droit de gr\u00e8ve \u00bb. <\/p>\n<p>La CGT exige le respect du droit de gr\u00e8ve, soutient les salari\u00e9s de RFI, demande que des n\u00e9gociations soient enfin ouvertes et qu&#8217;\u00e0 cette fin, l&#8217;intersyndicale CGT, FO et SNJ soit re\u00e7ue par le ministre de la Culture, M.Fr\u00e9d\u00e9ric Mitterrand.<\/p>\n","protected":false},"excerpt":{"rendered":"<p> Communiqu\u00e9 de la Cgt, le 8 septembre 2009 <\/p>\n","protected":false},"author":1,"featured_media":0,"comment_status":"open","ping_status":"open","sticky":false,"template":"","format":"standard","meta":{"_themeisle_gutenberg_block_has_review":false,"footnotes":""},"categories":[141],"tags":[287],"class_list":["post-4289","post","type-post","status-publish","format-standard","hentry","category-archives-web","tag-medias"],"_links":{"self":[{"href":"https:\/\/archives.regards.fr\/index.php?rest_route=\/wp\/v2\/posts\/4289","targetHints":{"allow":["GET"]}}],"collection":[{"href":"https:\/\/archives.regards.fr\/index.php?rest_route=\/wp\/v2\/posts"}],"about":[{"href":"https:\/\/archives.regards.fr\/index.php?rest_route=\/wp\/v2\/types\/post"}],"author":[{"embeddable":true,"href":"https:\/\/archives.regards.fr\/index.php?rest_route=\/wp\/v2\/users\/1"}],"replies":[{"embeddable":true,"href":"https:\/\/archives.regards.fr\/index.php?rest_route=%2Fwp%2Fv2%2Fcomments&post=4289"}],"version-history":[{"count":0,"href":"https:\/\/archives.regards.fr\/index.php?rest_route=\/wp\/v2\/posts\/4289\/revisions"}],"wp:attachment":[{"href":"https:\/\/archives.regards.fr\/index.php?rest_route=%2Fwp%2Fv2%2Fmedia&parent=4289"}],"wp:term":[{"taxonomy":"category","embeddable":true,"href":"https:\/\/archives.regards.fr\/index.php?rest_route=%2Fwp%2Fv2%2Fcategories&post=4289"},{"taxonomy":"post_tag","embeddable":true,"href":"https:\/\/archives.regards.fr\/index.php?rest_route=%2Fwp%2Fv2%2Ftags&post=4289"}],"curies":[{"name":"wp","href":"https:\/\/api.w.org\/{rel}","templated":true}]}}