{"id":4259,"date":"2009-09-01T00:00:00","date_gmt":"2009-08-31T22:00:00","guid":{"rendered":"https:\/\/wp.muchomaas.com\/l-interdiction-de-la-burqa-un4259\/"},"modified":"2009-09-01T00:00:00","modified_gmt":"2009-08-31T22:00:00","slug":"l-interdiction-de-la-burqa-un4259","status":"publish","type":"post","link":"https:\/\/archives.regards.fr\/?p=4259","title":{"rendered":"L&#8217;interdiction de la burqa, un voile sur les failles r\u00e9publicaines"},"content":{"rendered":"<p>Le ph\u00e9nom\u00e8ne est si marginal que l&#8217;on se demande comment et surtout pourquoi une telle pol\u00e9mique a pu na\u00eetre ces derniers mois au sujet du port de la burqa en France. C&#8217;est un d\u00e9put\u00e9 communiste, Andr\u00e9 G\u00e9rin, qui a mis l&#8217;affaire sur le devant de la sc\u00e8ne. Apr\u00e8s des ann\u00e9es de conflit sur la n\u00e9cessit\u00e9 de l\u00e9gif\u00e9rer contre le port du voile \u00e0 l&#8217;\u00e9cole, la machine \u00e0 stigmatiser les musulmans est relanc\u00e9e. Il s&#8217;agit d\u00e9sormais de savoir s&#8217;il faut ou non interdire le port de la burqa. Une mission d&#8217;information parlementaire, regroupant 32 d\u00e9put\u00e9s, a \u00e9t\u00e9 install\u00e9e le 1er juillet dernier pour jauger l&#8217;opportunit\u00e9 de l\u00e9gif\u00e9rer. Quelques jours plus tard, le pr\u00e9sident du groupe UMP, Jean-Fran\u00e7ois Cop\u00e9, s&#8217;est prononc\u00e9<em> \u00abpour une loi, apr\u00e8s une phase de dialogue\u00bb <\/em>. On est en droit de se demander si la concertation initi\u00e9e est sinc\u00e8re&#8230;<\/p>\n<p>Depuis, la Direction centrale du renseignement int\u00e9rieur (DCRI) s&#8217;est risqu\u00e9e \u00e0 \u00e9valuer le nombre de femmes portant la burqa ou le niqab. En chiffrant \u00e0 l&#8217;unit\u00e9 pr\u00e8s, cette enqu\u00eate polici\u00e8re frise le ridicule : 367 femmes auraient adopt\u00e9 le voile int\u00e9gral sur notre territoire. Mais ce qui importe ici, c&#8217;est l&#8217;ordre de grandeur. Une seconde \u00e9tude de la sous-direction de l&#8217;information g\u00e9n\u00e9rale, qui regroupe au sein de la s\u00e9curit\u00e9 publique une partie des anciens Renseignements g\u00e9n\u00e9raux, va dans le m\u00eame sens. La France et ses valeurs r\u00e9publicaines, dont le pilier \u00abla\u00efcit\u00e9\u00bb, sont-ils menac\u00e9s par quelques centaines de femmes qui portent le voile int\u00e9gral ? L&#8217;appareil l\u00e9gislatif et l&#8217;intelligentsia m\u00e9diatique doivent-ils se mettre en branle pour un ph\u00e9nom\u00e8ne si marginal ?<\/p>\n<p>Surtout, l&#8217;application d&#8217;une \u00e9ventuelle loi interdisant le port de la burqa peut se r\u00e9v\u00e9ler contre-productive,entra\u00eenant une radicalisation des comportements face \u00e0 ce qui pourrait \u00eatre v\u00e9cu comme un acharnement de notre R\u00e9publique \u00e0 l&#8217;\u00e9gard d&#8217;une religion ? Comme sur le voile ou, dans un autre registre, le racolage passif, il s&#8217;agit d&#8217;invisibiliser les personnes, au nom de leur \u00abprotection\u00bb, de leur \u00abpropre int\u00e9r\u00eat\u00bb : non discut\u00e9 avec elles. Or, pas s\u00fbr que l&#8217;on prot\u00e8ge r\u00e9ellement les femmes et qu&#8217;on leur donne les moyens de leur autonomie en les renvoyant toujours \u00e0 l&#8217;espace priv\u00e9. Autrement dit, on tol\u00e8re les oppressions \u00e0 condition qu&#8217;elles ne se voient pas, qu&#8217;elles ne se pratiquent pas dans l&#8217;espace public.<\/p>\n<p>Le voile int\u00e9gral est une atteinte \u00e0 la libert\u00e9 des femmes. Disons-le et ayons confiance dans nos valeurs. Mais faisons attention aux amalgames en montrant du doigt une pratique consid\u00e9r\u00e9e \u00abd&#8217;un autre \u00e2ge\u00bb par la plupart des musulmans : c&#8217;est le point de vue des organisations repr\u00e9sentatives de l&#8217;islam : et \u00e0 la disproportion entre un fait somme toute ultra-minoritaire et un d\u00e9bat qui mobilise tant de m\u00e9dias et de responsables politiques. Au risque d&#8217;un r\u00e9sultat contraire \u00e0 l&#8217;objectif recherch\u00e9 : une communaut\u00e9 islamique se sentant traqu\u00e9e, soumise \u00e0 des amalgames, et donc plus prompte \u00e0 radicaliser ses comportements, \u00e0 se renfermer dans certaines pratiques qu&#8217;on lui reproche. Que ce d\u00e9bat refasse surface maintenant, en pleine crise du capitalisme, au moment o\u00f9 le d\u00e9sarroi social s&#8217;installe, est&#8230; \u00e9trange. Une sorte de diversion dont on se passerait bien. Car les racines du malaise r\u00e9publicain sont assur\u00e9ment \u00e0 chercher ailleurs. Une promesse d&#8217;\u00e9galit\u00e9 non tenue, des libert\u00e9s sous surveillance, une d\u00e9mocratie malade : l\u00e0 est la question.  <strong> C.A.** et **E.C. <\/strong><\/p>\n<p>Paru dans<em> Regards <\/em> n\u00b064, septembre 2009<\/p>\n","protected":false},"excerpt":{"rendered":"<p>Le ph\u00e9nom\u00e8ne est si marginal que l&#8217;on se demande comment et surtout pourquoi une telle pol\u00e9mique a pu na\u00eetre ces derniers mois au sujet du port de la burqa en France. C&#8217;est un d\u00e9put\u00e9 communiste, Andr\u00e9 G\u00e9rin, qui a mis l&#8217;affaire sur le devant de la sc\u00e8ne. Apr\u00e8s des ann\u00e9es de conflit sur la n\u00e9cessit\u00e9 [&hellip;]<\/p>\n","protected":false},"author":527,"featured_media":0,"comment_status":"open","ping_status":"open","sticky":false,"template":"","format":"standard","meta":{"_themeisle_gutenberg_block_has_review":false,"footnotes":""},"categories":[141],"tags":[328],"class_list":["post-4259","post","type-post","status-publish","format-standard","hentry","category-archives-web","tag-editorial"],"_links":{"self":[{"href":"https:\/\/archives.regards.fr\/index.php?rest_route=\/wp\/v2\/posts\/4259","targetHints":{"allow":["GET"]}}],"collection":[{"href":"https:\/\/archives.regards.fr\/index.php?rest_route=\/wp\/v2\/posts"}],"about":[{"href":"https:\/\/archives.regards.fr\/index.php?rest_route=\/wp\/v2\/types\/post"}],"author":[{"embeddable":true,"href":"https:\/\/archives.regards.fr\/index.php?rest_route=\/wp\/v2\/users\/527"}],"replies":[{"embeddable":true,"href":"https:\/\/archives.regards.fr\/index.php?rest_route=%2Fwp%2Fv2%2Fcomments&post=4259"}],"version-history":[{"count":0,"href":"https:\/\/archives.regards.fr\/index.php?rest_route=\/wp\/v2\/posts\/4259\/revisions"}],"wp:attachment":[{"href":"https:\/\/archives.regards.fr\/index.php?rest_route=%2Fwp%2Fv2%2Fmedia&parent=4259"}],"wp:term":[{"taxonomy":"category","embeddable":true,"href":"https:\/\/archives.regards.fr\/index.php?rest_route=%2Fwp%2Fv2%2Fcategories&post=4259"},{"taxonomy":"post_tag","embeddable":true,"href":"https:\/\/archives.regards.fr\/index.php?rest_route=%2Fwp%2Fv2%2Ftags&post=4259"}],"curies":[{"name":"wp","href":"https:\/\/api.w.org\/{rel}","templated":true}]}}