{"id":4252,"date":"2009-08-18T00:00:00","date_gmt":"2009-08-17T22:00:00","guid":{"rendered":"https:\/\/wp.muchomaas.com\/pour-une-veritable-protection-des4252\/"},"modified":"2009-08-18T00:00:00","modified_gmt":"2009-08-17T22:00:00","slug":"pour-une-veritable-protection-des4252","status":"publish","type":"post","link":"https:\/\/archives.regards.fr\/?p=4252","title":{"rendered":"Pour une v\u00e9ritable protection des femmes \u00e9trang\u00e8res victimes de violences"},"content":{"rendered":"<p class=\"post_excerpt\"> Communiqu\u00e9 de La Cimade. <\/p>\n<p>Lors de la campagne pr\u00e9sidentielle en 2007, les d\u00e9clarations de Nicolas Sarkozy avait suscit\u00e9 de vifs espoirs pour les femmes \u00e9trang\u00e8res victimes de violences : \u00ab Nous ne pouvons pas accepter sur le territoire de la R\u00e9publique un comportement moyen\u00e2geux. \u00c0 chaque femme martyris\u00e9e dans le monde je veux que la France offre sa protection, en lui offrant la possibilit\u00e9 de devenir fran\u00e7aise \u00bb (1). Aujourd&#8217;hui, les espoirs sont d\u00e9\u00e7us et les histoires toujours aussi dramatiques.<\/p>\n<p>&#8211; Mme C est camerounaise. Elle a \u00e9t\u00e9 battue, injuri\u00e9e, insult\u00e9e par son mari qui lui a ensuite brusquement refus\u00e9 l&#8217;acc\u00e8s au domicile conjugal. Elle \u00e9tait alors enceinte de sept mois. Victime de violences conjugales, la pr\u00e9fecture de Seine-Saint-Denis l&#8217;oblige aujourd&#8217;hui \u00e0 quitter le territoire. Alors que son mari ne sera ni poursuivi ni inqui\u00e9t\u00e9 pour les violences commises.<\/p>\n<p>&#8211; Mme T est une jeune alg\u00e9rienne. Elle s&#8217;est mari\u00e9e en 2004 en Alg\u00e9rie puis a d\u00e9cid\u00e9 de venir rejoindre son conjoint en France. Depuis son arriv\u00e9e en France, en 2008, Mme T. a subi des violences physiques, morales et sexuelles. Son mari l&#8217;a d\u00e9truite. Elle a d\u00e9cid\u00e9 de quitter le foyer, pour se prot\u00e9ger. Elle est aujourd&#8217;hui toujours sans papiers, dans l&#8217;attente que la pr\u00e9fecture de Nanterre r\u00e9ponde \u00e0 sa demande.<\/p>\n<p>&#8211; Mme A est p\u00e9ruvienne. Elle n&#8217;a plus de carte de s\u00e9jour depuis qu&#8217;elle a quitt\u00e9 son mari, fran\u00e7ais, en 2007, apr\u00e8s avoir subi de tr\u00e8s graves violences physiques. Apr\u00e8s 27 mois d&#8217;attente et 11 r\u00e9c\u00e9piss\u00e9s, elle attend toujours que la pr\u00e9fecture de Nanterre statue sur son sort. Ce d\u00e9lai anormalement long place Mme A dans une situation d&#8217;extr\u00eame vuln\u00e9rabilit\u00e9 : travail et h\u00e9bergement pr\u00e9caires, etc. Depuis deux ans, qu&#8217;attend la pr\u00e9fecture?<\/p>\n<p>Malgr\u00e9 quelques avanc\u00e9es l\u00e9gislatives et la volont\u00e9 affich\u00e9e du gouvernement de lutter contre ces violences, dans les faits, ces femmes \u00e9trang\u00e8res victimes de violences restent administrativement d\u00e9pendantes de leur conjoint. Elles se retrouvent souvent face \u00e0 un odieux dilemme: continuer \u00e0 subir les violences pour pouvoir rester en France ou quitter le domicile conjugal.<\/p>\n<p>La Cimade, qui assure une permanence sp\u00e9cifique pour ces femmes, rend public un \u00e9tat des lieux des dysfonctionnements les concernant. Elle demande que la loi soit compl\u00e9t\u00e9e pour assurer une v\u00e9ritable protection aux femmes, y compris aux ressortissantes alg\u00e9riennes pour lesquelles aucune protection n&#8217;est pr\u00e9vue dans la loi, que les avanc\u00e9es l\u00e9gislatives d\u00e9j\u00e0 existantes soient r\u00e9ellement appliqu\u00e9es et qu&#8217;un titre de s\u00e9jour soit d\u00e9livr\u00e9 \u00e0 Mme A, Mme C et Mme T.<\/p>\n<p>(1) Discours prononc\u00e9 \u00e0 Toulouse, le 12 avril 2007<\/p>\n<p><strong> La Cimade : <\/strong> http:\/\/www.cimade.org\/<\/p>\n","protected":false},"excerpt":{"rendered":"<p> Communiqu\u00e9 de La Cimade. <\/p>\n","protected":false},"author":1,"featured_media":0,"comment_status":"open","ping_status":"open","sticky":false,"template":"","format":"standard","meta":{"_themeisle_gutenberg_block_has_review":false,"footnotes":""},"categories":[141],"tags":[306],"class_list":["post-4252","post","type-post","status-publish","format-standard","hentry","category-archives-web","tag-feminisme"],"_links":{"self":[{"href":"https:\/\/archives.regards.fr\/index.php?rest_route=\/wp\/v2\/posts\/4252","targetHints":{"allow":["GET"]}}],"collection":[{"href":"https:\/\/archives.regards.fr\/index.php?rest_route=\/wp\/v2\/posts"}],"about":[{"href":"https:\/\/archives.regards.fr\/index.php?rest_route=\/wp\/v2\/types\/post"}],"author":[{"embeddable":true,"href":"https:\/\/archives.regards.fr\/index.php?rest_route=\/wp\/v2\/users\/1"}],"replies":[{"embeddable":true,"href":"https:\/\/archives.regards.fr\/index.php?rest_route=%2Fwp%2Fv2%2Fcomments&post=4252"}],"version-history":[{"count":0,"href":"https:\/\/archives.regards.fr\/index.php?rest_route=\/wp\/v2\/posts\/4252\/revisions"}],"wp:attachment":[{"href":"https:\/\/archives.regards.fr\/index.php?rest_route=%2Fwp%2Fv2%2Fmedia&parent=4252"}],"wp:term":[{"taxonomy":"category","embeddable":true,"href":"https:\/\/archives.regards.fr\/index.php?rest_route=%2Fwp%2Fv2%2Fcategories&post=4252"},{"taxonomy":"post_tag","embeddable":true,"href":"https:\/\/archives.regards.fr\/index.php?rest_route=%2Fwp%2Fv2%2Ftags&post=4252"}],"curies":[{"name":"wp","href":"https:\/\/api.w.org\/{rel}","templated":true}]}}