{"id":4248,"date":"2009-08-11T00:00:00","date_gmt":"2009-08-10T22:00:00","guid":{"rendered":"https:\/\/wp.muchomaas.com\/face-aux-derives-policieres4248\/"},"modified":"2009-08-11T00:00:00","modified_gmt":"2009-08-10T22:00:00","slug":"face-aux-derives-policieres4248","status":"publish","type":"post","link":"https:\/\/archives.regards.fr\/?p=4248","title":{"rendered":"Face aux d\u00e9rives polici\u00e8res, mobilisons-nous !"},"content":{"rendered":"<p>Appel du Collectif Libert\u00e9, \u00c9galit\u00e9, Justice (CLEJ) lanc\u00e9 le 21 juillet 2009.<\/p>\n<p>Mercredi 8 juillet, alors que des militants et des habitants solidaires d&#8217;un quartier montreuillois manifestaient contre l&#8217;expulsion d&#8217;un squat, la police a fait usage \u00e0 plusieurs reprises de tirs de flash-ball, blessant cinq personnes, dont un jeune homme qui a perdu un oeil, venues soutenir pacifiquement les squatteurs.<\/p>\n<p>Depuis 2005, ce sont pas moins de sept personnes qui ont perdu un oeil dans les m\u00eames conditions, dont cinq pour la seule ann\u00e9e 2009. Des syndicats et associations avaient d\u00e9nonc\u00e9 en novembre 2007 ces pratiques, alors qu&#8217;un lyc\u00e9en nantais avait \u00e9t\u00e9 vis\u00e9 \u00e0 la t\u00eate par la police lors d&#8217;une manifestation et y avait perdu son oeil droit.<\/p>\n<p>La Commission nationale de d\u00e9ontologie de la s\u00e9curit\u00e9 (CNDS) a plusieurs fois d\u00e9nonc\u00e9 l&#8217;usage inappropri\u00e9 de cette arme par la police et la note de service adress\u00e9e en mai dernier par la Direction centrale de la s\u00e9curit\u00e9 publique \u00e0 ses directeurs d\u00e9partementaux quant \u00e0 ses r\u00e8gles d&#8217;utilisation semble tr\u00e8s largement ignor\u00e9e, voire bafou\u00e9e.<\/p>\n<p>Il est urgent de r\u00e9tablir un fonctionnement de nos institutions polici\u00e8res conforme aux engagements internationaux de la France en mati\u00e8re de droits et libert\u00e9s. Cela suppose de rompre avec un discours des pouvoirs publics qui non seulement incrimine les militants comme des d\u00e9linquants ou des coupables potentiels, les exposant fr\u00e9quemment aux coups de matraque et aux grenades lacrymog\u00e8nes, mais encore avec des pratiques qui aboutissent \u00e0 couvrir les d\u00e9rives ou les brutalit\u00e9s polici\u00e8res, y compris lorsqu&#8217;il s&#8217;agit des dommages irr\u00e9versibles caus\u00e9s par l&#8217;utilisation de ces armes dites \u00ab \u00e0 l\u00e9talit\u00e9 att\u00e9nu\u00e9e \u00bb.<\/p>\n<p>Les organisations soussign\u00e9es exigent qu&#8217;une enqu\u00eate pr\u00e9sentant des garanties d&#8217;ind\u00e9pendance vis-\u00e0-vis des pouvoirs publics soit men\u00e9e sur ces derniers incidents \u00e0 Montreuil, comme pour l&#8217;ensemble des affaires impliquant l&#8217;usage abusif et inconsid\u00e9r\u00e9 des tirs de flash-ball. En l&#8217;esp\u00e8ce, elles demandent l&#8217;ouverture d&#8217;une information judiciaire afin que toute la lumi\u00e8re soit faite sur les circonstances de cette scandaleuse affaire. Elles demandent \u00e9galement que des poursuites soient engag\u00e9es lorsque les responsabilit\u00e9s des agents et de leurs autorit\u00e9s donneuses d&#8217;ordre ont \u00e9t\u00e9 \u00e9tablies. Elles exigent que l&#8217;usage des armes de type flash-ball ou taser soit soumis sans d\u00e9lai \u00e0 un moratoire.<\/p>\n<p>Les signataires s&#8217;insurgent contre une d\u00e9rive continue et permanente des pratiques polici\u00e8res en mati\u00e8re de s\u00e9curit\u00e9 publique. Ces d\u00e9rives sont constat\u00e9es et d\u00e9nonc\u00e9es tant par la Cour Europ\u00e9enne des Droits de l&#8217;Homme que par des organisations internationales ou nationales : <\/p>\n<p>-contr\u00f4les ou interpellations au faci\u00e8s,<\/p>\n<p>-d\u00e9lit d&#8217;outrage,<\/p>\n<p>-gardes \u00e0 vue abusives,<\/p>\n<p>-usage humiliant des fouilles \u00e0 nu (assorties d&#8217;une \u00ab inspection anale \u00bb),<\/p>\n<p>-menottage abusif, m\u00e9thode d&#8217;immobilisation dite de \u00ab d\u00e9cubitus ventral \u00bb,<\/p>\n<p>-abus de la perquisition,<\/p>\n<p>-atteintes au libre exercice des journalistes.<\/p>\n<p>Il est inacceptable que la police, dont le principal objet est d&#8217;assurer la s\u00e9curit\u00e9 des personnes, puisse \u00eatre per\u00e7ue, en raison de certaines de ses pratiques, comme une menace. Ces d\u00e9rives polici\u00e8res tendent \u00e0 s&#8217;inscrire dans un contexte particuli\u00e8rement inqui\u00e9tant d&#8217;intimidation de l&#8217;expression sociale et militante : multiplication des poursuites pour outrage et r\u00e9bellion, instrumentalisation de la Justice aux fins de r\u00e9pression de la contestation, sentiment d&#8217;impunit\u00e9 concernant les brutalit\u00e9s polici\u00e8res&#8230;<\/p>\n<p>Les organisations soussign\u00e9es appellent \u00e0 s&#8217;opposer \u00e0 cette alarmante banalisation des atteintes aux droits et libert\u00e9s. \u00c0 cet effet, elles invitent les organisations qui s&#8217;y reconnaissent \u00e0 s&#8217;associer au pr\u00e9sent appel en transmettant leur signature \u00e0 l&#8217;une des organisations mentionn\u00e9es ci-dessous.<\/p>\n<p>Organisations signataires :<\/p>\n<p>&#8211; associations :<\/p>\n<p>Association Fran\u00e7aise des Juristes D\u00e9mocrates (AFJD)<\/p>\n<p>ATTAC France<\/p>\n<p>Ligue des Droits de l&#8217;Homme (LDH)<\/p>\n<p>\u00ab Souriez-Vous-Etes-Film\u00e9-es ! \u00bb (SVEF)<\/p>\n<p>&#8211; mouvements et partis politiques :<\/p>\n<p>Nouveau Parti Anticapitaliste (NPA)<\/p>\n<p>Parti Communiste Fran\u00e7ais (PCF)<\/p>\n<p>Les Verts<\/p>\n<p>&#8211; syndicats :<\/p>\n<p>Conf\u00e9d\u00e9ration Fran\u00e7aise D\u00e9mocratique du Travail : Finances de la Gironde<\/p>\n<p>(CFDT-Finances de la Gironde)<\/p>\n<p>Conf\u00e9d\u00e9ration G\u00e9n\u00e9rale du Travail &#8211; Protection Judiciaire de la Jeunesse (CGTPJJ)<\/p>\n<p>Conf\u00e9d\u00e9ration G\u00e9n\u00e9rale du Travail &#8211; P\u00e9nitentiaire (CGT-P\u00e9nitentiaire, UGSP)<\/p>\n<p>F\u00e9d\u00e9ration SUD Education<\/p>\n<p>F\u00e9d\u00e9ration Syndicale Unitaire (FSU)<\/p>\n<p>Solidaires Unitaires D\u00e9mocratiques &#8211; Sant\u00e9\/Sociaux (SUD-Sant\u00e9\/Sociaux)<\/p>\n<p>Syndicat des Avocats de France (SAF)<\/p>\n<p>Syndicat de la Magistrature (SM)<\/p>\n<p>Syndicat National de l&#8217;Ensemble des Personnels de l&#8217;Administration<\/p>\n<p>P\u00e9nitentiaire (SNEPAP\/FSU)<\/p>\n<p>Syndicat National des Enseignants du Second degr\u00e9 (SNES\/FSU)<\/p>\n<p>Syndicat National de l&#8217;Enseignement Sup\u00e9rieur (SNESUP\/FSU)<\/p>\n<p>Syndicat National des Personnels de l&#8217;Education et du Social &#8211; Protection<\/p>\n<p>Judiciaire de la Jeunesse (SNPES-PJJ\/FSU)<\/p>\n<p>Syndicat National Unitaire des Collectivit\u00e9s Locales, de l&#8217;Int\u00e9rieur et des<\/p>\n<p>Affaires Sociales (SNU-CLIAS\/FSU)<\/p>\n<p>Syndicat National Unitaire des Instituteurs, Professeurs des \u00e9coles et PEGC<\/p>\n<p>(SNUIPP\/FSU)<\/p>\n<p>Union Syndicale de la Psychiatrie (USP)<\/p>\n<p>Union syndicale Solidaires<\/p>\n<p>&#8211; autres structures :<\/p>\n<p>Agir ensemble contre le Ch\u00f4mage ! (AC !)<\/p>\n<p>Appel des appels (AdA)<\/p>\n<p>Appel des 39 : La Nuit S\u00e9curitaire<\/p>\n<p>Centre d&#8217;\u00e9tudes et d&#8217;initiatives de solidarit\u00e9 internationale (CEDETIM)<\/p>\n<p>Collectif \u00ab Nous refusons la politique de la peur \u00bb<\/p>\n<p>Comit\u00e9 de d\u00e9fense des libert\u00e9s fondamentales contre les d\u00e9rives s\u00e9curitaires<\/p>\n<p>(CODELIB Saint-Nazaire)<\/p>\n<p>Comit\u00e9 Europ\u00e9en Droit, Ethique et Psychiatrie (CEDEP)<\/p>\n<p>Mouvement Politique d&#8217;Education Populaire (M&#8217;PEP)<\/p>\n<p>R\u00e9seau f\u00e9ministe \u00ab Ruptures \u00bb<\/p>\n<p>R\u00e9seau Stop Pr\u00e9carit\u00e9<\/p>\n<p>T\u00e9moignage Chr\u00e9tien<\/p>\n","protected":false},"excerpt":{"rendered":"<p>Appel du Collectif Libert\u00e9, \u00c9galit\u00e9, Justice (CLEJ) lanc\u00e9 le 21 juillet 2009. Mercredi 8 juillet, alors que des militants et des habitants solidaires d&#8217;un quartier montreuillois manifestaient contre l&#8217;expulsion d&#8217;un squat, la police a fait usage \u00e0 plusieurs reprises de tirs de flash-ball, blessant cinq personnes, dont un jeune homme qui a perdu un oeil, [&hellip;]<\/p>\n","protected":false},"author":1,"featured_media":0,"comment_status":"open","ping_status":"open","sticky":false,"template":"","format":"standard","meta":{"_themeisle_gutenberg_block_has_review":false,"footnotes":""},"categories":[141],"tags":[316],"class_list":["post-4248","post","type-post","status-publish","format-standard","hentry","category-archives-web","tag-securitaire"],"_links":{"self":[{"href":"https:\/\/archives.regards.fr\/index.php?rest_route=\/wp\/v2\/posts\/4248","targetHints":{"allow":["GET"]}}],"collection":[{"href":"https:\/\/archives.regards.fr\/index.php?rest_route=\/wp\/v2\/posts"}],"about":[{"href":"https:\/\/archives.regards.fr\/index.php?rest_route=\/wp\/v2\/types\/post"}],"author":[{"embeddable":true,"href":"https:\/\/archives.regards.fr\/index.php?rest_route=\/wp\/v2\/users\/1"}],"replies":[{"embeddable":true,"href":"https:\/\/archives.regards.fr\/index.php?rest_route=%2Fwp%2Fv2%2Fcomments&post=4248"}],"version-history":[{"count":0,"href":"https:\/\/archives.regards.fr\/index.php?rest_route=\/wp\/v2\/posts\/4248\/revisions"}],"wp:attachment":[{"href":"https:\/\/archives.regards.fr\/index.php?rest_route=%2Fwp%2Fv2%2Fmedia&parent=4248"}],"wp:term":[{"taxonomy":"category","embeddable":true,"href":"https:\/\/archives.regards.fr\/index.php?rest_route=%2Fwp%2Fv2%2Fcategories&post=4248"},{"taxonomy":"post_tag","embeddable":true,"href":"https:\/\/archives.regards.fr\/index.php?rest_route=%2Fwp%2Fv2%2Ftags&post=4248"}],"curies":[{"name":"wp","href":"https:\/\/api.w.org\/{rel}","templated":true}]}}