{"id":4246,"date":"2009-08-11T00:00:00","date_gmt":"2009-08-10T22:00:00","guid":{"rendered":"https:\/\/wp.muchomaas.com\/petition-de-soutien-a-charles4246\/"},"modified":"2009-08-11T00:00:00","modified_gmt":"2009-08-10T22:00:00","slug":"petition-de-soutien-a-charles4246","status":"publish","type":"post","link":"https:\/\/archives.regards.fr\/?p=4246","title":{"rendered":"P\u00e9tition de soutien \u00e0 Charles Hoareau et contre la criminalisation du mouvement social et de la r\u00e9sistance syndicale"},"content":{"rendered":"<p>Communiqu\u00e9 de &#8220;ILS NE NOUS FERONT PAS TAIRE !&#8221; du 17 juin 2009.<\/p>\n<p>SIGNEZ ICI,  ET FAITES PASSER !<\/p>\n<p>http:\/\/lapetition.be\/en-ligne\/petition-4483.html<\/p>\n<p>Rappel :<\/p>\n<p>Le 29 juin 2009, Charles Hoareau, responsable CGT des Bouches du Rh\u00f4ne, est convoqu\u00e9 au tribunal correctionnel de Marseille, dans le cadre d&#8217;un conflit du travail qui oppose la soci\u00e9t\u00e9 ADOMA et 39 de ses salari\u00e9s depuis novembre 2007, pour r\u00e9pondre des accusations de &#8220;menaces r\u00e9p\u00e9t\u00e9es&#8221; lanc\u00e9es contre lui par l&#8217;un des repr\u00e9sentants d&#8217;ADOMA.<\/p>\n<p>Il y a quelques semaines, Charles Hoareau a m\u00eame \u00e9t\u00e9 plac\u00e9 plus de 24 heures en garde \u00e0 vue dans ce cadre. Il voit ainsi son nom inscrit \u00e0 la suite de la longue liste des nombreux militants poursuivis judiciairement, de fa\u00e7on syst\u00e9matique, et parfois avec acharnement, notamment, depuis quelques ann\u00e9es:<\/p>\n<p>&#8211; les travailleurs en lutte des chantiers navals de Saint-Nazaire, Roberto Ferrario et Bellaciao, Elie Domota (LKP), G\u00e9rard Jodar et les militants de l&#8217;USTKE (Kanaky), les manifestants et syndicalistes inculp\u00e9s \u00e0 Saint Nazaire le 29 janvier, G\u00e9rard Filoche, inspecteur du travail poursuivi pour d\u00e9lit d&#8217;entrave, Cl\u00e9ment Onimus, doctorant \u00e0 l&#8217;EPHE accus\u00e9 de violence envers un CRS au moment du conflit des universit\u00e9s, mais aussi, les 49 inculp\u00e9s de la place de la Nation le 19 mars, les 74 agents d&#8217;EDF-GDF, et bien d&#8217;autres.<\/p>\n<p>Cette p\u00e9tition vise \u00e0 le soutenir, mais au-del\u00e0, \u00e0 soutenir tous les syndicalistes et salari\u00e9s en lutte pour leur dignit\u00e9, leurs salaires et leurs emplois, et pour s&#8217;opposer \u00e0 la criminalisation du mouvement social.<\/p>\n<p>TEXTE DE LA P\u00c9TITION :<\/p>\n<p>Depuis quelques mois se multiplient les actes d&#8217;intimidation en direction de celles et ceux qui se battent pour le progr\u00e8s social ou la d\u00e9fense des droits des salari\u00e9-e-s et citoyen-nes de ce pays. Dans cette entreprise, pouvoir et grand patronat font de plus en plus souvent appel aux services de police et \u00e0 l&#8217;appareil judiciaire.<\/p>\n<p>Ainsi, dans cette logique, se retrouvent entrain\u00e9-e-s dans des proc\u00e9dures p\u00e9nales des hommes et des femmes dont le seul tort est d&#8217;avoir d\u00e9fendu une autre conception de la soci\u00e9t\u00e9 que celle d&#8217;une logique de profit et d&#8217;\u00e9crasement de l&#8217;homme, d&#8217;avoir particip\u00e9 \u00e0 des luttes pour l&#8217;emploi, les salaires, le service public, la d\u00e9mocratie, les libert\u00e9s, la d\u00e9fense des sans papiers.<\/p>\n<p>Victimes de cette r\u00e9pression sans pr\u00e9c\u00e9dent, solidaires de ces militant-e-s du bonheur, nous voulons dire avec force aux tenants du pouvoir que l&#8217;on ne nous fera pas taire!<\/p>\n<p>H\u00e9ritiers et h\u00e9riti\u00e8res d&#8217;un mouvement ouvrier qui a connu dans son histoire la r\u00e9pression, la clandestinit\u00e9, la lutte antifasciste et les guerres coloniales et n&#8217;a jamais recul\u00e9, nous ne reculerons pas nous non plus devant les menaces.<\/p>\n<p>L&#8217;avenir des droits et libert\u00e9s de ce pays en d\u00e9pend. Jamais dans l&#8217;histoire la r\u00e9pression n&#8217;est venue \u00e0 bout durablement de la lutte pour la justice.<\/p>\n<p>Nous continuerons !<\/p>\n<p>PREMIERS SIGNATAIRES :<\/p>\n<p>&#8211; Andr\u00e9 Fadda, responsable USM CGT Saint Nazaire<\/p>\n<p>&#8211; Charles Hoareau, responsable syndical, CGT Bouches du Rh\u00f4ne, poursuivi pour &#8220;menaces r\u00e9p\u00e9t\u00e9es&#8221;<\/p>\n<p>&#8211; Elie Domota, porte-parole du LKP (Liyannaj Kont Pwofitasyon), Gwadloup, poursuivi pour &#8220;diffamation&#8221;<\/p>\n<p>&#8211; G\u00e9rard Filoche, Inspecteur du travail, poursuivi pour &#8220;d\u00e9lit d&#8217;entrave&#8221;<\/p>\n<p>&#8211; Jean Fran\u00e7ois Tealdi, secr\u00e9taire g\u00e9n\u00e9ral SNJ CGT France T\u00e9l\u00e9visions<\/p>\n<p>&#8211; Jean Luc Botella, secr\u00e9taire g\u00e9n\u00e9ral CGT PTT Bouches du Rh\u00f4ne<\/p>\n<p>&#8211; Pascal Galeote, secr\u00e9taire g\u00e9n\u00e9ral adjoint CGT Port de Marseille<\/p>\n<p>&#8211; Roberto Ferrario, co-fondateur du site Bellaciao.org, poursuivi pour diffamation en 2007 par les Chantiers navals de Saint Nazaire et relax\u00e9, SNJ CGT<\/p>\n<p>&#8211; Solidarit\u00e9 Kanaky, collectif de lutte contre la r\u00e9pression de l&#8217;USTKE en Kanaky<\/p>\n<p>&#8211; France Weyl, Avocate \u00e0 la cour (Paris)<\/p>\n<p>&#8211; Raymond M\u00e9rat, Avocat \u00e0 la cour, Repr\u00e9sentant \u00e0 Gen\u00e8ve de l&#8217;Association internationale des juristes d\u00e9mocrates<\/p>\n<p>&#8211; Roland Weyl, Avocat \u00e0 la cour (Paris)<\/p>\n<p>&#8211; Union D\u00e9partementale CGT de Paris (CGT 75)<\/p>\n<p>SIGNEZ ICI,  ET FAITES PASSER !<\/p>\n<p>http:\/\/lapetition.be\/en-ligne\/petition-4483.html<\/p>\n<p>http:\/\/bellaciao.org\/fr\/spip.php?article87590<\/p>\n","protected":false},"excerpt":{"rendered":"<p>Communiqu\u00e9 de &#8220;ILS NE NOUS FERONT PAS TAIRE !&#8221; du 17 juin 2009. SIGNEZ ICI, ET FAITES PASSER ! http:\/\/lapetition.be\/en-ligne\/petition-4483.html Rappel : Le 29 juin 2009, Charles Hoareau, responsable CGT des Bouches du Rh\u00f4ne, est convoqu\u00e9 au tribunal correctionnel de Marseille, dans le cadre d&#8217;un conflit du travail qui oppose la soci\u00e9t\u00e9 ADOMA et 39 [&hellip;]<\/p>\n","protected":false},"author":1,"featured_media":0,"comment_status":"open","ping_status":"open","sticky":false,"template":"","format":"standard","meta":{"_themeisle_gutenberg_block_has_review":false,"footnotes":""},"categories":[141],"tags":[315],"class_list":["post-4246","post","type-post","status-publish","format-standard","hentry","category-archives-web","tag-syndicats"],"_links":{"self":[{"href":"https:\/\/archives.regards.fr\/index.php?rest_route=\/wp\/v2\/posts\/4246","targetHints":{"allow":["GET"]}}],"collection":[{"href":"https:\/\/archives.regards.fr\/index.php?rest_route=\/wp\/v2\/posts"}],"about":[{"href":"https:\/\/archives.regards.fr\/index.php?rest_route=\/wp\/v2\/types\/post"}],"author":[{"embeddable":true,"href":"https:\/\/archives.regards.fr\/index.php?rest_route=\/wp\/v2\/users\/1"}],"replies":[{"embeddable":true,"href":"https:\/\/archives.regards.fr\/index.php?rest_route=%2Fwp%2Fv2%2Fcomments&post=4246"}],"version-history":[{"count":0,"href":"https:\/\/archives.regards.fr\/index.php?rest_route=\/wp\/v2\/posts\/4246\/revisions"}],"wp:attachment":[{"href":"https:\/\/archives.regards.fr\/index.php?rest_route=%2Fwp%2Fv2%2Fmedia&parent=4246"}],"wp:term":[{"taxonomy":"category","embeddable":true,"href":"https:\/\/archives.regards.fr\/index.php?rest_route=%2Fwp%2Fv2%2Fcategories&post=4246"},{"taxonomy":"post_tag","embeddable":true,"href":"https:\/\/archives.regards.fr\/index.php?rest_route=%2Fwp%2Fv2%2Ftags&post=4246"}],"curies":[{"name":"wp","href":"https:\/\/api.w.org\/{rel}","templated":true}]}}