{"id":4245,"date":"2009-08-11T00:00:00","date_gmt":"2009-08-10T22:00:00","guid":{"rendered":"https:\/\/wp.muchomaas.com\/regroupement-des-editions-du4245\/"},"modified":"2009-08-11T00:00:00","modified_gmt":"2009-08-10T22:00:00","slug":"regroupement-des-editions-du4245","status":"publish","type":"post","link":"https:\/\/archives.regards.fr\/?p=4245","title":{"rendered":"Regroupement des \u00e9ditions du Croquant et de La Dispute \u00e9diteurs"},"content":{"rendered":"<p>Communiqu\u00e9 du 20 juin 2009 des \u00c9ditions du Croquant.<\/p>\n<p>Une critique persistante <\/p>\n<p>Autour des savoirs de l&#8217;humain et des soci\u00e9t\u00e9s, les \u00e9ditions du Croquant et La Dispute \u00e9diteurs ont, chacune \u00e0 leur fa\u00e7on depuis quelques ann\u00e9es, accompagn\u00e9 la pers\u00e9v\u00e9rance d&#8217;une production de connaissances critique, l&#8217;obstination de la raison sociale, la persistance d&#8217;une logique de l&#8217;\u00e9crit. Pour continuer ce parcours, pour faire valoir plus et mieux leur engagement pour le livre, pour r\u00e9aliser de nouveaux projets, les deux maisons d&#8217;\u00e9dition se regroupent.<\/p>\n<p>Co-op\u00e9rer<\/p>\n<p>Faire ensemble, coop\u00e9rer, co-agir, ce fil rouge de leur rapprochement n&#8217;est pas seulement de m\u00e9thode, il est au principe &#8211; origine et mouvement- des mani\u00e8res d&#8217;\u00e9diter des deux maisons. Elles agiront demain comme une seule maison, en maintenant les deux voix qui, chacune pour son originalit\u00e9, ont int\u00e9ress\u00e9 un public savant et agissant.<\/p>\n<p>L&#8217;intelligence des choses<\/p>\n<p>Comprendre le monde humain, les soci\u00e9t\u00e9s, les individualit\u00e9s qui les construisent; valoriser des formes diverses, acad\u00e9miques ou pratiques, de savoir, et partager les savoirs; regarder le d\u00e9bat comme un instrument de connaissance; laisser ouverte la v\u00e9rit\u00e9 sur toute chose; contribuer \u00e0 la transformation des soci\u00e9t\u00e9s, contre toutes les dominations, pour l&#8217;\u00e9mancipation humaine; s&#8217;impliquer dans la qualit\u00e9 des formes \u00e9crites, r\u00e9dactionnellement, commercialement&#8230;; associer les auteurs, assurer le pouvoir des salari\u00e9s dans la d\u00e9marche \u00e9ditoriale&#8230; Peu ou prou, \u00e0 travers forces et faiblesses, ces affirmations faisaient valeurs dans les deux maisons. Ce sont elles qui fondent leur r\u00e9union. En poursuivant de tels objectifs, en maintenant de telles r\u00e9solutions, on ne fait pas fortune dans la soci\u00e9t\u00e9 monde aujourd&#8217;hui. S&#8217;associer est donc aussi pour les deux maisons un moyen de faire pi\u00e8ce \u00e0 l&#8217;effritement des ventes dans le domaine et la mani\u00e8re qui sont les leurs, d&#8217;assurer des ressources et un d\u00e9veloppement \u00e0 une structure commune.<\/p>\n<p>Une structure commune<\/p>\n<p>&#8211; Le livre, codex de papier ou \u00e9lectronique, sera le mode d&#8217;\u00e9dition essentiel de la maison;<\/p>\n<p>&#8211; Les deux lignes \u00e9ditoriales, port\u00e9es par des \u00e9diteurs et des instances \u00e9ditoriales distinctes, continueront \u00e0 produire leurs propres fruits;<\/p>\n<p>&#8211; La maison s&#8217;impliquera dans la d\u00e9fense et l&#8217;illustration des sciences sociales et humaines;<\/p>\n<p>&#8211; La coop\u00e9rative sera la forme juridique de la maison;<\/p>\n<p>&#8211; Les auteurs et les lecteurs qui le souhaiteront seront associ\u00e9s au capital et \u00e0 la d\u00e9marche de travail;<\/p>\n<p>&#8211; La maison constituera des r\u00e9seaux de lecteurs et d&#8217;animateurs des ventes et les fera participer \u00e0 son capital;<\/p>\n<p>&#8211; La librairie, les biblioth\u00e8ques seront les lieux privil\u00e9gi\u00e9s de la rencontre des auteurs, des livres et des lecteurs;<\/p>\n<p>&#8211; La maison encouragera l&#8217;organisation du d\u00e9bat d&#8217;id\u00e9es, de la confrontation des connaissances dans tous les m\u00e9dias.<\/p>\n<p>Se plaire \u00e0 lire<\/p>\n<p>Nous tous, \u00e9diteurs, salari\u00e9s, auteurs, lecteurs associ\u00e9s, croquants et disputeurs, nous vous appelons, vous qui avez appr\u00e9ci\u00e9 le travail des deux maisons, La Dispute \u00e9diteurs et les \u00e9ditions du Croquant, \u00e0 participer \u00e0 l&#8217;activit\u00e9 de cette refondation : nous tenterons de montrer mieux, \u00e0 travers toutes les pages \u00e9crites de nos livres, qu&#8217;il est possible de se plaire \u00e0 lire, essentiel de lire pour conna\u00eetre, fructueux de conna\u00eetre pour transformer.<\/p>\n<p>\u00c9ditions du Croquant <\/p>\n<p>http:\/\/www.editionsducroquant.org<\/p>\n","protected":false},"excerpt":{"rendered":"<p>Communiqu\u00e9 du 20 juin 2009 des \u00c9ditions du Croquant. Une critique persistante Autour des savoirs de l&#8217;humain et des soci\u00e9t\u00e9s, les \u00e9ditions du Croquant et La Dispute \u00e9diteurs ont, chacune \u00e0 leur fa\u00e7on depuis quelques ann\u00e9es, accompagn\u00e9 la pers\u00e9v\u00e9rance d&#8217;une production de connaissances critique, l&#8217;obstination de la raison sociale, la persistance d&#8217;une logique de l&#8217;\u00e9crit. [&hellip;]<\/p>\n","protected":false},"author":1,"featured_media":0,"comment_status":"open","ping_status":"open","sticky":false,"template":"","format":"standard","meta":{"_themeisle_gutenberg_block_has_review":false,"footnotes":""},"categories":[141],"tags":[287],"class_list":["post-4245","post","type-post","status-publish","format-standard","hentry","category-archives-web","tag-medias"],"_links":{"self":[{"href":"https:\/\/archives.regards.fr\/index.php?rest_route=\/wp\/v2\/posts\/4245","targetHints":{"allow":["GET"]}}],"collection":[{"href":"https:\/\/archives.regards.fr\/index.php?rest_route=\/wp\/v2\/posts"}],"about":[{"href":"https:\/\/archives.regards.fr\/index.php?rest_route=\/wp\/v2\/types\/post"}],"author":[{"embeddable":true,"href":"https:\/\/archives.regards.fr\/index.php?rest_route=\/wp\/v2\/users\/1"}],"replies":[{"embeddable":true,"href":"https:\/\/archives.regards.fr\/index.php?rest_route=%2Fwp%2Fv2%2Fcomments&post=4245"}],"version-history":[{"count":0,"href":"https:\/\/archives.regards.fr\/index.php?rest_route=\/wp\/v2\/posts\/4245\/revisions"}],"wp:attachment":[{"href":"https:\/\/archives.regards.fr\/index.php?rest_route=%2Fwp%2Fv2%2Fmedia&parent=4245"}],"wp:term":[{"taxonomy":"category","embeddable":true,"href":"https:\/\/archives.regards.fr\/index.php?rest_route=%2Fwp%2Fv2%2Fcategories&post=4245"},{"taxonomy":"post_tag","embeddable":true,"href":"https:\/\/archives.regards.fr\/index.php?rest_route=%2Fwp%2Fv2%2Ftags&post=4245"}],"curies":[{"name":"wp","href":"https:\/\/api.w.org\/{rel}","templated":true}]}}