{"id":4216,"date":"2009-06-01T00:00:00","date_gmt":"2009-05-31T22:00:00","guid":{"rendered":"https:\/\/wp.muchomaas.com\/affaire-de-tarnac-le-coupat-tout4216\/"},"modified":"2009-06-01T00:00:00","modified_gmt":"2009-05-31T22:00:00","slug":"affaire-de-tarnac-le-coupat-tout4216","status":"publish","type":"post","link":"https:\/\/archives.regards.fr\/?p=4216","title":{"rendered":"\u00ab Affaire de Tarnac \u00bb, le Coupat tout trouv\u00e9"},"content":{"rendered":"<p class=\"post_excerpt\"> Le pseudo-chef pr\u00e9sum\u00e9 du \u00abcomit\u00e9 invisible\u00bb, suspect\u00e9 d&#8217;avoir sabot\u00e9 des lignes de train, est toujours en prison. Les avocats et les journalistes qui ont consult\u00e9 le dossier pointent son insuffisance. Un Etat de droit peut-il accepter qu&#8217;on maintienne en d\u00e9tention quelqu&#8217;un sans preuve mat\u00e9rielle? <\/p>\n<p>Combien de temps encore \u00e0 moisir derri\u00e8re les murs de la prison de la Sant\u00e9? Cela fait maintenant plus de cinq mois que Julien Coupat, soup\u00e7onn\u00e9 d&#8217;\u00eatre le chef d&#8217;un \u00abcomit\u00e9 invisible\u00bb rebaptis\u00e9 \u00abcellule invisible\u00bb, dort dans une cellule, une vraie. Mis en examen, ainsi que huit autres personnes, pour \u00abassociation de malfaiteurs en relation avec une entreprise terroriste\u00bb, il est le seul \u00e0 ne pas avoir \u00e9t\u00e9 lib\u00e9r\u00e9. A-t-il jou\u00e9 un r\u00f4le dans le sabotage de lignes SNCF en novembre 2008, revendiqu\u00e9 par un groupe antinucl\u00e9aire allemand d\u00e8s le lendemain? Malgr\u00e9 des mois de filature, des \u00e9coutes t\u00e9l\u00e9phoniques nombreuses, des courriers et e-mails intercept\u00e9s, des cam\u00e9ras de surveillance install\u00e9es autour de la ferme de Tarnac et \u00e0 son domicile parisien, les preuves mat\u00e9rielles continuent de manquer cruellement.<\/p>\n<p><strong> RIEN DANS LE DOSSIER <\/strong><\/p>\n<p>Les avocats et les journalistes inform\u00e9s sont formels: l&#8217;enqu\u00eate n&#8217;a pas permis d&#8217;obtenir des aveux, elle n&#8217;a retrouv\u00e9 ni t\u00e9moin direct des faits, ni empreintes ADN ou digitales, m\u00eame lorsque<em> \u00abbrosses \u00e0 dents, rasoirs, sacs de couchage, manteaux, bouteilles, m\u00e9gots [ont \u00e9t\u00e9] examin\u00e9s au plus pr\u00e8s\u00bb <\/em>, comme l&#8217;affirme<em> Le Monde <\/em>, qui a eu acc\u00e8s au dossier d&#8217;instruction. Qu&#8217;y trouve-t-on? Par exemple, que Julien Coupat et sa compagne Yldune L\u00e9vy ont \u00e9t\u00e9 aper\u00e7us dans les environs des voies de chemin de fer en question.<em> \u00abCet arr\u00eat \u00e0 proximit\u00e9 d&#8217;une voie ferr\u00e9e, cible potentielle de la mouvance anarcho-autonome, nous conduisait \u00e0 proc\u00e9der \u00e0 des recherches sur cette voie, <\/em> observe un rapport de la Sous-direction antiterroriste (Sdat) cit\u00e9 dans<em> Lib\u00e9ration <\/em>.<em> Ces recherches n&#8217;amenaient la d\u00e9couverte d&#8217;aucun engin explosif.\u00bb <\/em> Il y a bien ces horaires de train et cet emballage de lampe frontale laiss\u00e9s dans une poubelle cette nuit-l\u00e0, et aussi ces deux gilets pare-balles saisis lors d&#8217;une perquisition \u00e0 la ferme de Tarnac, ainsi que ce livre en allemand sur les mouvements autonomes. <\/p>\n<p>Sans oublier une documentation t\u00e9l\u00e9charg\u00e9e sur Internet par Yldune Levy relative \u00e0 la fabrication de cocktails Molotov. Mais comment expliquer que l&#8217;\u00e9diteur Eric Hazan ait \u00e9t\u00e9 entendu en qualit\u00e9 de \u00abt\u00e9moin\u00bb pour avoir publi\u00e9 L&#8217;insurrection qui vient, le livre attribu\u00e9 \u00e0 Julien Coupat, sinon parce que ces \u00e9l\u00e9ments ne sont pas suffisamment probants? Et si d&#8217;aventure les indices avaient \u00e9t\u00e9 probants, cela ferait-il de lui un \u00abterroriste\u00bb? Juridiquement, l&#8217;immobilisation d&#8217;un train par destruction de cat\u00e9naires correspond \u00e0 un acte de \u00abd\u00e9gradation d&#8217;un bien public\u00bb : d&#8217;autant qu&#8217;elle ne risquait d&#8217;entra\u00eener aucun dommage corporel.<\/p>\n<p><strong> COUPABLE DE PROTESTER <\/strong><\/p>\n<p>Au fond, la seule chose dont on soit s\u00fbr, c&#8217;est que les \u00abneuf de Tarnac\u00bb participent \u00e0 des contre-rassemblements \u00e0 l&#8217;occasion du G8 ou de sommets europ\u00e9ens. Leur pseudo-chef pr\u00e9sum\u00e9 est un militant d&#8217;extr\u00eame gauche, ancien \u00e9tudiant \u00e0 l&#8217;EHESS. Il a contribu\u00e9 \u00e0 la revue Tiqqun, manifest\u00e9 contre le fichier Edvige, s&#8217;est d\u00e9plac\u00e9 \u00e0 Vichy en novembre 2008 pour protester contre la tenue du sommet de Brice Hortefeux sur l&#8217;int\u00e9gration&#8230; Bref, il fait partie de ceux qui ne supportent pas le monde capitaliste comme il va. Et qui n&#8217;h\u00e9sitent pas \u00e0 afficher leurs id\u00e9es.<em> \u00abS&#8217;agit-il de criminaliser le mouvement social\u00bb <\/em>, s&#8217;interrogeait Dominique Vall\u00e8s, l&#8217;avocate de deux des pr\u00e9venus, \u00e0 l&#8217;occasion d&#8217;une r\u00e9union organis\u00e9e le 2 avril. Avec ses coll\u00e8gues dont Me Ir\u00e8ne Terrel, elle d\u00e9nonce une<em> \u00abproc\u00e9dure toxique pour les libert\u00e9s publiques\u00bb <\/em>. Car il en va de cette affaire comme du d\u00e9lit de solidarit\u00e9 qui p\u00e9nalise l&#8217;aide aux sans-papiers: en fin de compte, est pr\u00e9sum\u00e9 coupable tout individu qui ose dire non. <strong> M.R. <\/strong><\/p>\n<p>Hors-s\u00e9rie au<em> Regards <\/em> n\u00b062, mai-juin 2009<\/p>\n","protected":false},"excerpt":{"rendered":"<p> Le pseudo-chef pr\u00e9sum\u00e9 du \u00abcomit\u00e9 invisible\u00bb, suspect\u00e9 d&#8217;avoir sabot\u00e9 des lignes de train, est toujours en prison. Les avocats et les journalistes qui ont consult\u00e9 le dossier pointent son insuffisance. Un Etat de droit peut-il accepter qu&#8217;on maintienne en d\u00e9tention quelqu&#8217;un sans preuve mat\u00e9rielle? <\/p>\n","protected":false},"author":573,"featured_media":0,"comment_status":"open","ping_status":"open","sticky":false,"template":"","format":"standard","meta":{"_themeisle_gutenberg_block_has_review":false,"footnotes":""},"categories":[141],"tags":[316],"class_list":["post-4216","post","type-post","status-publish","format-standard","hentry","category-archives-web","tag-securitaire"],"_links":{"self":[{"href":"https:\/\/archives.regards.fr\/index.php?rest_route=\/wp\/v2\/posts\/4216","targetHints":{"allow":["GET"]}}],"collection":[{"href":"https:\/\/archives.regards.fr\/index.php?rest_route=\/wp\/v2\/posts"}],"about":[{"href":"https:\/\/archives.regards.fr\/index.php?rest_route=\/wp\/v2\/types\/post"}],"author":[{"embeddable":true,"href":"https:\/\/archives.regards.fr\/index.php?rest_route=\/wp\/v2\/users\/573"}],"replies":[{"embeddable":true,"href":"https:\/\/archives.regards.fr\/index.php?rest_route=%2Fwp%2Fv2%2Fcomments&post=4216"}],"version-history":[{"count":0,"href":"https:\/\/archives.regards.fr\/index.php?rest_route=\/wp\/v2\/posts\/4216\/revisions"}],"wp:attachment":[{"href":"https:\/\/archives.regards.fr\/index.php?rest_route=%2Fwp%2Fv2%2Fmedia&parent=4216"}],"wp:term":[{"taxonomy":"category","embeddable":true,"href":"https:\/\/archives.regards.fr\/index.php?rest_route=%2Fwp%2Fv2%2Fcategories&post=4216"},{"taxonomy":"post_tag","embeddable":true,"href":"https:\/\/archives.regards.fr\/index.php?rest_route=%2Fwp%2Fv2%2Ftags&post=4216"}],"curies":[{"name":"wp","href":"https:\/\/api.w.org\/{rel}","templated":true}]}}