{"id":4215,"date":"2007-01-01T00:00:00","date_gmt":"2006-12-31T23:00:00","guid":{"rendered":"https:\/\/wp.muchomaas.com\/un-lieu-decent-pour-se-pendre4215\/"},"modified":"2007-01-01T00:00:00","modified_gmt":"2006-12-31T23:00:00","slug":"un-lieu-decent-pour-se-pendre4215","status":"publish","type":"post","link":"https:\/\/archives.regards.fr\/?p=4215","title":{"rendered":"Un lieu d\u00e9cent pour se pendre"},"content":{"rendered":"<p class=\"post_excerpt\"> Le Canet porte les habits neufs de la r\u00e9tention \u00e0 la fran\u00e7aise : propre, neuf, clinique. Kazim Kustul, un jeune Turc qui devait se faire expulser, s&#8217;y est quand m\u00eame suicid\u00e9. <\/p>\n<p>Le 9 d\u00e9cembre dernier, Kazim Kustul aurait d\u00fb \u00eatre expuls\u00e9 de France vers son pays d&#8217;origine. Mais ce jour-l\u00e0, c&#8217;est le cercueil dans lequel se trouvait son corps qui est parti de Marseille pour la Turquie. Huit jours plus t\u00f4t, dans sa cellule du centre de r\u00e9tention du Canet, ce jeune Turc de 22 ans, lutteur \u00e0 ses heures, ayant de la famille dans la r\u00e9gion, avait choisi de se pendre. Enferm\u00e9 depuis le 22 novembre, apr\u00e8s un contr\u00f4le sur un chantier, il \u00e9tait plac\u00e9 sous le coup d&#8217;un arr\u00eat\u00e9 pr\u00e9fectoral de reconduite \u00e0 la fronti\u00e8re. Kazim Kustul n&#8217;a pas support\u00e9 et s&#8217;est suicid\u00e9. L&#8217;enqu\u00eate ouverte devra en dire plus sur les circonstances de sa mort et donner les raisons de l&#8217;intervention tardive des policiers. Quelques jours plus tard, un autre<em> \u00abretenu\u00bb <\/em> du Canet, Egyptien de 32 ans, a lui aussi tent\u00e9 de se donner la mort. Son cod\u00e9tenu a pu l&#8217;en emp\u00eacher in extremis.<\/p>\n<p>25 000 RECONDUITES<\/p>\n<p>Le renforcement des pr\u00e9rogatives des CRA (centres de r\u00e9tention administrative) restera l&#8217;un des ouvrages importants d&#8217;un ministre de l&#8217;Int\u00e9rieur obs\u00e9d\u00e9 par l&#8217;objectif de 25 000 reconduites \u00e0 la fronti\u00e8re chaque ann\u00e9e. Derni\u00e8re trouvaille: son souhait de cr\u00e9er un minist\u00e8re de l&#8217;Immigration. La loi du 26 novembre 2003 relative \u00e0 la ma\u00eetrise de l&#8217;immigration a allong\u00e9 la dur\u00e9e possible de r\u00e9tention, pass\u00e9e de 12 \u00e0 32 jours, des \u00e9trangers interpell\u00e9s en situation irr\u00e9guli\u00e8re. Ce qui permet \u00e0 la fois d&#8217;\u00e9puiser le temps des recours judiciaires en gardant les clandestins sous la main et de mieux pr\u00e9parer leur expulsion. De plus,<em> \u00abla capacit\u00e9 de r\u00e9tention a fortement augment\u00e9. Bercy a accept\u00e9 de financer le d\u00e9veloppement des centres de r\u00e9tention\u00bb <\/em>, se f\u00e9licitait Nicolas Sarkozy en juillet dernier. Un festin s\u00e9curitaire auquel tout le monde est convi\u00e9: selon l&#8217;article 52 de la loi, les<em> \u00abconception, construction, am\u00e9nagement, entretien, h\u00f4tellerie et maintenance\u00bb <\/em> des centres peuvent \u00eatre confi\u00e9s \u00e0 des entreprises publiques ou priv\u00e9es.<\/p>\n<p>JOLIMENT BARBEL\u00c9S<\/p>\n<p>A Marseille, le centre de r\u00e9tention administrative : zone d&#8217;attente : direction zonale de la police aux fronti\u00e8res (CRA-ZA-DZPF) du Canet donne une id\u00e9e de toute l&#8217;\u00e9nergie d\u00e9ploy\u00e9e en la mati\u00e8re. Entr\u00e9 en fonction le 6 juin dernier, il a remplac\u00e9 celui d&#8217;Arenc, longtemps l&#8217;un des pires CRA de France, point\u00e9 du doigt par le rapport Mermaz en 2000 qui avait alors estim\u00e9 que<em> \u00ables conditions de r\u00e9tention [n&#8217;\u00e9taient pas] humainement d\u00e9centes\u00bb <\/em> dans cet entrep\u00f4t d\u00e9cati plant\u00e9 sur les quais de la Joliette. Le Canet porte, lui, les habits neufs de la r\u00e9tention \u00e0 la fran\u00e7aise: il peut accueillir  171 d\u00e9tenus (140 en r\u00e9tention, 31 en zone d&#8217;attente), comporte des emplacements pour les familles, une aire de jeux pour les enfants; un<em> \u00abp\u00f4le judiciaire\u00bb <\/em> (une d\u00e9localisation du tribunal de grande instance que d\u00e9noncent de nombreux avocats) \u00e0 l&#8217;\u00e9clairage feutr\u00e9 et au parquet impeccable. Propre, neuf, clinique, cam\u00e9ras et murs d&#8217;enceinte joliment barbel\u00e9s. Dans le document de pr\u00e9sentation, au chapitre<em> \u00abvolum\u00e9trie\u00bb <\/em>, il est \u00e9crit que<em> \u00able but est de ne rien montrer, de ne rien d\u00e9montrer puisqu&#8217;il n&#8217;y a rien \u00e0 voir\u00bb <\/em>.<\/p>\n<p>Le 10 d\u00e9cembre, une manifestation s&#8217;est d\u00e9roul\u00e9e \u00e0 Marseille \u00e0 la m\u00e9moire de Kazim Kustul. La rue menant au CRA \u00e9tait bloqu\u00e9e par des grilles anti\u00e9meutes. Il n&#8217;y avait rien \u00e0 voir. Les CRS en rang bleut\u00e9 prot\u00e9geaient juste un choix de soci\u00e9t\u00e9 \u00e0 17,5 millions d&#8217;euros. Le co\u00fbt d&#8217;un centre offrant enfin des conditions de r\u00e9tention<em> \u00abhumainement d\u00e9centes\u00bb <\/em> aux enfants du Sud pour se pendre. **Emmanuel Riond\u00e9*<\/p>\n","protected":false},"excerpt":{"rendered":"<p> Le Canet porte les habits neufs de la r\u00e9tention \u00e0 la fran\u00e7aise : propre, neuf, clinique. Kazim Kustul, un jeune Turc qui devait se faire expulser, s&#8217;y est quand m\u00eame suicid\u00e9. <\/p>\n","protected":false},"author":558,"featured_media":0,"comment_status":"open","ping_status":"open","sticky":false,"template":"","format":"standard","meta":{"_themeisle_gutenberg_block_has_review":false,"footnotes":""},"categories":[141],"tags":[316],"class_list":["post-4215","post","type-post","status-publish","format-standard","hentry","category-archives-web","tag-securitaire"],"_links":{"self":[{"href":"https:\/\/archives.regards.fr\/index.php?rest_route=\/wp\/v2\/posts\/4215","targetHints":{"allow":["GET"]}}],"collection":[{"href":"https:\/\/archives.regards.fr\/index.php?rest_route=\/wp\/v2\/posts"}],"about":[{"href":"https:\/\/archives.regards.fr\/index.php?rest_route=\/wp\/v2\/types\/post"}],"author":[{"embeddable":true,"href":"https:\/\/archives.regards.fr\/index.php?rest_route=\/wp\/v2\/users\/558"}],"replies":[{"embeddable":true,"href":"https:\/\/archives.regards.fr\/index.php?rest_route=%2Fwp%2Fv2%2Fcomments&post=4215"}],"version-history":[{"count":0,"href":"https:\/\/archives.regards.fr\/index.php?rest_route=\/wp\/v2\/posts\/4215\/revisions"}],"wp:attachment":[{"href":"https:\/\/archives.regards.fr\/index.php?rest_route=%2Fwp%2Fv2%2Fmedia&parent=4215"}],"wp:term":[{"taxonomy":"category","embeddable":true,"href":"https:\/\/archives.regards.fr\/index.php?rest_route=%2Fwp%2Fv2%2Fcategories&post=4215"},{"taxonomy":"post_tag","embeddable":true,"href":"https:\/\/archives.regards.fr\/index.php?rest_route=%2Fwp%2Fv2%2Ftags&post=4215"}],"curies":[{"name":"wp","href":"https:\/\/api.w.org\/{rel}","templated":true}]}}