{"id":4195,"date":"2009-07-01T00:00:00","date_gmt":"2009-06-30T22:00:00","guid":{"rendered":"https:\/\/wp.muchomaas.com\/inde-ce-geant-encore-fragile-24195\/"},"modified":"2009-07-01T00:00:00","modified_gmt":"2009-06-30T22:00:00","slug":"inde-ce-geant-encore-fragile-24195","status":"publish","type":"post","link":"https:\/\/archives.regards.fr\/?p=4195","title":{"rendered":"Inde, ce g\u00e9ant encore fragile (2). Olivier Guillard : \u00ab Un petit pied dans le XXIe si\u00e8cle \u00bb"},"content":{"rendered":"<p class=\"post_excerpt\"> Sur la sc\u00e8ne internationale, la deuxi\u00e8me d\u00e9mographie mondiale n&#8217;entend pas se contenter ind\u00e9finiment du statut de puissance \u00e9mergente dont elle reste affubl\u00e9e. Eclairage. <\/p>\n<p><strong> L&#8217;Inde peut-elle aujourd&#8217;hui pr\u00e9tendre rivaliser avec les puissances du Conseil de s\u00e9curit\u00e9 de l&#8217;ONU sur la sc\u00e8ne politique internationale ? <\/strong><\/p>\n<p><strong> Olivier Guillard. <\/strong> L&#8217;Inde est aujourd&#8217;hui un pays leader \u00e0 l&#8217;\u00e9chelle r\u00e9gionale, en Asie du Sud, o\u00f9 elle est un acteur dominant. Mais ses ambitions sont bien plus fortes. Sur place, on entend souvent les Indiens \u00e9grener les arguments qui l\u00e9gitiment leurs ambitions : deuxi\u00e8me d\u00e9mographie du monde : 1 habitant de la plan\u00e8te sur 5,5 est Indien :, possession de l&#8217;arme nucl\u00e9aire, croissance soutenue, immense march\u00e9 et une classe moyenne qui ne cesse de s&#8217;\u00e9toffer. Forte de tout cela, l&#8217;Inde esp\u00e8re trouver sa place dans la prochaine architecture du Conseil de s\u00e9curit\u00e9 de l&#8217;ONU et aimerait \u00eatre associ\u00e9e plus syst\u00e9matiquement aux grandes discussions et d\u00e9cisions internationales. Elle est frustr\u00e9e de ne pas \u00eatre prise plus au s\u00e9rieux par des pays qu&#8217;elle voit en alter ego mais qui persistent \u00e0 ne la consid\u00e9rer que comme une puissance \u00e9mergente. Les lignes bougent cependant, mais doucement : d&#8217;un c\u00f4t\u00e9, il est vrai que, en termes de soft power et de puissance \u00e9conomique, elle reste loin derri\u00e8re la Chine. Mais, de l&#8217;autre, son \u00e9mergence est r\u00e9elle et beaucoup comptent de plus en plus sur elle pour, \u00e0 moyen terme, contrebalancer la pr\u00e9sence et l&#8217;importance de la Chine sur la sc\u00e8ne r\u00e9gionale.<\/p>\n<p><strong> L&#8217;Inde importe les trois quarts de son \u00e9nergie. Cette n\u00e9cessit\u00e9 conditionne-t-elle sa politique ext\u00e9rieure ? <\/strong><\/p>\n<p> <strong> O.G. <\/strong>  Apr\u00e8s la Chine et le Japon, l&#8217;Inde est le troisi\u00e8me pays le plus gourmand d&#8217;Asie. Et il y a bien une diplomatie \u00e9nerg\u00e9tique de l&#8217;Inde. Sur ces enjeux, comme souvent, le pays est parti avec un peu de retard par rapport \u00e0 ses voisins, notamment au niveau des hydrocarbures dont les plus grosses compagnies sont chinoises, japonaises, voire m\u00eame sud-cor\u00e9ennes. Mais l&#8217;Inde a pris conscience du fait que l&#8217;environnement est tr\u00e8s concurrentiel dans ce domaine et le sera plus encore dans une vingtaine d&#8217;ann\u00e9e. Depuis deux ou trois ans, elle se montre plus agressive, en tentant \u00ab d&#8217;indianiser \u00bb ce que font les Chinois : capter des march\u00e9s et nouer de bonnes relations avec les gouvernements \u00e9trangers concern\u00e9s en leur octroyant des pr\u00eats \u00e0 taux int\u00e9ressants, en prenant en charge la construction d&#8217;infrastructures, etc. Tout cela compte, mais conditionne bien moins la politique ext\u00e9rieure indienne que son d\u00e9sir d&#8217;int\u00e9grer le rang sup\u00e9rieur des nations. Et, en l&#8217;occurrence, c&#8217;est le rapprochement avec les Etats-Unis, per\u00e7u comme indispensable \u00e0 la satisfaction de cette ambition qui a le plus caract\u00e9ris\u00e9 cette politique depuis trois ou quatre ans (1).<\/p>\n<p><strong> On sait que la question de \u00ab la lutte contre le terrorisme \u00bb dans laquelle l&#8217;Inde tient \u00e0 prendre toute sa place, a pes\u00e9 dans ce rapprochement. D&#8217;autant que, au niveau r\u00e9gional, le climat est d\u00e9l\u00e9t\u00e8re&#8230; Comment ont \u00e9t\u00e9 g\u00e9r\u00e9s les attentats de Bombay qui, en novembre dernier, ont laiss\u00e9 craindre la r\u00e9surgence d&#8217;une crise avec le Pakistan ? <\/strong><\/p>\n<p> <strong> O.G. <\/strong>  L&#8217;Inde a surtout eu du mal \u00e0 g\u00e9rer le d\u00e9roul\u00e9 des \u00e9v\u00e9nements de ces attentats. Elle a \u00e9t\u00e9 d\u00e9sempar\u00e9e face \u00e0 cette menace \u00e0 laquelle, on l&#8217;oublie souvent, le pays est r\u00e9guli\u00e8rement expos\u00e9 depuis trente ans par divers groupes s\u00e9paratistes agissant sur le territoire. L&#8217;apr\u00e8s-attentat a, lui, \u00e9t\u00e9 plut\u00f4t bien appr\u00e9hend\u00e9. L&#8217;Inde a su entendre les conseils et analyses des autres membres de la communaut\u00e9 internationale qui ont aussit\u00f4t fait valoir que ces attentats n&#8217;\u00e9taient pas le fruit d&#8217;une commande de l&#8217;Etat pakistanais mais plut\u00f4t le fait d&#8217;un groupe autonome. On peut se f\u00e9liciter que le Parti du Congr\u00e8s soit une organisation pr\u00f4nant plut\u00f4t le dialogue avec les voisins. Car il est certain que si les nationalistes avaient \u00e9t\u00e9 au pouvoir au moment des attentats, le risque de crise avec le Pakistan aurait \u00e9t\u00e9 beaucoup plus fort.<\/p>\n<p><strong> Pr\u00e9cis\u00e9ment, ce Parti du Congr\u00e9s vient de remporter les \u00e9lections, et Manmohan Sing d&#8217;\u00eatre reconduit dans sa fonction de Premier ministre. On \u00e9voque la possibilit\u00e9 qu&#8217;il soit remplac\u00e9 avant le terme de son mandat de cinq ans par Rahul Gandhi, quadrag\u00e9naire h\u00e9ritier de la dynastie. Ce changement de g\u00e9n\u00e9ration aurait-il une incidence sur la politique ext\u00e9rieure de l&#8217;Inde ? <\/strong><\/p>\n<p><strong> O.G. <\/strong> De fait, la quatri\u00e8me g\u00e9n\u00e9ration politique des Gandhi est en marche. Et si le premier ministre actuel, qui est malade, doit \u00eatre remplac\u00e9 avant la fin de son mandat, ce qui n&#8217;est pas acquis, ce sera par Rahul Gandhi. A mon avis, ce serait un peu trop t\u00f4t. Il sera \u00e0 maturit\u00e9 au moment du scrutin de 2014. Il aura acquis de l&#8217;exp\u00e9rience politique, eu le temps de conforter sa place dans le paysage politique et les Indiens auront appris \u00e0 le conna\u00eetre. Pour l&#8217;instant, il a surtout un nom, ce qui n&#8217;est peut-\u00eatre pas suffisant. Mais il est \u00e9vident qu&#8217;il incarne d&#8217;ores et d\u00e9j\u00e0 une Inde plus moderne. D&#8217;autant plus qu&#8217;il est jeune, beau, m\u00e9diatique&#8230; L&#8217;Inde a aujourd&#8217;hui un petit pied dans le XXIe si\u00e8cle. Cette pr\u00e9sence sera plus affirm\u00e9e avec un quadrag\u00e9naire \u00e0 la t\u00eate de l&#8217;Etat. Rahul Gandhi est de son temps. Et la sc\u00e8ne politique indienne est tr\u00e8s largement scl\u00e9ros\u00e9e par des responsables de 70-80 ans. En Inde, un homme politique de 60 ans est un junior ! Or, cela colle mal avec l&#8217;image d&#8217;ultraperformance que souhaite se voir octroyer le pays sur la sc\u00e8ne internationale. Cela ne renvoie pas au monde une vision tr\u00e8s dynamique du pays. Rahul Gandhi, qui s&#8217;inscrit pleinement dans les ambitions internationales d\u00e9crites plus haut, pourrait contribuer \u00e0 modifier cela. <\/p>\n<p>Propos recueillis par <strong> E.R. <\/strong><\/p>\n<p>Paru dans<em> Regards <\/em>, n\u00b063, \u00e9t\u00e9 2009<\/p>\n","protected":false},"excerpt":{"rendered":"<p> Sur la sc\u00e8ne internationale, la deuxi\u00e8me d\u00e9mographie mondiale n&#8217;entend pas se contenter ind\u00e9finiment du statut de puissance \u00e9mergente dont elle reste affubl\u00e9e. Eclairage. <\/p>\n","protected":false},"author":558,"featured_media":0,"comment_status":"open","ping_status":"open","sticky":false,"template":"","format":"standard","meta":{"_themeisle_gutenberg_block_has_review":false,"footnotes":""},"categories":[141],"tags":[298],"class_list":["post-4195","post","type-post","status-publish","format-standard","hentry","category-archives-web","tag-asie"],"_links":{"self":[{"href":"https:\/\/archives.regards.fr\/index.php?rest_route=\/wp\/v2\/posts\/4195","targetHints":{"allow":["GET"]}}],"collection":[{"href":"https:\/\/archives.regards.fr\/index.php?rest_route=\/wp\/v2\/posts"}],"about":[{"href":"https:\/\/archives.regards.fr\/index.php?rest_route=\/wp\/v2\/types\/post"}],"author":[{"embeddable":true,"href":"https:\/\/archives.regards.fr\/index.php?rest_route=\/wp\/v2\/users\/558"}],"replies":[{"embeddable":true,"href":"https:\/\/archives.regards.fr\/index.php?rest_route=%2Fwp%2Fv2%2Fcomments&post=4195"}],"version-history":[{"count":0,"href":"https:\/\/archives.regards.fr\/index.php?rest_route=\/wp\/v2\/posts\/4195\/revisions"}],"wp:attachment":[{"href":"https:\/\/archives.regards.fr\/index.php?rest_route=%2Fwp%2Fv2%2Fmedia&parent=4195"}],"wp:term":[{"taxonomy":"category","embeddable":true,"href":"https:\/\/archives.regards.fr\/index.php?rest_route=%2Fwp%2Fv2%2Fcategories&post=4195"},{"taxonomy":"post_tag","embeddable":true,"href":"https:\/\/archives.regards.fr\/index.php?rest_route=%2Fwp%2Fv2%2Ftags&post=4195"}],"curies":[{"name":"wp","href":"https:\/\/api.w.org\/{rel}","templated":true}]}}