{"id":4186,"date":"2009-07-01T00:00:00","date_gmt":"2009-06-30T22:00:00","guid":{"rendered":"https:\/\/wp.muchomaas.com\/lecons-de-campagne-l-unite-et-la4186\/"},"modified":"2009-07-01T00:00:00","modified_gmt":"2009-06-30T22:00:00","slug":"lecons-de-campagne-l-unite-et-la4186","status":"publish","type":"post","link":"https:\/\/archives.regards.fr\/?p=4186","title":{"rendered":"Le\u00e7ons de campagne, l&#8217;unit\u00e9 et la novation"},"content":{"rendered":"<p>Dans quelle mesure les \u00e9lections europ\u00e9ennes rebattent-elles les cartes \u00e0 gauche ? Six \u00e9lecteurs sur dix ne sont pas all\u00e9s voter : c&#8217;est le fait majeur. Et le PS s&#8217;est pris une nouvelle claque. Alors que la crise du capitalisme, l&#8217;ampleur des luttes sociales et la panne de la social-d\u00e9mocratie offraient un \u00ab boulevard \u00bb \u00e0 la gauche radicale pour faire valoir son projet, elle ne sort pas gagnante de cette \u00e9lection (1). Pourtant, le score total du Front de gauche (PCF et Parti de gauche) et du NPA, auquel on peut ajouter les voix de LO, est tout sauf ridicule, puisqu&#8217;il avoisine les 12 %. Mais ses divisions l&#8217;emp\u00eachent une nouvelle fois d&#8217;appara\u00eetre comme la force qui polarise \u00e0 gauche. Et c&#8217;est Europe Ecologie qui a empoch\u00e9 la mise&#8230;<\/p>\n<p>Si Europe Ecologie a r\u00e9ussi \u00e0 s\u00e9duire, en particulier dans l&#8217;\u00e9lectorat socialiste d\u00e9\u00e7u, c&#8217;est qu&#8217;elle a alli\u00e9 mise en sc\u00e8ne de l&#8217;unit\u00e9 et de la novation. Quand le PS affichait p\u00e9niblement un rassemblement de tribunes et tandis que l&#8217;autre gauche faisait listes \u00e0 part, Europe Ecologie mariait la carpe et le lapin, Daniel Cohn-Bendit et Jos\u00e9 Bov\u00e9. Les figures de proue de la campagne verte ne furent pas des responsables classiques d&#8217;appareils politiques mais des personnalit\u00e9s telles qu&#8217;Eva Joly, connues pour leur engagement dans des combats. Le caract\u00e8re hybride de cette dynamique a fait en partie sa force. A l&#8217;heure de la crise de la repr\u00e9sentation politique, ce parti pris a pay\u00e9. En outre, au moment o\u00f9 les inqui\u00e9tudes grandissent sur l&#8217;avenir de la plan\u00e8te, les th\u00e9matiques \u00e9cologiques ont mobilis\u00e9, en particulier un \u00e9lectorat jeune, urbain et dipl\u00f4m\u00e9, plus prompt que d&#8217;autres \u00e0 aller voter. La tonalit\u00e9 concr\u00e8te, avec la mise au premier plan de solutions positives (et non en pure opposition), a sans doute jou\u00e9 dans ce r\u00e9sultat inattendu d&#8217;Europe Ecologie, arriv\u00e9 au coude \u00e0 coude avec le PS.<\/p>\n<p>Cela pos\u00e9, \u00e7a ne fait pas la rue Michel, comme on dit&#8230; La campagne \u00e9colo n&#8217;a pas suffi pour que les cat\u00e9gories populaires retrouvent le chemin des urnes puisque l&#8217;abstention fut massive et pr\u00e9occupante. En outre, la colonne vert\u00e9brale environnementale de ce rassemblement europ\u00e9en a peu de chances de d\u00e9boucher sur une force politique durable, autour de laquelle la gauche pourrait ou devrait se rassembler. Et l&#8217;on se souvient du score de Bernard Tapie aux europ\u00e9ennes de 1994, un \u00ab bon coup \u00bb sans lendemain. Il n&#8217;en reste pas moins que ce vote pour Europe Ecologie indique \u00e0 la fois le d\u00e9sir profond de renouvellement \u00e0 gauche et l&#8217;ampleur de l&#8217;\u00e9rosion du PS.<\/p>\n<p>La gauche de transformation sociale et \u00e9cologique est maintenant au pied du mur. Le fait que le Front de gauche ait obtenu davantage de suffrages que le NPA signifie combien le d\u00e9sir d&#8217;unit\u00e9 reste vivace. C&#8217;est plus que jamais un imp\u00e9ratif pour sortir du \u00ab combat de nains \u00bb, pour se rendre utile aux mobilisations sociales et changer le rapport de force \u00e0 gauche. La capacit\u00e9 \u00e0 appara\u00eetre unis dans les r\u00e9sistances \u00e0 la droite au pouvoir et \u00e0 faire cause commune aux prochaines \u00e9ch\u00e9ances \u00e9lectorales, notamment aux r\u00e9gionales de 2010, est d\u00e9cisive pour faire bouger les lignes. En cela, le message lanc\u00e9 par le Front de gauche appelant \u00e0 poursuivre et \u00e0 \u00e9largir l&#8217;initiative est un point d&#8217;appui. Mais l&#8217;unit\u00e9, pour incontournable qu&#8217;elle soit, n&#8217;y suffira pas. Sans effort de novation, sans mise \u00e0 jour sur la forme et sur le fond, et sans coh\u00e9rence d&#8217;ensemble, l&#8217;autre gauche ne l&#8217;emportera pas. Or, elle le doit et elle le peut. <strong> C.A. <\/strong><\/p>\n<p>[[1. Lire p. 10 notre dossier sur les \u00e9lections europ\u00e9ennes.<br \/>\n]][[2. Paru dans<em> Regards <\/em> n\u00b063, \u00e9t\u00e9 2009]]<\/p>\n","protected":false},"excerpt":{"rendered":"<p>Dans quelle mesure les \u00e9lections europ\u00e9ennes rebattent-elles les cartes \u00e0 gauche ? Six \u00e9lecteurs sur dix ne sont pas all\u00e9s voter : c&#8217;est le fait majeur. Et le PS s&#8217;est pris une nouvelle claque. Alors que la crise du capitalisme, l&#8217;ampleur des luttes sociales et la panne de la social-d\u00e9mocratie offraient un \u00ab boulevard \u00bb [&hellip;]<\/p>\n","protected":false},"author":570,"featured_media":0,"comment_status":"open","ping_status":"open","sticky":false,"template":"","format":"standard","meta":{"_themeisle_gutenberg_block_has_review":false,"footnotes":""},"categories":[141],"tags":[328],"class_list":["post-4186","post","type-post","status-publish","format-standard","hentry","category-archives-web","tag-editorial"],"_links":{"self":[{"href":"https:\/\/archives.regards.fr\/index.php?rest_route=\/wp\/v2\/posts\/4186","targetHints":{"allow":["GET"]}}],"collection":[{"href":"https:\/\/archives.regards.fr\/index.php?rest_route=\/wp\/v2\/posts"}],"about":[{"href":"https:\/\/archives.regards.fr\/index.php?rest_route=\/wp\/v2\/types\/post"}],"author":[{"embeddable":true,"href":"https:\/\/archives.regards.fr\/index.php?rest_route=\/wp\/v2\/users\/570"}],"replies":[{"embeddable":true,"href":"https:\/\/archives.regards.fr\/index.php?rest_route=%2Fwp%2Fv2%2Fcomments&post=4186"}],"version-history":[{"count":0,"href":"https:\/\/archives.regards.fr\/index.php?rest_route=\/wp\/v2\/posts\/4186\/revisions"}],"wp:attachment":[{"href":"https:\/\/archives.regards.fr\/index.php?rest_route=%2Fwp%2Fv2%2Fmedia&parent=4186"}],"wp:term":[{"taxonomy":"category","embeddable":true,"href":"https:\/\/archives.regards.fr\/index.php?rest_route=%2Fwp%2Fv2%2Fcategories&post=4186"},{"taxonomy":"post_tag","embeddable":true,"href":"https:\/\/archives.regards.fr\/index.php?rest_route=%2Fwp%2Fv2%2Ftags&post=4186"}],"curies":[{"name":"wp","href":"https:\/\/api.w.org\/{rel}","templated":true}]}}