{"id":4164,"date":"2009-06-17T00:00:00","date_gmt":"2009-06-16T22:00:00","guid":{"rendered":"https:\/\/wp.muchomaas.com\/repression-contre-des4164\/"},"modified":"2009-06-17T00:00:00","modified_gmt":"2009-06-16T22:00:00","slug":"repression-contre-des4164","status":"publish","type":"post","link":"https:\/\/archives.regards.fr\/?p=4164","title":{"rendered":"R\u00e9pression contre des antifascistes \u00e0 Paris"},"content":{"rendered":"<p class=\"post_excerpt\"> Scalp-Reflex Paris <\/p>\n<p>Le premier juillet, \u00e0 9h, devant la 2e chambre du tribunal correctionnel de Paris, trois antifascistes parisiens passeront devant la justice, soup\u00e7onn\u00e9es d&#8217;avoir particip\u00e9 en mai 2008 \u00e0 des actions antifascistes contre un meeting du groupuscule n\u00e9ofasciste les Identitaires.<\/p>\n<p>Les faits incrimin\u00e9s (des graffitis&#8230;) ne peuvent en rien expliquer l&#8217;acharnement policier et judiciaire dont ils sont victimes : perquisitions, gardes \u00e0 vue prolong\u00e9es, \u00e9coutes t\u00e9l\u00e9phoniques&#8230;<\/p>\n<p>L&#8217;importance des moyens policiers d\u00e9ploy\u00e9s (mobilisation d&#8217;une dizaine de fonctionnaires pendant 4 mois, technologies de rep\u00e9rage des t\u00e9l\u00e9phones portables et d&#8217;Internet, relev\u00e9s d&#8217;empreintes ADN&#8230;) montre que l&#8217;essentiel est ailleurs, comme dans la r\u00e9pression qui s&#8217;est abattue sur certains individus mobilis\u00e9s aux c\u00f4t\u00e9s des sans- papiers : recueillir de l&#8217;information sur les milieux politis\u00e9s, donc dangereux du point de vue policier, et intimider les individus engag\u00e9s pour un changement social radical.<\/p>\n<p>Cette vague de r\u00e9pression s&#8217;inscrit dans une politique globale, \u00e0 l&#8217;\u0153uvre dans tous les pays de l&#8217;Union europ\u00e9enne, aux Etats-Unis ou en Russie. Une politique de longue haleine \u00e0 laquelle la droite comme la gauche fran\u00e7aises ont contribu\u00e9 ; une politique s\u00e9curitaire, o\u00f9 la moindre diff\u00e9rence, sexuelle, culturelle, sociale ou politique, peut devenir a priori suspecte. Les lois s\u00e9curitaires qui donnent toujours plus de pouvoir aux forces de r\u00e9pression, l&#8217;assimilation absurde de toute lutte sociale \u00e0 un terrorisme fantasm\u00e9 qui sert de pr\u00e9texte au renforcement d&#8217;un v\u00e9ritable terrorisme d&#8217;Etat, mais aussi les diff\u00e9rentes mesures qui accroissent le pouvoir du patronat au d\u00e9triment de travailleurs pr\u00e9caris\u00e9s, toutes ces mesures ont le m\u00eame but : ins\u00e9curiser la population pour mieux s\u00e9curiser l&#8217;ordre social capitaliste et \u00e9tatique.<\/p>\n<p>Ce proc\u00e8s nous rappelle que l&#8217;antifascisme est une lutte qui se m\u00e8ne sur deux fronts : contre les mouvements d&#8217;extr\u00eame droite et n\u00e9ofascistes, mais aussi contre l&#8217;Etat qui ne s&#8217;est jamais priv\u00e9 d&#8217;instrumentaliser le fascisme ou d&#8217;emprunter ses techniques pour assurer la stabilit\u00e9 de l&#8217;ordre social. Il nous rappelle que l&#8217;Etat de droit est, aujourd&#8217;hui comme toujours, subordonn\u00e9 \u00e0 la raison d&#8217;Etat, que les promesses du lib\u00e9ralisme valent moins que les int\u00e9r\u00eats du capitalisme ou la stabilit\u00e9 de l&#8217;ordre social et \u00e9tatique, que la police l&#8217;emporte encore et toujours sur la justice.<\/p>\n<p>Ni prison, ni r\u00e9pression n&#8217;arr\u00eateront nos r\u00e9bellions ! Autonomie pour toutes et tous !<\/p>\n<p>Le mercredi 1er juillet \u00e0 9h,<\/p>\n<p>en soutien avec les antifascistes criminalis\u00e9s,<\/p>\n<p>Toutes et tous \u00e0 la 2e chambre du tribunal correctionnel de Paris !<\/p>\n","protected":false},"excerpt":{"rendered":"<p> Scalp-Reflex Paris <\/p>\n","protected":false},"author":1,"featured_media":0,"comment_status":"open","ping_status":"open","sticky":false,"template":"","format":"standard","meta":{"_themeisle_gutenberg_block_has_review":false,"footnotes":""},"categories":[141],"tags":[316],"class_list":["post-4164","post","type-post","status-publish","format-standard","hentry","category-archives-web","tag-securitaire"],"_links":{"self":[{"href":"https:\/\/archives.regards.fr\/index.php?rest_route=\/wp\/v2\/posts\/4164","targetHints":{"allow":["GET"]}}],"collection":[{"href":"https:\/\/archives.regards.fr\/index.php?rest_route=\/wp\/v2\/posts"}],"about":[{"href":"https:\/\/archives.regards.fr\/index.php?rest_route=\/wp\/v2\/types\/post"}],"author":[{"embeddable":true,"href":"https:\/\/archives.regards.fr\/index.php?rest_route=\/wp\/v2\/users\/1"}],"replies":[{"embeddable":true,"href":"https:\/\/archives.regards.fr\/index.php?rest_route=%2Fwp%2Fv2%2Fcomments&post=4164"}],"version-history":[{"count":0,"href":"https:\/\/archives.regards.fr\/index.php?rest_route=\/wp\/v2\/posts\/4164\/revisions"}],"wp:attachment":[{"href":"https:\/\/archives.regards.fr\/index.php?rest_route=%2Fwp%2Fv2%2Fmedia&parent=4164"}],"wp:term":[{"taxonomy":"category","embeddable":true,"href":"https:\/\/archives.regards.fr\/index.php?rest_route=%2Fwp%2Fv2%2Fcategories&post=4164"},{"taxonomy":"post_tag","embeddable":true,"href":"https:\/\/archives.regards.fr\/index.php?rest_route=%2Fwp%2Fv2%2Ftags&post=4164"}],"curies":[{"name":"wp","href":"https:\/\/api.w.org\/{rel}","templated":true}]}}