{"id":4160,"date":"2009-06-12T00:00:00","date_gmt":"2009-06-11T22:00:00","guid":{"rendered":"https:\/\/wp.muchomaas.com\/elections-europeennes-2009-les4160\/"},"modified":"2009-06-12T00:00:00","modified_gmt":"2009-06-11T22:00:00","slug":"elections-europeennes-2009-les4160","status":"publish","type":"post","link":"https:\/\/archives.regards.fr\/?p=4160","title":{"rendered":"Elections europ\u00e9ennes 2009 : Les principaux partis politiques s&#8217;engagent en faveur d&#8217;une Europe responsable et solidaire dans  le monde"},"content":{"rendered":"<p class=\"post_excerpt\"> Coordination Sud <\/p>\n<p>Sollicit\u00e9s par Coordination SUD pour livrer leur vision du r\u00f4le de l&#8217;Europe dans le monde, les principaux partis politiques ont r\u00e9dig\u00e9 des propositions pour la mise en place de politiques europ\u00e9ennes responsables et solidaires vis-\u00e0-vis des pays en d\u00e9veloppement.  Coordination SUD en a fait la synth\u00e8se et rend publique son document d&#8217;analyse.<\/p>\n<p>En r\u00e9pondant au questionnaire de Coordination SUD sur le r\u00f4le de l&#8217;Europe dans le monde, Europe Ecologie, le Front de Gauche, le MODEM, le NPA, le Parti Socialiste et l&#8217;UMP ont manifest\u00e9 leur volont\u00e9 d&#8217;agir pour la construction d&#8217;une Europe solidaire, coh\u00e9rente et d\u00e9mocratique pendant la mandature 2009-2014 du Parlement europ\u00e9en.  Ces engagements viennent pr\u00e9ciser le programme des diff\u00e9rents partis politiques en mati\u00e8re de solidarit\u00e9 internationale suite \u00e0 la signature dela Charte de Coordination SUD pour une Europe responsable et solidaire par 33 d\u00e9put\u00e9s europ\u00e9ens \u00e9lus le 7 juin 2009.<\/p>\n<p>L&#8217;id\u00e9e d&#8217;une Europe r\u00e9gulant la mondialisation en r\u00e9partissant les richesses au niveau mondial fait consensus chez ces partis politiques. Toutefois, les niveaux d&#8217;ambition des diff\u00e9rents partis sur les politiques de solidarit\u00e9 internationale varient fortement.<\/p>\n<p>Tous s&#8217;accordent sur la n\u00e9cessit\u00e9 de tenir les engagements pris par l&#8217;Union europ\u00e9enne en mati\u00e8re d&#8217;aide publique au d\u00e9veloppement. Cette position consensuelle est la bienvenue \u00e0 l&#8217;heure o\u00f9 des doutes subsistent sur la volont\u00e9 r\u00e9elle des Etats europ\u00e9ens \u00e0 respecter leur engagement d&#8217;allouer 0,51% de la richesse nationale \u00e0 l&#8217;aide publique au d\u00e9veloppement en 2010.<\/p>\n<p>Au-del\u00e0 de l&#8217;engagement de principe de tous les partis \u00e0 agir contre le changement climatique, certaines formations politiques proposent des mesures concr\u00e8tes et\/ou chiffr\u00e9es pour soutenir les pays en d\u00e9veloppement dans leur lutte contre le changement climatique \u00e0 l&#8217;image d&#8217;Europe Ecologie, du Front de Gauche ou encore du PS et du MODEM.<\/p>\n<p>Par ailleurs, alors que 70% des personnes vivant dans la pauvret\u00e9 dans le monde sont des femmes, Coordination SUD s&#8217;attendait \u00e0 ce que les partis \u00e9laborent des propositions tr\u00e8s concr\u00e8tes afin de pousser l&#8217;Union europ\u00e9enne \u00e0 utiliser son pouvoir \u00e9conomique et politique pour faire avancer l&#8217;\u00e9galit\u00e9 entre les hommes et les femmes dans le monde. Les r\u00e9ponses des partis sur cette question cruciale sont relativement d\u00e9cevantes.<\/p>\n<p>Enfin, la crise alimentaire s\u00e9vissant dans les pays les plus pauvres semble avoir \u00e9t\u00e9 \u00e0 l&#8217;esprit des partis politiques pendant cette campagne europ\u00e9enne. Ainsi, Europe Ecologie, le Front de Gauche, le PS, le MODEM et l&#8217;UMP s&#8217;accordent sur le fait que l&#8217;Union europ\u00e9enne doit tenir son engagement de mettre fin aux subventions \u00e0 l&#8217;exportation de produits agricoles. Ces subventions permettent \u00e0 des produits europ\u00e9ens de venir concurrencer de mani\u00e8re injuste les productions locales dans les pays en d\u00e9veloppement. On observe toutefois d&#8217;importantes diff\u00e9rences entre les formations politiques qui demandent une suppression inconditionnelle de ces subventions (Europe Ecologie, Front de Gauche et PS) et celles qui conditionnent cette suppression au comportement des autres grandes \u00e9conomies du Nord et des pays \u00e9mergents (UMP et MODEM).<\/p>\n<p>>>> Lire l&#8217;int\u00e9gralit\u00e9 de la synth\u00e8se des programmes des partis politiques <\/p>\n<p>http:\/\/www.coordinationsud.org\/IMG\/pdf\/Synthese_propositions_partis_politiques.pdf<\/p>\n<p>Coordination SUD : Solidarit\u00e9 Urgence D\u00e9veloppement est la coordination nationale des ONG fran\u00e7aises de solidarit\u00e9 internationale. Fond\u00e9e en 1994, elle rassemble aujourd&#8217;hui six collectifs d&#8217;ONG (CLONG-Volontariat, CNAJEP, Coordination d&#8217;Agen, CRID, FORIM, Groupe Initiatives) et plus de 130 ONG qui m\u00e8nent des actions humanitaires d&#8217;urgence, d&#8217;aide au d\u00e9veloppement, de protection de l&#8217;environnement, de d\u00e9fense des droits humains aupr\u00e8s des populations d\u00e9favoris\u00e9es et aussi des actions d&#8217;\u00e9ducation \u00e0 la solidarit\u00e9 internationale et de plaidoyer.<\/p>\n<p>http:\/\/www.coordinationsud.org<\/p>\n","protected":false},"excerpt":{"rendered":"<p> Coordination Sud <\/p>\n","protected":false},"author":1,"featured_media":0,"comment_status":"open","ping_status":"open","sticky":false,"template":"","format":"standard","meta":{"_themeisle_gutenberg_block_has_review":false,"footnotes":""},"categories":[141],"tags":[290],"class_list":["post-4160","post","type-post","status-publish","format-standard","hentry","category-archives-web","tag-elections"],"_links":{"self":[{"href":"https:\/\/archives.regards.fr\/index.php?rest_route=\/wp\/v2\/posts\/4160","targetHints":{"allow":["GET"]}}],"collection":[{"href":"https:\/\/archives.regards.fr\/index.php?rest_route=\/wp\/v2\/posts"}],"about":[{"href":"https:\/\/archives.regards.fr\/index.php?rest_route=\/wp\/v2\/types\/post"}],"author":[{"embeddable":true,"href":"https:\/\/archives.regards.fr\/index.php?rest_route=\/wp\/v2\/users\/1"}],"replies":[{"embeddable":true,"href":"https:\/\/archives.regards.fr\/index.php?rest_route=%2Fwp%2Fv2%2Fcomments&post=4160"}],"version-history":[{"count":0,"href":"https:\/\/archives.regards.fr\/index.php?rest_route=\/wp\/v2\/posts\/4160\/revisions"}],"wp:attachment":[{"href":"https:\/\/archives.regards.fr\/index.php?rest_route=%2Fwp%2Fv2%2Fmedia&parent=4160"}],"wp:term":[{"taxonomy":"category","embeddable":true,"href":"https:\/\/archives.regards.fr\/index.php?rest_route=%2Fwp%2Fv2%2Fcategories&post=4160"},{"taxonomy":"post_tag","embeddable":true,"href":"https:\/\/archives.regards.fr\/index.php?rest_route=%2Fwp%2Fv2%2Ftags&post=4160"}],"curies":[{"name":"wp","href":"https:\/\/api.w.org\/{rel}","templated":true}]}}