{"id":4157,"date":"2009-06-14T00:00:00","date_gmt":"2009-06-13T22:00:00","guid":{"rendered":"https:\/\/wp.muchomaas.com\/ni-controle-social-des-precaires4157\/"},"modified":"2009-06-14T00:00:00","modified_gmt":"2009-06-13T22:00:00","slug":"ni-controle-social-des-precaires4157","status":"publish","type":"post","link":"https:\/\/archives.regards.fr\/?p=4157","title":{"rendered":"Ni contr\u00f4le social des pr\u00e9caires, ni emplois forc\u00e9s FAISONS PLOYER P\u00d4LE EMPLOI !"},"content":{"rendered":"<p>En 1997\/98 des collectifs de ch\u00f4meurs et de pr\u00e9caires avaient envahi des centaines d&#8217;agences ANPE et Assedic pendant plusieurs semaines. \u00ab Nous ne voulons pas d&#8217;une soci\u00e9t\u00e9 d&#8217;assistance mais une soci\u00e9t\u00e9 fond\u00e9e sur le travail \u00bb, leur r\u00e9pondait alors Jospin en envoyant les flics, sonnant ainsi le clairon d&#8217;une offensive travailliste de longue dur\u00e9e dont nous subissons encore aujourd&#8217;hui les effets. Depuis, seuls un puissant mouvement d&#8217;intermittents et de pr\u00e9caires et le mouvement des recalcul\u00e9s de l&#8217;Unedic ont su mettre des b\u00e2tons dans les roues de l&#8217;entente programm\u00e9e entre le MEDEF, la CFDT et le gouvernement. \u00ab Ce que nous d\u00e9fendons nous le d\u00e9fendons pour tous \u00bb ! clamaient les intermittents et pr\u00e9caires en exigeant une indemnit\u00e9 pour chaque jour ch\u00f4m\u00e9 au moins \u00e9gale au SMIC-jour.<\/p>\n<p>Aujourd&#8217;hui, on nous refourgue sans complexe \u00ab la valeur travail \u00bb \u00e0 coups de \u00ab retroussage de manches \u00bb et de \u00ab travailler plus pour gagner plus \u00bb, de RSA et d&#8217;\u00ab offre raisonnable d&#8217;emploi \u00bb, comme un nouvel esclavage d\u00e9guis\u00e9, pendant que Christian Charpy, le directeur g\u00e9n\u00e9ral de P\u00f4le Emploi, b\u00e9n\u00e9ficie d&#8217;une hausse de salaire de 20 %, \u00e0 275.000 euros par an en 2009, et que tant d&#8217;autres se remplissent les poches avec des milliards. Ils nous voudraient soumis, pire, motiv\u00e9s pour leurs emplois de merde, isol\u00e9s dans la lutte de chacun contre tous, dans le suivi individualis\u00e9, l&#8217;\u00e9valuation des comp\u00e9tences, le PPAE (plan personnel d&#8217;acc\u00e8s \u00e0 l&#8217;emploi), dans le \u00ab coaching \u00bb de notre employabilit\u00e9.<\/p>\n<p>Le P\u00f4le Emploi, r\u00e9sultat de la fusion chaotique de l&#8217;ANPE et des Assedic, est au bord du collapse, les CAF ne savent plus o\u00f9 donner de la t\u00eate, les services sociaux sombrent devant l&#8217;afflux des surendett\u00e9s, des menac\u00e9s d&#8217;expulsion, des mal-log\u00e9s ou pas log\u00e9s du tout, des mal-soign\u00e9s faute d&#8217;acc\u00e8s aux droits les plus \u00e9l\u00e9mentaires&#8230; Des milliers de sans-papiers sont condamn\u00e9s \u00e0 se planquer, vivotant entre des boulots sous-pay\u00e9s et des solidarit\u00e9s condamn\u00e9es par le gouvernement&#8230; Mais peu importe, il faut faire tourner la machine, malgr\u00e9 les centaines de milliers de nouveaux ch\u00f4meurs, culpabiliser, radier, trafiquer les chiffres du ch\u00f4mage, mener une politique de peur et de flicage. On nous parle d&#8217;un nouveau cycle de crise du capitalisme, on nous dit que \u00e7a va passer, qu&#8217;il suffit de moraliser la sp\u00e9culation financi\u00e8re, qu&#8217;il nous faut de toute fa\u00e7on des bons patrons capitalistes pour fournir du boulot aux prol\u00e9taires sur le dos desquels ils vivent. Qu&#8217;il faut devenir entreprenant, voire auto-entrepreneurs.<\/p>\n<p>\u00ab Nous ne paierons pas leur crise \u00bb, partout cette phrase r\u00e9sonne depuis l&#8217;hiver. Partout des solidarit\u00e9s s&#8217;inventent dans le refus du capitalisme, la lutte contre un n\u00e9olib\u00e9ralisme mondial qui entend dicter et guider nos conduites. Pour r\u00e9pondre \u00e0 cela et faire taire la contestation, l&#8217;\u00c9tat criminalise les r\u00e9voltes et les mouvements sociaux. On nous veut craintifs, serviles et ob\u00e9issants et surtout pas critiques, solidaires et inventifs. Les journ\u00e9es de gr\u00e8ve et de manifestation trimestrielles ne parviendront pas \u00e0 nous endormir. Les centrales syndicales \u00ab repr\u00e9sentatives \u00bb (du gouvernement) n&#8217;y pourront rien.<\/p>\n<p>Depuis cet hiver, une s\u00e9rie d&#8217;autor\u00e9ductions dans les supermarch\u00e9s, des s\u00e9questrations de p\u00e9d\u00e9g\u00e9s et managers d&#8217;entreprises, le mouvement de protestation dans les universit\u00e9s, le mouvement victorieux en Guadeloupe ont montr\u00e9 qu&#8217;il \u00e9tait possible de prendre ses affaires en main.<\/p>\n<p>En occupant les P\u00f4le emploi, les CAF, les CCAS, les maisons vides, en refusant collectivement de payer nos dettes, en luttant aux cot\u00e9s des sans-papiers, en s&#8217;opposant aux rafles, en organisant des autor\u00e9ductions, en assurant notre subsistance sans nous soumettre \u00e0 leurs emplois, nous pouvons ensemble porter des coups \u00e0 leur monde, \u00e9tablir des liens, respirer.<\/p>\n<p>Si on vous sucre vos allocs, si on vous menace de radiation, si on vous impose des stages ou des formations idiotes, des emplois de merde, si on veut vous virer de votre logement, si vous refusez cet ordre social, rejoignez les collectifs de ch\u00f4meurs, de pr\u00e9caires, de mal-log\u00e9s, d&#8217;\u00e9tudiants, de salari\u00e9s insoumis, de sans papiers.<\/p>\n<p>Les salari\u00e9s du P\u00f4le qui refusent la logique que l&#8217;on veut leur faire servir peuvent, avec les pr\u00e9caires en lutte, imposer que leur fonction soit radicalement remise en cause, au quotidien, et en exigeant que leur t\u00e2che prioritaire vise non pas le contr\u00f4le social et le service aux entreprises mais l&#8217;information sur les droits et l&#8217;appui aux ch\u00f4meurs et pr\u00e9caires. Des \u00e9tats g\u00e9n\u00e9raux de la pr\u00e9carit\u00e9 ont lanc\u00e9 un appel \u00e0 faire campagne contre P\u00f4le emploi et \u00e0 des marches de pr\u00e9caires \u00e0 l&#8217;automne.<\/p>\n<p>Exigeons d\u00e8s maintenant le rel\u00e8vement des minima sociaux \u00e0 1000 euros par mois, la suppression de l&#8217; \u00ab offre raisonnable d&#8217;emploi \u00bb et du suivi mensuel obligatoire, la suppression du 3949 et le r\u00e9tablissement de l&#8217;accueil au guichet, la libert\u00e9 d&#8217;\u00e9tablir ou non un contrat d&#8217;insertion avec des contenus d\u00e9cid\u00e9s par les allocataires eux-m\u00eames<\/p>\n<p>Nous proposons dans un premier temps de rejoindre les salari\u00e9s de P\u00f4le emploi lors de la gr\u00e8ve du 18 juin pour participer aux assembl\u00e9es, manifestations et actions, puis de mener des actions coordonn\u00e9es dans les P\u00f4les emploi du 22 juin \u00e0 la fin du mois, date de publication des chiffres du ch\u00f4mage.<\/p>\n","protected":false},"excerpt":{"rendered":"<p>En 1997\/98 des collectifs de ch\u00f4meurs et de pr\u00e9caires avaient envahi des centaines d&#8217;agences ANPE et Assedic pendant plusieurs semaines. \u00ab Nous ne voulons pas d&#8217;une soci\u00e9t\u00e9 d&#8217;assistance mais une soci\u00e9t\u00e9 fond\u00e9e sur le travail \u00bb, leur r\u00e9pondait alors Jospin en envoyant les flics, sonnant ainsi le clairon d&#8217;une offensive travailliste de longue dur\u00e9e dont [&hellip;]<\/p>\n","protected":false},"author":1,"featured_media":0,"comment_status":"open","ping_status":"open","sticky":false,"template":"","format":"standard","meta":{"_themeisle_gutenberg_block_has_review":false,"footnotes":""},"categories":[141],"tags":[311],"class_list":["post-4157","post","type-post","status-publish","format-standard","hentry","category-archives-web","tag-mouvement-social"],"_links":{"self":[{"href":"https:\/\/archives.regards.fr\/index.php?rest_route=\/wp\/v2\/posts\/4157","targetHints":{"allow":["GET"]}}],"collection":[{"href":"https:\/\/archives.regards.fr\/index.php?rest_route=\/wp\/v2\/posts"}],"about":[{"href":"https:\/\/archives.regards.fr\/index.php?rest_route=\/wp\/v2\/types\/post"}],"author":[{"embeddable":true,"href":"https:\/\/archives.regards.fr\/index.php?rest_route=\/wp\/v2\/users\/1"}],"replies":[{"embeddable":true,"href":"https:\/\/archives.regards.fr\/index.php?rest_route=%2Fwp%2Fv2%2Fcomments&post=4157"}],"version-history":[{"count":0,"href":"https:\/\/archives.regards.fr\/index.php?rest_route=\/wp\/v2\/posts\/4157\/revisions"}],"wp:attachment":[{"href":"https:\/\/archives.regards.fr\/index.php?rest_route=%2Fwp%2Fv2%2Fmedia&parent=4157"}],"wp:term":[{"taxonomy":"category","embeddable":true,"href":"https:\/\/archives.regards.fr\/index.php?rest_route=%2Fwp%2Fv2%2Fcategories&post=4157"},{"taxonomy":"post_tag","embeddable":true,"href":"https:\/\/archives.regards.fr\/index.php?rest_route=%2Fwp%2Fv2%2Ftags&post=4157"}],"curies":[{"name":"wp","href":"https:\/\/api.w.org\/{rel}","templated":true}]}}