{"id":4141,"date":"2009-06-05T00:00:00","date_gmt":"2009-06-04T22:00:00","guid":{"rendered":"https:\/\/wp.muchomaas.com\/elections-europeennes-2009-2694141\/"},"modified":"2009-06-05T00:00:00","modified_gmt":"2009-06-04T22:00:00","slug":"elections-europeennes-2009-2694141","status":"publish","type":"post","link":"https:\/\/archives.regards.fr\/?p=4141","title":{"rendered":"Elections europ\u00e9ennes 2009 : 269 candidats signent la charte pour une &#8220;Europe responsable et solidaire dans le monde&#8221;"},"content":{"rendered":"<p>Paris, le 5 juin 2009 : Apr\u00e8s trois mois de mobilisation autour des \u00e9lections europ\u00e9ennes, les ONG de solidarit\u00e9 internationale rassembl\u00e9es au sein de Coordination SUD ont recueilli des engagements forts de la part des candidats et des principaux partis politiques en faveur d&#8217;une Europe responsable et solidaire dans le monde.<\/p>\n<p>Coordination SUD, en partenariat avec les collectifs r\u00e9gionaux d&#8217;associations de solidarit\u00e9 internationale, est all\u00e9e \u00e0 la rencontre des principaux partis politiques et des candidats afin de les inciter \u00e0 promouvoir la solidarit\u00e9 Nord-Sud au Parlement europ\u00e9en, \u00e0 l&#8217;heure o\u00f9 les pays en d\u00e9veloppement subissent des crises financi\u00e8re, \u00e9conomique, \u00e9cologique et alimentaire.<\/p>\n<p>269 candidats d&#8217;Europe \u00c9cologie, du Front de Gauche, du MODEM, du Parti Socialiste et du NPA ont sign\u00e9 la charte de Coordination SUD pour une Europe responsable et solidaire dans le monde. Ainsi, ils s&#8217;engagent \u00e0 agir pour que l&#8217;Union europ\u00e9enne tienne ses promesses d&#8217;aide publique au d\u00e9veloppement, mette en place une taxe sur les transactions de change, abolisse les subventions aux exportations de produits agricoles, propose des financements pour la lutte contre le changement climatique aux pays pauvres ou encore \u0153uvre pour faire avancer l&#8217;\u00e9galit\u00e9 entre les hommes et les femmes dans le monde.<\/p>\n<p>Au del\u00e0 des engagements individuels des candidats signataires de la charte, le Front de Gauche, Europe Ecologie, l&#8217;UMP, le PS, le MODEM et le NPA ont \u00e9galement fait des propositions sp\u00e9cifiques sur les politiques europ\u00e9ennes de solidarit\u00e9 internationale. Ces propositions sont consultables sur le site internet de Coordination SUD : http:\/\/www.coordinationsud.org\/spip.php?article14365<\/p>\n<p>Jean-Louis Vielajus, pr\u00e9sident de Coordination SUD se f\u00e9licite de ces engagements politiques mais souligne que \u00ab la mobilisation pour une Europe responsable et solidaire dans le monde ne fait que commencer. Nous souhaitons d\u00e9sormais \u00e9tablir une v\u00e9ritable coop\u00e9ration avec les d\u00e9put\u00e9s \u00e9lus le 7 juin afin de les aider \u00e0 transformer leurs engagements en actes concrets permettant \u00e0 l&#8217;Europe de r\u00e9pondre aux attentes des populations les plus pauvres \u00bb.<\/p>\n","protected":false},"excerpt":{"rendered":"<p>Paris, le 5 juin 2009 : Apr\u00e8s trois mois de mobilisation autour des \u00e9lections europ\u00e9ennes, les ONG de solidarit\u00e9 internationale rassembl\u00e9es au sein de Coordination SUD ont recueilli des engagements forts de la part des candidats et des principaux partis politiques en faveur d&#8217;une Europe responsable et solidaire dans le monde. Coordination SUD, en partenariat [&hellip;]<\/p>\n","protected":false},"author":1,"featured_media":0,"comment_status":"open","ping_status":"open","sticky":false,"template":"","format":"standard","meta":{"_themeisle_gutenberg_block_has_review":false,"footnotes":""},"categories":[141],"tags":[290],"class_list":["post-4141","post","type-post","status-publish","format-standard","hentry","category-archives-web","tag-elections"],"_links":{"self":[{"href":"https:\/\/archives.regards.fr\/index.php?rest_route=\/wp\/v2\/posts\/4141","targetHints":{"allow":["GET"]}}],"collection":[{"href":"https:\/\/archives.regards.fr\/index.php?rest_route=\/wp\/v2\/posts"}],"about":[{"href":"https:\/\/archives.regards.fr\/index.php?rest_route=\/wp\/v2\/types\/post"}],"author":[{"embeddable":true,"href":"https:\/\/archives.regards.fr\/index.php?rest_route=\/wp\/v2\/users\/1"}],"replies":[{"embeddable":true,"href":"https:\/\/archives.regards.fr\/index.php?rest_route=%2Fwp%2Fv2%2Fcomments&post=4141"}],"version-history":[{"count":0,"href":"https:\/\/archives.regards.fr\/index.php?rest_route=\/wp\/v2\/posts\/4141\/revisions"}],"wp:attachment":[{"href":"https:\/\/archives.regards.fr\/index.php?rest_route=%2Fwp%2Fv2%2Fmedia&parent=4141"}],"wp:term":[{"taxonomy":"category","embeddable":true,"href":"https:\/\/archives.regards.fr\/index.php?rest_route=%2Fwp%2Fv2%2Fcategories&post=4141"},{"taxonomy":"post_tag","embeddable":true,"href":"https:\/\/archives.regards.fr\/index.php?rest_route=%2Fwp%2Fv2%2Ftags&post=4141"}],"curies":[{"name":"wp","href":"https:\/\/api.w.org\/{rel}","templated":true}]}}