{"id":4126,"date":"2009-06-01T00:00:00","date_gmt":"2009-05-31T22:00:00","guid":{"rendered":"https:\/\/wp.muchomaas.com\/familles-roms-medecins-du-monde4126\/"},"modified":"2009-06-01T00:00:00","modified_gmt":"2009-05-31T22:00:00","slug":"familles-roms-medecins-du-monde4126","status":"publish","type":"post","link":"https:\/\/archives.regards.fr\/?p=4126","title":{"rendered":"Familles Roms, M\u00e9decins du Monde interpelle les candidats aux \u00e9lections europ\u00e9ennes"},"content":{"rendered":"<p class=\"post_excerpt\"> M\u00e9decins du Monde <\/p>\n<p>Apr\u00e8s la mort, il y a une semaine, d&#8217;un enfant dans un incendie et les expulsions r\u00e9p\u00e9t\u00e9es dont ont \u00e9t\u00e9 victimes plusieurs familles Rroms d&#8217;Ile de France, MdM interpelle les candidats aux \u00e9lections europ\u00e9ennes. Les textes existent au niveau europ\u00e9en. Ils prot\u00e8gent les familles Rrom de ces situations d\u00e9sastreuses. M\u00e9decins du Monde demande aux candidats, une fois \u00e9lus, de s&#8217;engager \u00e0 faire respecter ces textes dans les diff\u00e9rents pays europ\u00e9ens, et en particulier en France.<\/p>\n<p>[[&#8212;&#8212;&#8212;&#8212;&#8212;&#8212;&#8212;&#8212;&#8212;&#8212;&#8212;&#8212;&#8212;&#8212;&#8212;&#8212;&#8212;&#8212;&#8212;&#8212;&#8212;&#8212;&#8212;&#8212;&#8212;&#8212;<br \/>\n]]Lettre aux candidats aux \u00e9lections europ\u00e9ennes<\/p>\n<p>Nous soignants, membres de l&#8217;association M\u00e9decins du Monde, avons \u00e9t\u00e9 contraints d&#8217;installer le 27 mai \u00e0 Saint Denis, aux portes de Paris, un camp de d\u00e9plac\u00e9s pour des citoyens europ\u00e9ens. 115 personnes Rroms dont 6 nourrissons, et 41 enfants, sont accueillies dans un camp sur le mod\u00e8le de ceux que nous d\u00e9ployons en cas d&#8217;urgence sanitaire et de catastrophes. Installer un camp de \u00ab d\u00e9plac\u00e9s \u00bb en France, mais comment en sommes-nous arriv\u00e9s l\u00e0 ?<\/p>\n<p>Chass\u00e9es, harcel\u00e9es depuis plusieurs mois, ces familles Rroms \u00e9taient \u00e0 la rue apr\u00e8s un incendie qui avait caus\u00e9 la mort d&#8217;un enfant et apr\u00e8s leur expulsion de tous les lieux pr\u00e9caires o\u00f9 elles avaient tent\u00e9es de trouver refuge. Etat, collectivit\u00e9s locales et territoriales se renvoyant la responsabilit\u00e9. Devant cette maltraitance institutionnelle, sans aucune solution et face \u00e0 l&#8217;urgence sanitaire, nous leur avons apport\u00e9 un abri que nous souhaitons momentan\u00e9e en l&#8217;attente de solutions plus dignes et durables.<\/p>\n<p>Pourtant, les textes \u00e9labor\u00e9s au niveau europ\u00e9en existent, ils sont de qualit\u00e9 et apportent des r\u00e9ponses adapt\u00e9es et humaines pour les familles Rroms mais ils ne sont pas appliqu\u00e9s en France. Europ\u00e9ens, b\u00e9n\u00e9ficiant de droits r\u00e9affirm\u00e9s tant par le Parlement que par la Commission et le Conseil de l&#8217;Europe, les Rroms sont trait\u00e9s en France, par le m\u00e9pris comme des citoyens europ\u00e9ens de seconde zone. Et leurs expulsions r\u00e9p\u00e9t\u00e9es, sans solution de relogement entra\u00eenent, nous le constatons tous les jours, un \u00e9puisement, des ruptures de soins et de suivi m\u00e9dical, notamment pour les femmes et les jeunes enfants. Etat, r\u00e9gions, d\u00e9partements, mairies, chacun de ces acteurs d\u00e9tient pourtant une partie de la solution. Mais tous se renvoient la responsabilit\u00e9 en un jeu institutionnel grotesque pour finir par ne rien faire.<\/p>\n<p>A la veille de l&#8217;\u00e9lection du nouveau Parlement europ\u00e9en, nous vous demandons de prendre l&#8217;engagement, une fois \u00e9lu de veiller, au moins, \u00e0 l&#8217;application des r\u00e8gles europ\u00e9ennes existantes. Nous vous demandons qu&#8217;ils n&#8217;acceptent plus le jeu de ping-pong institutionnel dont sont victimes les Rroms, citoyens europ\u00e9ens prot\u00e9g\u00e9s pourtant par les textes en vigueur.<\/p>\n<p>En Ile de France, les associations demandent la tenue d&#8217;une Table Ronde r\u00e9unissant tous les acteurs concern\u00e9s. Une rencontre qui permette de partager les questions et de trouver ensemble des r\u00e9ponses coordonn\u00e9es pour sortir d&#8217;une gestion born\u00e9e par territoire. Nous vous demandons au nom de l&#8217;Europe dont vous briguez le mandat, d&#8217;appuyer cette initiative \u00e9l\u00e9mentaire afin que les Rroms puissent vivre dignement.<\/p>\n<p>http:\/\/www.medecinsdumonde.org<\/p>\n","protected":false},"excerpt":{"rendered":"<p> M\u00e9decins du Monde <\/p>\n","protected":false},"author":1,"featured_media":0,"comment_status":"open","ping_status":"open","sticky":false,"template":"","format":"standard","meta":{"_themeisle_gutenberg_block_has_review":false,"footnotes":""},"categories":[141],"tags":[290],"class_list":["post-4126","post","type-post","status-publish","format-standard","hentry","category-archives-web","tag-elections"],"_links":{"self":[{"href":"https:\/\/archives.regards.fr\/index.php?rest_route=\/wp\/v2\/posts\/4126","targetHints":{"allow":["GET"]}}],"collection":[{"href":"https:\/\/archives.regards.fr\/index.php?rest_route=\/wp\/v2\/posts"}],"about":[{"href":"https:\/\/archives.regards.fr\/index.php?rest_route=\/wp\/v2\/types\/post"}],"author":[{"embeddable":true,"href":"https:\/\/archives.regards.fr\/index.php?rest_route=\/wp\/v2\/users\/1"}],"replies":[{"embeddable":true,"href":"https:\/\/archives.regards.fr\/index.php?rest_route=%2Fwp%2Fv2%2Fcomments&post=4126"}],"version-history":[{"count":0,"href":"https:\/\/archives.regards.fr\/index.php?rest_route=\/wp\/v2\/posts\/4126\/revisions"}],"wp:attachment":[{"href":"https:\/\/archives.regards.fr\/index.php?rest_route=%2Fwp%2Fv2%2Fmedia&parent=4126"}],"wp:term":[{"taxonomy":"category","embeddable":true,"href":"https:\/\/archives.regards.fr\/index.php?rest_route=%2Fwp%2Fv2%2Fcategories&post=4126"},{"taxonomy":"post_tag","embeddable":true,"href":"https:\/\/archives.regards.fr\/index.php?rest_route=%2Fwp%2Fv2%2Ftags&post=4126"}],"curies":[{"name":"wp","href":"https:\/\/api.w.org\/{rel}","templated":true}]}}