{"id":4122,"date":"2009-05-29T00:00:00","date_gmt":"2009-05-28T22:00:00","guid":{"rendered":"https:\/\/wp.muchomaas.com\/la-confederation-paysanne-envahit4122\/"},"modified":"2009-05-29T00:00:00","modified_gmt":"2009-05-28T22:00:00","slug":"la-confederation-paysanne-envahit4122","status":"publish","type":"post","link":"https:\/\/archives.regards.fr\/?p=4122","title":{"rendered":"La Conf\u00e9d\u00e9ration paysanne envahit la Maison du Lait"},"content":{"rendered":"<p class=\"post_excerpt\">  La confederation paysanne <\/p>\n<p>Pendant que les responsables de la baisse du prix du lait se r\u00e9unissent sous l&#8217;\u00e9gide du CNIEL, dans un lieu tenu secret, les producteurs de lait de La Conf\u00e9d\u00e9ration paysanne, toujours exclus des n\u00e9gociations, se rassemblent \u00e0 la Maison du Lait.<\/p>\n<p>Il s&#8217;agit de d\u00e9noncer ce qui a provoqu\u00e9 cette baisse, notamment :<\/p>\n<p>&#8211; la volont\u00e9 de Jean-Michel Lem\u00e9tayer et de la FNPL d&#8217;augmenter la production au printemps 2008, qui a contribu\u00e9 \u00e0 cr\u00e9er  des stocks,<\/p>\n<p>&#8211; le choix du gouvernement Sarkozy, pour communiquer sur le pouvoir d&#8217;achat, de faire baisser le prix du lait.<\/p>\n<p>La sortie de crise doit \u00eatre tr\u00e8s rapide et pour cela l&#8217;Etat doit s&#8217;engager : il l&#8217;a fait pour venir au secours des banques.<\/p>\n<p>o Le prix du lait doit augmenter bien au-del\u00e0 de 3 \u00e0 5 centimes le litre.<\/p>\n<p>o Nous demandons une ma\u00eetrise publique de la production (les quotas laitiers existent, il faut leur faire jouer leur r\u00f4le).<\/p>\n<p>o Nous refusons la contractualisation qui ne peut en aucun cas servir les paysans.<\/p>\n<p>o Nous proposons de geler imm\u00e9diatement une partie de la production au-del\u00e0 de 150 000 litres par producteur pour r\u00e9tablir l&#8217;\u00e9quilibre entre l&#8217;offre et la demande.<\/p>\n<p>o Nous exigeons la mise en \u0153uvre des outils permettant la formation d&#8217;un prix r\u00e9mun\u00e9rateur dans les plus brefs d\u00e9lais.<\/p>\n<p>o Nous demandons d&#8217;\u00e9liminer les stocks de poudre de lait qui saturent le march\u00e9 en les incorporant \u00e0 l&#8217;alimentation animale.<\/p>\n<p>La Conf\u00e9d\u00e9ration Paysanne reste aux c\u00f4t\u00e9s des producteurs de lait pour revendiquer une politique garante de leur revenu.<\/p>\n","protected":false},"excerpt":{"rendered":"<p>  La confederation paysanne <\/p>\n","protected":false},"author":1,"featured_media":0,"comment_status":"open","ping_status":"open","sticky":false,"template":"","format":"standard","meta":{"_themeisle_gutenberg_block_has_review":false,"footnotes":""},"categories":[141],"tags":[315],"class_list":["post-4122","post","type-post","status-publish","format-standard","hentry","category-archives-web","tag-syndicats"],"_links":{"self":[{"href":"https:\/\/archives.regards.fr\/index.php?rest_route=\/wp\/v2\/posts\/4122","targetHints":{"allow":["GET"]}}],"collection":[{"href":"https:\/\/archives.regards.fr\/index.php?rest_route=\/wp\/v2\/posts"}],"about":[{"href":"https:\/\/archives.regards.fr\/index.php?rest_route=\/wp\/v2\/types\/post"}],"author":[{"embeddable":true,"href":"https:\/\/archives.regards.fr\/index.php?rest_route=\/wp\/v2\/users\/1"}],"replies":[{"embeddable":true,"href":"https:\/\/archives.regards.fr\/index.php?rest_route=%2Fwp%2Fv2%2Fcomments&post=4122"}],"version-history":[{"count":0,"href":"https:\/\/archives.regards.fr\/index.php?rest_route=\/wp\/v2\/posts\/4122\/revisions"}],"wp:attachment":[{"href":"https:\/\/archives.regards.fr\/index.php?rest_route=%2Fwp%2Fv2%2Fmedia&parent=4122"}],"wp:term":[{"taxonomy":"category","embeddable":true,"href":"https:\/\/archives.regards.fr\/index.php?rest_route=%2Fwp%2Fv2%2Fcategories&post=4122"},{"taxonomy":"post_tag","embeddable":true,"href":"https:\/\/archives.regards.fr\/index.php?rest_route=%2Fwp%2Fv2%2Ftags&post=4122"}],"curies":[{"name":"wp","href":"https:\/\/api.w.org\/{rel}","templated":true}]}}