{"id":4120,"date":"2009-05-28T00:00:00","date_gmt":"2009-05-27T22:00:00","guid":{"rendered":"https:\/\/wp.muchomaas.com\/la-campagne-epingler-vos-candidats4120\/"},"modified":"2009-05-28T00:00:00","modified_gmt":"2009-05-27T22:00:00","slug":"la-campagne-epingler-vos-candidats4120","status":"publish","type":"post","link":"https:\/\/archives.regards.fr\/?p=4120","title":{"rendered":"La campagne \u00ab Epingler vos candidats \u00bb interpelle les candidats fran\u00e7ais aux \u00e9lections europ\u00e9ennes"},"content":{"rendered":"<p class=\"post_excerpt\"> AITEC, ATTAC, Les Amis de la Terre, Ad\u00e9quations et Anticor, le 26 mai 2009 <\/p>\n<p>Les candidats aux \u00e9lections europ\u00e9ennes sont appel\u00e9s par les membres de quatre grands r\u00e9seaux europ\u00e9ens d&#8217;ONG \u00e0 s&#8217;engager contre la confiscation des politiques communautaires par les int\u00e9r\u00eats \u00e9conomiques priv\u00e9s. Plus de 200 candidats ont d\u00e9j\u00e0 sign\u00e9. Le 29 avril dernier, quatre grands r\u00e9seaux europ\u00e9ens (Alter-EU, le r\u00e9seau des ATTAC d&#8217;Europe, Seattle to Brussels et la Coalition europ\u00e9enne pour la responsabilit\u00e9 sociale des entreprises) ont lanc\u00e9 une campagne mettant au d\u00e9fi les candidats aux prochaines \u00e9lections europ\u00e9ennes d&#8217;afficher leur soutien \u00e0 une Union Europ\u00e9enne qui place l&#8217;int\u00e9r\u00eat g\u00e9n\u00e9ral avant les profits priv\u00e9s. Sur http:\/\/www.electioncampaign.eu, des \u00e9lecteurs des 27 Etats membres de l&#8217;Union Europ\u00e9enne peuvent interpeller leur candidat au Parlement europ\u00e9en en leur demandant leur position sur la r\u00e9gulation du commerce mondial, le syst\u00e8me financier, le lobbying et la responsabilit\u00e9 des entreprises.<\/p>\n<p>En France, les associations AITEC, ATTAC, Les Amis de la Terre, Ad\u00e9quations et Anticor soutiennent et mettent en oeuvre cette campagne organis\u00e9e par plus de 400 groupes, associations, syndicats ou organisations non gouvernementales. Elles demandent aux candidats de signer quatre types d&#8217;engagements pour soutenir un agenda commercial europ\u00e9en bas\u00e9 sur des objectifs sociaux, \u00e9cologiques et de solidarit\u00e9 et non pas sur la lib\u00e9ralisation des march\u00e9s et la mise en concurrence avec les autres pays ; un contr\u00f4le strict du syst\u00e8me financier au service de l&#8217;ensemble des citoyens et non pas d&#8217;une minorit\u00e9 ; une transparence impos\u00e9e aux activit\u00e9s de lobbying, par un syst\u00e8me d&#8217;enregistrement et de rapport obligatoire ; un cadre l\u00e9gal europ\u00e9en contraignant les entreprises \u00e0 r\u00e9pondre des cons\u00e9quences sociales de leurs activit\u00e9s.<\/p>\n<p>Le site internet multilingue permet aux \u00e9lecteurs des 27 Etats membres de voir les candidats qui se sont engag\u00e9s sur chacune des demandes et encourage les citoyens \u00e0 les interpeller. \u00ab Le Parlement sortant a vot\u00e9 trop souvent pour des propositions qui b\u00e9n\u00e9ficiaient aux entreprises mais qui \u00e9tait n\u00e9fastes pour les citoyens et l&#8217;environnement, \u00bb dit Gwena\u00ebl Wasse des Amis de la Terre France. \u00ab Ces \u00e9lections sont l&#8217;opportunit\u00e9 pour les prochains parlementaires de mettre les questions de d\u00e9mocratie et d&#8217;\u00e9cologie au coeur de l&#8217;agenda politique europ\u00e9en et de d\u00e9velopper l&#8217;int\u00e9r\u00eat du public \u00bb. Pour Gildas Jossec du r\u00e9seau ALTER-EU : \u00ab Aujourd&#8217;hui, plus de 15.000 lobbyistes influencent la prise de d\u00e9cisions \u00e0 l&#8217;Union Europ\u00e9enne. Une grande majorit\u00e9 sert des int\u00e9r\u00eats priv\u00e9s li\u00e9s aux grandes entreprises qui disposent d&#8217;un acc\u00e8s privil\u00e9gi\u00e9 aux institutions europ\u00e9ennes. Une premi\u00e8re \u00e9tape pour mettre en lumi\u00e8re ces pratiques est un syst\u00e8me d&#8217;enregistrement et de rapport obligatoire \u00bb. Aur\u00e9lie Trouv\u00e9, co-pr\u00e9sidente d&#8217;Attac France, souligne que \u00ab la construction europ\u00e9enne est actuellement fond\u00e9e sur le principe de la concurrence \u00ab libre et non fauss\u00e9e \u00bb entre les syst\u00e8mes sociaux et fiscaux des pays membres de l&#8217;Union. Ce faisant, elle ne fait qu&#8217;aggraver la crise globale du syst\u00e8me et ses d\u00e9g\u00e2ts \u00bb. \u00ab Le syst\u00e8me financier doit \u00eatre profond\u00e9ment r\u00e9form\u00e9, pour \u00eatre au service de l&#8217;ensemble des citoyens. Ceci passe notamment par une Banque centrale europ\u00e9enne sous contr\u00f4le d\u00e9mocratique et politique, au service d&#8217;objectifs sociaux et environnementaux, la suppression des transactions avec les paradis fiscaux et l&#8217;\u00e9tablissement de taxes sur les transactions financi\u00e8res et les b\u00e9n\u00e9fices des transnationales \u00bb. \u00ab Les parlementaires europ\u00e9ens doivent s&#8217;engager en faveur d&#8217;une justice \u00e9conomique et sociale et contre la domination des int\u00e9r\u00eats des multinationales sur l&#8217;agenda commercial europ\u00e9en. L&#8217;Union Europ\u00e9enne n\u00e9gocie actuellement avec des pays d&#8217;Afrique, d&#8217;Asie et d&#8217;Am\u00e9rique Latine. Gr\u00e2ce \u00e0 leur influence sur les instances europ\u00e9ennes, les multinationales s&#8217;arrogeront dans ce cadre des profits records aux d\u00e9pends des habitants et de l&#8217;environnement dans les pays du Sud mais \u00e9galement au Nord \u00bb, pointe Am\u00e9lie Canonne du r\u00e9seau Seattle to Brussels (S2B).<\/p>\n<p><strong> Quatre r\u00e9seaux europ\u00e9ens de la soci\u00e9t\u00e9 civile : l&#8217;Alliance pour la transparence et la d\u00e9ontologie des activit\u00e9s de lobbying (Alter-EU), le r\u00e9seau europ\u00e9en d&#8217;ATTAC, le r\u00e9seau Seattle to Brussels (S2B), et la Coalition europ\u00e9enne pour la responsabilit\u00e9 sociale des entreprises (ECCJ), :ont lanc\u00e9 ensemble la campagne \u00ab Interpeller votre candidat \u00bb. Elle est mise en oeuvre en France par : <\/strong> <\/p>\n<p> http:\/\/www.france.attac.org <\/p>\n<blockquote class=\"wp-embedded-content\" data-secret=\"l1quOSvKcn\"><p><a href=\"https:\/\/www.amisdelaterre.org\/\">Accueil<\/a><\/p><\/blockquote>\n<p><iframe loading=\"lazy\" class=\"wp-embedded-content\" sandbox=\"allow-scripts\" security=\"restricted\" style=\"position: absolute; visibility: hidden;\" title=\"\u00ab\u00a0Accueil\u00a0\u00bb &#8212; Les Amis de la Terre\" src=\"https:\/\/www.amisdelaterre.org\/embed\/#?secret=ip1SFnpYrY#?secret=l1quOSvKcn\" data-secret=\"l1quOSvKcn\" width=\"500\" height=\"282\" frameborder=\"0\" marginwidth=\"0\" marginheight=\"0\" scrolling=\"no\"><\/iframe> <\/p>\n<p> http:\/\/www.aitec.reseau-ipam.org <\/p>\n<blockquote class=\"wp-embedded-content\" data-secret=\"QLiSm4fFmA\"><p><a href=\"https:\/\/www.anticor.org\/\">Accueil<\/a><\/p><\/blockquote>\n<p><iframe loading=\"lazy\" class=\"wp-embedded-content\" sandbox=\"allow-scripts\" security=\"restricted\" style=\"position: absolute; visibility: hidden;\" title=\"\u00ab\u00a0Accueil\u00a0\u00bb &#8212; Anticor\" src=\"https:\/\/www.anticor.org\/embed\/#?secret=HbN6yE3dYL#?secret=QLiSm4fFmA\" data-secret=\"QLiSm4fFmA\" width=\"500\" height=\"282\" frameborder=\"0\" marginwidth=\"0\" marginheight=\"0\" scrolling=\"no\"><\/iframe><\/p>\n","protected":false},"excerpt":{"rendered":"<p> AITEC, ATTAC, Les Amis de la Terre, Ad\u00e9quations et Anticor, le 26 mai 2009 <\/p>\n","protected":false},"author":1,"featured_media":0,"comment_status":"open","ping_status":"open","sticky":false,"template":"","format":"standard","meta":{"_themeisle_gutenberg_block_has_review":false,"footnotes":""},"categories":[141],"tags":[290],"class_list":["post-4120","post","type-post","status-publish","format-standard","hentry","category-archives-web","tag-elections"],"_links":{"self":[{"href":"https:\/\/archives.regards.fr\/index.php?rest_route=\/wp\/v2\/posts\/4120","targetHints":{"allow":["GET"]}}],"collection":[{"href":"https:\/\/archives.regards.fr\/index.php?rest_route=\/wp\/v2\/posts"}],"about":[{"href":"https:\/\/archives.regards.fr\/index.php?rest_route=\/wp\/v2\/types\/post"}],"author":[{"embeddable":true,"href":"https:\/\/archives.regards.fr\/index.php?rest_route=\/wp\/v2\/users\/1"}],"replies":[{"embeddable":true,"href":"https:\/\/archives.regards.fr\/index.php?rest_route=%2Fwp%2Fv2%2Fcomments&post=4120"}],"version-history":[{"count":0,"href":"https:\/\/archives.regards.fr\/index.php?rest_route=\/wp\/v2\/posts\/4120\/revisions"}],"wp:attachment":[{"href":"https:\/\/archives.regards.fr\/index.php?rest_route=%2Fwp%2Fv2%2Fmedia&parent=4120"}],"wp:term":[{"taxonomy":"category","embeddable":true,"href":"https:\/\/archives.regards.fr\/index.php?rest_route=%2Fwp%2Fv2%2Fcategories&post=4120"},{"taxonomy":"post_tag","embeddable":true,"href":"https:\/\/archives.regards.fr\/index.php?rest_route=%2Fwp%2Fv2%2Ftags&post=4120"}],"curies":[{"name":"wp","href":"https:\/\/api.w.org\/{rel}","templated":true}]}}