{"id":4118,"date":"2009-05-28T00:00:00","date_gmt":"2009-05-27T22:00:00","guid":{"rendered":"https:\/\/wp.muchomaas.com\/la-presentation-par-dieudonne-d4118\/"},"modified":"2009-05-28T00:00:00","modified_gmt":"2009-05-27T22:00:00","slug":"la-presentation-par-dieudonne-d4118","status":"publish","type":"post","link":"https:\/\/archives.regards.fr\/?p=4118","title":{"rendered":"La pr\u00e9sentation par Dieudonn\u00e9 d&#8217;une liste pr\u00e9tendument antisioniste et constitu\u00e9e de militants d&#8217;extr\u00eame droite aux \u00e9lections europ\u00e9ennes m\u00e9rite une mise au point"},"content":{"rendered":"<p class=\"post_excerpt\"> AFPS (Association France-Palestine Solidarit\u00e9), http:\/\/www.france-palestine.org\/article11922.html <\/p>\n<p>La pr\u00e9sentation par Dieudonn\u00e9 d&#8217;une liste pr\u00e9tendument antisioniste et constitu\u00e9e de militants d&#8217;extr\u00eame droite aux \u00e9lections europ\u00e9ennes m\u00e9rite une mise au point. Dieudonn\u00e9 ne s&#8217;en cache plus, il est devenu le grand ami de Le Pen, n&#8217;h\u00e9site pas \u00e0 ironiser sur la d\u00e9portation des juifs d&#8217;Europe vers les camps de la mort ni \u00e0 se commettre avec le n\u00e9gationniste Faurisson. Qu&#8217;il participe d&#8217;une telle liste d&#8217;extr\u00eame droite n&#8217;est donc pas pour nous \u00e9tonner. Nous aurions pu nous contenter du silence, pour ne pas contribuer \u00e0 ce que Dieudonn\u00e9 recherche : la m\u00e9diatisation dont il se repa\u00eet. C&#8217;e\u00fbt \u00e9t\u00e9 ignorer les dangers de ce qu&#8217;il v\u00e9hicule.<\/p>\n<p>Car le fait que cette liste surfe sur les l\u00e9gitimes \u00e9motions et col\u00e8res suscit\u00e9es par la politique isra\u00e9lienne en Palestine occup\u00e9e -notamment apr\u00e8s la guerre meurtri\u00e8re men\u00e9e cet hiver contre la population de Gaza- pour tenter de les d\u00e9tourner \u00e0 son profit, ne rel\u00e8ve pas seulement de la duperie. Sa logique m\u00eame est dangereuse. Elle l&#8217;est pour notre soci\u00e9t\u00e9 et les valeurs de solidarit\u00e9, d&#8217;antiracisme et d&#8217;\u00e9galit\u00e9 que nous y d\u00e9fendons. Elle l&#8217;est pour la cause palestinienne dont le droit et la n\u00e9cessit\u00e9 de respecter le droit sont les fondements. Les valeurs du combat national du peuple palestinien et celles que pr\u00e9tend d\u00e9fendre l&#8217;extr\u00eame droite sont aux antipodes les unes des autres.<\/p>\n<p>Si nous condamnons la politique sioniste des dirigeants isra\u00e9liens, c&#8217;est pr\u00e9cis\u00e9ment parce qu&#8217;elle nie quotidiennement et par principe les droits nationaux du peuple palestinien, en se fondant non seulement sur une logique d&#8217;expansionnisme annexionniste mais aussi sur une logique de la s\u00e9paration, dont le mur d&#8217;annexion et les transferts de populations ou de territoires sont parmi les multiples avatars. Cette logique, c&#8217;est celle du refus du m\u00e9tissage, celle du refus de l&#8217;\u00e9change et du partage, celle du rejet du \u00ab Ta&#8217;ayoush \u00bb, ce \u00ab vivre ensemble \u00bb que d\u00e9fendent ensemble militants palestiniens et militants anti-colonialistes isra\u00e9liens. C&#8217;est cette m\u00eame logique de s\u00e9paration qui anime historiquement l&#8217;extr\u00eame droite, en France ou ailleurs.<\/p>\n<p>En d\u00e9non\u00e7ant les deux revers d&#8217;une m\u00eame m\u00e9daille, nous refusons le pi\u00e8ge grossier qui consisterait \u00e0 voir un alli\u00e9 dans l&#8217;adversaire de son adversaire. Et nous invitons tous ceux qui ont \u00e0 c\u0153ur de d\u00e9fendre l&#8217;\u00e9galit\u00e9 et la solidarit\u00e9 \u00e0 condamner \u00e9galement d&#8217;une m\u00eame voix ces deux versions d&#8217;un m\u00eame poison.<\/p>\n<p>http:\/\/www.france-palestine.org<\/p>\n","protected":false},"excerpt":{"rendered":"<p> AFPS (Association France-Palestine Solidarit\u00e9), http:\/\/www.france-palestine.org\/article11922.html <\/p>\n","protected":false},"author":1,"featured_media":0,"comment_status":"open","ping_status":"open","sticky":false,"template":"","format":"standard","meta":{"_themeisle_gutenberg_block_has_review":false,"footnotes":""},"categories":[141],"tags":[290],"class_list":["post-4118","post","type-post","status-publish","format-standard","hentry","category-archives-web","tag-elections"],"_links":{"self":[{"href":"https:\/\/archives.regards.fr\/index.php?rest_route=\/wp\/v2\/posts\/4118","targetHints":{"allow":["GET"]}}],"collection":[{"href":"https:\/\/archives.regards.fr\/index.php?rest_route=\/wp\/v2\/posts"}],"about":[{"href":"https:\/\/archives.regards.fr\/index.php?rest_route=\/wp\/v2\/types\/post"}],"author":[{"embeddable":true,"href":"https:\/\/archives.regards.fr\/index.php?rest_route=\/wp\/v2\/users\/1"}],"replies":[{"embeddable":true,"href":"https:\/\/archives.regards.fr\/index.php?rest_route=%2Fwp%2Fv2%2Fcomments&post=4118"}],"version-history":[{"count":0,"href":"https:\/\/archives.regards.fr\/index.php?rest_route=\/wp\/v2\/posts\/4118\/revisions"}],"wp:attachment":[{"href":"https:\/\/archives.regards.fr\/index.php?rest_route=%2Fwp%2Fv2%2Fmedia&parent=4118"}],"wp:term":[{"taxonomy":"category","embeddable":true,"href":"https:\/\/archives.regards.fr\/index.php?rest_route=%2Fwp%2Fv2%2Fcategories&post=4118"},{"taxonomy":"post_tag","embeddable":true,"href":"https:\/\/archives.regards.fr\/index.php?rest_route=%2Fwp%2Fv2%2Ftags&post=4118"}],"curies":[{"name":"wp","href":"https:\/\/api.w.org\/{rel}","templated":true}]}}