{"id":4110,"date":"2009-05-26T00:00:00","date_gmt":"2009-05-25T22:00:00","guid":{"rendered":"https:\/\/wp.muchomaas.com\/universite-les-conditions-d-une4110\/"},"modified":"2009-05-26T00:00:00","modified_gmt":"2009-05-25T22:00:00","slug":"universite-les-conditions-d-une4110","status":"publish","type":"post","link":"https:\/\/archives.regards.fr\/?p=4110","title":{"rendered":"Universit\u00e9 : les conditions d&#8217;une radicalisation"},"content":{"rendered":"<p class=\"post_excerpt\"> Section SNESUP de l&#8217;universit\u00e9 de Toulouse 2-Le Mirail, le 25 mai 2008 <\/p>\n<p>Apr\u00e8s  quinze  semaines  de  luttes  intenses contre les projets n\u00e9fastes contre l&#8217;universit\u00e9 et la recherche, la section SNESUP de l&#8217;universit\u00e9 de Toulouse-Le  Mirail  constate  que le gouvernement, en restant bloqu\u00e9 sur ses  positions  et  en refusant, de fait, tout v\u00e9ritable dialogue avec la communaut\u00e9  universitaire,  cr\u00e9e  les conditions d&#8217;une radicalisation des m\u00e9contentements. Le choix, politique, qui consiste \u00e0 faire passer dans le m\u00e9pris  le  plus  total des contre r\u00e9formes refus\u00e9es par l&#8217;ensemble de la communaut\u00e9 universitaire conduit in\u00e9vitablement \u00e0 des crispations et \u00e0 la mont\u00e9e    de   radicalismes  qui,  \u00e0  travers  la  volont\u00e9  d\u00e9lib\u00e9r\u00e9e  de pourrissement  de  la  situation,  vont  en  s&#8217;exacerbant au d\u00e9triment de l&#8217;int\u00e9r\u00eat  collectif.  Force  d&#8217;initiative  et de proposition, la section SNESUP  de  Toulouse  Le  Mirail est porteuse d&#8217;un projet de modalit\u00e9s de validation  du  deuxi\u00e8me semestre qui permettent \u00e0 la fois de continuer \u00e0 s&#8217;inscrire  dans  la  lutte et \u00e0 ne porter pr\u00e9judice ni aux \u00e9tudiants, en lutte ou non, ni aux personnels.<\/p>\n<p>L&#8217;AG  des  personnels de ce matin a montr\u00e9 que ces propositions pouvaient faire  consensus  chez  les  personnels,  et  tout  porte \u00e0 croire que ce consensus peut \u00eatre renforc\u00e9 encore par l&#8217;AG commune personnels \u00e9tudiants de   demain   apr\u00e8s-midi.   Dans   cette   situation,  conscient  de  ses responsabilit\u00e9s,  le  SNESUP d\u00e9nonce tout comportement dont la radicalit\u00e9 n&#8217;a  ou n&#8217;aurait pour r\u00e9sultat que de diviser profond\u00e9ment et durablement la  communaut\u00e9  universitaire.  Il  d\u00e9nonce donc \u00e0 la fois les op\u00e9rations commando  injustifi\u00e9es  de  groupes  d&#8217;\u00e9tudiants autant que les positions dangereuses  de  la  majorit\u00e9  pr\u00e9sidentielle qui cherche \u00e0 retrouver une l\u00e9gitimit\u00e9  mise  \u00e0 mal aussi bien par l&#8217;ampleur du mouvement que par ses errements  politiques  en  voulant faire payer aux \u00e9tudiants, en lutte ou non,  le  blocage  de  l&#8217;universit\u00e9.  Le  SNESUP  en  appelle au sens des responsabilit\u00e9s   de  tous  pour  ne  pas  c\u00e9der  \u00e0  la  provocation  qui consisterait  \u00e0  reporter les examens en septembre, avec tous les dangers que  cela repr\u00e9sente pour de tr\u00e8s nombreux \u00e9tudiants. Il appelle aussi au sens  des  responsabilit\u00e9s de tous pour \u00e9viter d&#8217;opposer une radicalit\u00e9 \u00e0 une  autre  radicalit\u00e9,  avec  pour  r\u00e9sultat  objectif une situation qui poserait  de  graves  handicaps  \u00e0  la  fois  sur les possibilit\u00e9s de vie collective  de  la  communaut\u00e9  universitaire,  sur  l&#8217;avenir de nombreux \u00e9tudiants,  et  sur  les  chances  de  prolonger  la  lutte  \u00e0 la rentr\u00e9e notamment.<\/p>\n<p>Nous  savons que nous ne sommes qu&#8217;au d\u00e9but d&#8217;une escalade de dispositifs plus  nocifs  les  uns  que  les autres, et que seule une lutte largement soutenue  permettra  d&#8217;imposer des reculs v\u00e9ritables au gouvernement. Une communaut\u00e9  soud\u00e9e  vers  ces  objectifs  de lutte est la seule voie pour esp\u00e9rer avancer.<\/p>\n","protected":false},"excerpt":{"rendered":"<p> Section SNESUP de l&#8217;universit\u00e9 de Toulouse 2-Le Mirail, le 25 mai 2008 <\/p>\n","protected":false},"author":1,"featured_media":0,"comment_status":"open","ping_status":"open","sticky":false,"template":"","format":"standard","meta":{"_themeisle_gutenberg_block_has_review":false,"footnotes":""},"categories":[141],"tags":[311],"class_list":["post-4110","post","type-post","status-publish","format-standard","hentry","category-archives-web","tag-mouvement-social"],"_links":{"self":[{"href":"https:\/\/archives.regards.fr\/index.php?rest_route=\/wp\/v2\/posts\/4110","targetHints":{"allow":["GET"]}}],"collection":[{"href":"https:\/\/archives.regards.fr\/index.php?rest_route=\/wp\/v2\/posts"}],"about":[{"href":"https:\/\/archives.regards.fr\/index.php?rest_route=\/wp\/v2\/types\/post"}],"author":[{"embeddable":true,"href":"https:\/\/archives.regards.fr\/index.php?rest_route=\/wp\/v2\/users\/1"}],"replies":[{"embeddable":true,"href":"https:\/\/archives.regards.fr\/index.php?rest_route=%2Fwp%2Fv2%2Fcomments&post=4110"}],"version-history":[{"count":0,"href":"https:\/\/archives.regards.fr\/index.php?rest_route=\/wp\/v2\/posts\/4110\/revisions"}],"wp:attachment":[{"href":"https:\/\/archives.regards.fr\/index.php?rest_route=%2Fwp%2Fv2%2Fmedia&parent=4110"}],"wp:term":[{"taxonomy":"category","embeddable":true,"href":"https:\/\/archives.regards.fr\/index.php?rest_route=%2Fwp%2Fv2%2Fcategories&post=4110"},{"taxonomy":"post_tag","embeddable":true,"href":"https:\/\/archives.regards.fr\/index.php?rest_route=%2Fwp%2Fv2%2Ftags&post=4110"}],"curies":[{"name":"wp","href":"https:\/\/api.w.org\/{rel}","templated":true}]}}