{"id":4109,"date":"2009-05-25T00:00:00","date_gmt":"2009-05-24T22:00:00","guid":{"rendered":"https:\/\/wp.muchomaas.com\/prix-du-lait-les-eleveurs-de-la4109\/"},"modified":"2009-05-25T00:00:00","modified_gmt":"2009-05-24T22:00:00","slug":"prix-du-lait-les-eleveurs-de-la4109","status":"publish","type":"post","link":"https:\/\/archives.regards.fr\/?p=4109","title":{"rendered":"Prix du lait : les \u00e9leveurs de la Conf\u00e9d\u00e9ration paysanne intensifient la mobilisation"},"content":{"rendered":"<p class=\"post_excerpt\"> La Conf\u00e9d\u00e9ration paysanne <\/p>\n<p>La tr\u00e8s forte mobilisation des producteurs de lait se poursuit. Aujourd&#8217;hui, 800 producteurs de lait de la Conf\u00e9d\u00e9ration paysanne ont d\u00e9fil\u00e9 dans les rues de Rennes avant de rencontrer le Directeur r\u00e9gional de l&#8217;agriculture, le pr\u00e9sident du Conseil g\u00e9n\u00e9ral et un repr\u00e9sentant du pr\u00e9fet. Dans la Loire, les militants ont rencontr\u00e9 le pr\u00e9fet et le pr\u00e9sident du Conseil g\u00e9n\u00e9ral avant de distribuer du lait au centre de Saint-Etienne. En Dordogne, les producteurs ont livr\u00e9 symboliquement des vaches laiti\u00e8res au P\u00f4le Emploi de Bergerac.<\/p>\n<p>Dans toutes les manifestations, les militants d\u00e9plorent l&#8217;absence d&#8217;avenir des \u00e9leveurs laitiers et interpellent les pouvoirs publics afin qu&#8217;ils prennent les mesures inverses de celles dict\u00e9es par la Commission europ\u00e9enne, et que le prix soit d\u00e9terminant pour le revenu des paysans :<\/p>\n<p>&#8211;\tmaintien du syst\u00e8me des quotas laitiers, g\u00e9r\u00e9 par les pouvoirs publics ;<\/p>\n<p>&#8211;\tam\u00e9lioration de cette gestion ;<\/p>\n<p>&#8211;\tadaptation de l&#8217;offre \u00e0 la demande de consommation europ\u00e9enne.<\/p>\n<p>La crise et l&#8217;exasp\u00e9ration des producteurs de lait indiquent qu&#8217;on ne peut r\u00e9solument pas laisser l&#8217;offre et la demande r\u00e9guler les march\u00e9s agricoles au profit de quelques firmes agro-alimentaires, et au d\u00e9triment de milliers de producteurs et de l&#8217;\u00e9conomie des territoires. Il est temps que les Ministres de l&#8217;agriculture europ\u00e9ens r\u00e9unis ce jour \u00e0 Bruxelles, aient le courage de d\u00e9finir une politique agricole garante des revenus paysans.<\/p>\n<p>http:\/\/www.confederationpaysanne.fr<\/p>\n","protected":false},"excerpt":{"rendered":"<p> La Conf\u00e9d\u00e9ration paysanne <\/p>\n","protected":false},"author":1,"featured_media":0,"comment_status":"open","ping_status":"open","sticky":false,"template":"","format":"standard","meta":{"_themeisle_gutenberg_block_has_review":false,"footnotes":""},"categories":[141],"tags":[315],"class_list":["post-4109","post","type-post","status-publish","format-standard","hentry","category-archives-web","tag-syndicats"],"_links":{"self":[{"href":"https:\/\/archives.regards.fr\/index.php?rest_route=\/wp\/v2\/posts\/4109","targetHints":{"allow":["GET"]}}],"collection":[{"href":"https:\/\/archives.regards.fr\/index.php?rest_route=\/wp\/v2\/posts"}],"about":[{"href":"https:\/\/archives.regards.fr\/index.php?rest_route=\/wp\/v2\/types\/post"}],"author":[{"embeddable":true,"href":"https:\/\/archives.regards.fr\/index.php?rest_route=\/wp\/v2\/users\/1"}],"replies":[{"embeddable":true,"href":"https:\/\/archives.regards.fr\/index.php?rest_route=%2Fwp%2Fv2%2Fcomments&post=4109"}],"version-history":[{"count":0,"href":"https:\/\/archives.regards.fr\/index.php?rest_route=\/wp\/v2\/posts\/4109\/revisions"}],"wp:attachment":[{"href":"https:\/\/archives.regards.fr\/index.php?rest_route=%2Fwp%2Fv2%2Fmedia&parent=4109"}],"wp:term":[{"taxonomy":"category","embeddable":true,"href":"https:\/\/archives.regards.fr\/index.php?rest_route=%2Fwp%2Fv2%2Fcategories&post=4109"},{"taxonomy":"post_tag","embeddable":true,"href":"https:\/\/archives.regards.fr\/index.php?rest_route=%2Fwp%2Fv2%2Ftags&post=4109"}],"curies":[{"name":"wp","href":"https:\/\/api.w.org\/{rel}","templated":true}]}}