{"id":4108,"date":"2009-05-25T00:00:00","date_gmt":"2009-05-24T22:00:00","guid":{"rendered":"https:\/\/wp.muchomaas.com\/un-nouveau-journal-a-mayotte4108\/"},"modified":"2009-05-25T00:00:00","modified_gmt":"2009-05-24T22:00:00","slug":"un-nouveau-journal-a-mayotte4108","status":"publish","type":"post","link":"https:\/\/archives.regards.fr\/?p=4108","title":{"rendered":"Un nouveau journal \u00e0 Mayotte"},"content":{"rendered":"<p>Notre confr\u00e8re R\u00e9mi Carayol, avec Nicolas B\u00e9rard, vient de lancer un nouveau journal \u00e0 Mayotte dans les kiosques depuis le 30 avril. <em> Upanga <\/em>, c&#8217;est son nom, est un bimensuel qui sortira chaque 1er et 15 du mois. Journal ind\u00e9pendant de tout pouvoir politique et \u00e9conomique, tant dans son actionnariat que dans sa ligne \u00e9ditoriale,<em> Upanga <\/em> (qui signifie \u00abcoupe-coupe\u00bb en shimaore) se veut un poil-\u00e0-gratter du paysage m\u00e9diatique mahorais. Sa r\u00e9daction est compos\u00e9e de deux journalistes \u00e0 temps plein (Nicolas B\u00e9rard et R\u00e9mi Carayol) et de plusieurs collaborateurs occasionnels.<\/p>\n<p>Vous pouvez d&#8217;ores et d\u00e9j\u00e0 vous rendre sur le site http:\/\/www.upanga.com et vous abonner au format PDF.<\/p>\n","protected":false},"excerpt":{"rendered":"<p>Notre confr\u00e8re R\u00e9mi Carayol, avec Nicolas B\u00e9rard, vient de lancer un nouveau journal \u00e0 Mayotte dans les kiosques depuis le 30 avril. Upanga , c&#8217;est son nom, est un bimensuel qui sortira chaque 1er et 15 du mois. Journal ind\u00e9pendant de tout pouvoir politique et \u00e9conomique, tant dans son actionnariat que dans sa ligne \u00e9ditoriale, [&hellip;]<\/p>\n","protected":false},"author":527,"featured_media":0,"comment_status":"open","ping_status":"open","sticky":false,"template":"","format":"standard","meta":{"_themeisle_gutenberg_block_has_review":false,"footnotes":""},"categories":[141],"tags":[287],"class_list":["post-4108","post","type-post","status-publish","format-standard","hentry","category-archives-web","tag-medias"],"_links":{"self":[{"href":"https:\/\/archives.regards.fr\/index.php?rest_route=\/wp\/v2\/posts\/4108","targetHints":{"allow":["GET"]}}],"collection":[{"href":"https:\/\/archives.regards.fr\/index.php?rest_route=\/wp\/v2\/posts"}],"about":[{"href":"https:\/\/archives.regards.fr\/index.php?rest_route=\/wp\/v2\/types\/post"}],"author":[{"embeddable":true,"href":"https:\/\/archives.regards.fr\/index.php?rest_route=\/wp\/v2\/users\/527"}],"replies":[{"embeddable":true,"href":"https:\/\/archives.regards.fr\/index.php?rest_route=%2Fwp%2Fv2%2Fcomments&post=4108"}],"version-history":[{"count":0,"href":"https:\/\/archives.regards.fr\/index.php?rest_route=\/wp\/v2\/posts\/4108\/revisions"}],"wp:attachment":[{"href":"https:\/\/archives.regards.fr\/index.php?rest_route=%2Fwp%2Fv2%2Fmedia&parent=4108"}],"wp:term":[{"taxonomy":"category","embeddable":true,"href":"https:\/\/archives.regards.fr\/index.php?rest_route=%2Fwp%2Fv2%2Fcategories&post=4108"},{"taxonomy":"post_tag","embeddable":true,"href":"https:\/\/archives.regards.fr\/index.php?rest_route=%2Fwp%2Fv2%2Ftags&post=4108"}],"curies":[{"name":"wp","href":"https:\/\/api.w.org\/{rel}","templated":true}]}}