{"id":4101,"date":"2009-05-01T00:00:00","date_gmt":"2009-04-30T22:00:00","guid":{"rendered":"https:\/\/wp.muchomaas.com\/neoliberalisme-de-gauche4101\/"},"modified":"2009-05-01T00:00:00","modified_gmt":"2009-04-30T22:00:00","slug":"neoliberalisme-de-gauche4101","status":"publish","type":"post","link":"https:\/\/archives.regards.fr\/?p=4101","title":{"rendered":"Neolib\u00e9ralisme de gauche"},"content":{"rendered":"<p>\u00abRaison \u00bb est le nouveau mot \u00e0 la mode. Qui pourrait en vouloir \u00e0 la raison, qui oserait seulement, ouvertement ? Ma foi, ce serait proprement d\u00e9raisonnable. On ne s&#8217;\u00e9tonne donc pas de trouver ce terme, non seulement dans le titre de l&#8217;essai que consacrent \u00e0 la soci\u00e9t\u00e9 n\u00e9olib\u00e9rale Pierre Dardot et Christian Laval, mais au c\u0153ur de toute leur d\u00e9monstration, et sous toutes ses variantes : rationalisme, rationalit\u00e9 (au sens de Michel Foucault, pr\u00e9cisent \u00e0 toutes fins utiles les auteurs p. 269). Sur pr\u00e8s de cinq cents pages, ils vont s&#8217;attacher \u00e0 d\u00e9montrer que le n\u00e9olib\u00e9ralisme, loin d&#8217;\u00eatre l&#8217;enfant hard discount du lib\u00e9ralisme, est au contraire une pens\u00e9e qui puise sa raison d&#8217;\u00eatre dans son rationalisme et, fichtre, sa rationalit\u00e9. Pour eux, le lib\u00e9ralisme n&#8217;est pas le fourre-tout r\u00e9cemment d\u00e9nonc\u00e9 par l&#8217;\u00e9conomiste plus ou moins nob\u00e9lis\u00e9 Joseph Stiglitz, mais au contraire, une formidable machinerie dont la m\u00e9canique intellectuelle les fascine \u00e0 l&#8217;\u00e9vidence. Certes, ils sont de gauche. Ils animent un groupe de recherche intitul\u00e9 \u00ab Question Marx \u00bb, c&#8217;est dire. Au singulier, c&#8217;est dire. Mais, \u00e9crivent-ils,<em> \u00ab il faut d\u00e9sormais, \u00e0 gauche, cesser de penser que nous savons \u00e0 quoi nous avons affaire quand nous parlons de \u00ablib\u00e9ralisme\u00bb ou de \u00abn\u00e9olib\u00e9ralisme\u00bb. Le pr\u00eat-\u00e0-penser \u00abantilib\u00e9ral\u00bb, par ses raccourcis et ses approximations, nous a fait perdre trop de temps. La th\u00e8se que d\u00e9fend cet ouvrage est pr\u00e9cis\u00e9ment que le n\u00e9olib\u00e9ralisme, avant d&#8217;\u00eatre une id\u00e9ologie ou une politique \u00e9conomique, est d&#8217;abord et fondamentalement une rationalit\u00e9, et qu&#8217;\u00e0 ce titre il tend \u00e0 structurer et organiser, non seulement l&#8217;action des gouvernants, mais jusqu&#8217;\u00e0 la conduite des gouvern\u00e9s eux-m\u00eames \u00bb <\/em>. A quoi, en les pastichant, on a imm\u00e9diatement envie de r\u00e9pliquer qu&#8217;il faudrait cesser de penser que nous savons \u00e0 quoi nous avons affaire quand nous parlons de gauche&#8230;<\/p>\n<p>Comme on le voit au ton pol\u00e9mique, ce livre est donc con\u00e7u comme une machine de guerre visant, pour commencer, \u00e0 renvoyer dans les cordes les na\u00effs antilib\u00e9raux qui, au vu de l&#8217;actualit\u00e9 r\u00e9cente, s&#8217;imagineraient que le n\u00e9olib\u00e9ralisme est \u00e0 genoux, en train de faire pipi dans sa culotte, au bord de sa tombe. C&#8217;est bien mal le conna\u00eetre, ricanent dans leur coin Dardot &#038; Laval. Plus subtilement, c&#8217;est aussi un essai qui tend \u00e0 accr\u00e9diter la th\u00e8se qu&#8217;un n\u00e9olib\u00e9ralisme de gauche serait tout \u00e0 fait possible, sinon souhaitable (et on comprend comment un PS en mal de philosophie, pourrait rapidement faire cette Nouvelle raison du monde la nouvelle raison de son Parti en miettes). Ce qui conforte nos auteurs dans la p\u00e9rennit\u00e9 du n\u00e9olib\u00e9ralisme, ce n&#8217;est pas qu&#8217;il s&#8217;agit, comme chez La Fontaine, de la raison du plus fort, mais plut\u00f4t de la plus forte des raisons, de la plus rationnelle dans la p\u00e9riode historique irrationnelle que nous traversons ; et que cette raison, qui par ailleurs ne se d\u00e9couvre pas d&#8217;adversaire lui indiquant le chemin du postcapitalisme (\u00e0 la derni\u00e8re page seulement est cit\u00e9 le nom du<em> \u00ab regrett\u00e9 Andr\u00e9 Gorz \u00bb <\/em>) a d\u00e9j\u00e0 effectu\u00e9 son \u0153uvre transformatrice : non seulement sur les institutions en \u00e9rodant la d\u00e9mocratie, en<em> \u00ab d\u00e9-d\u00e9mocratisant \u00bb <\/em>, mais aussi sur l&#8217;individu reconfigur\u00e9 en<em> \u00ab entreprise de soi \u00bb <\/em>. Comme si, au mod\u00e8le de la termiti\u00e8re, si cher \u00e0 Hitler, le lib\u00e9ralisme opposait celui de la ruche, c&#8217;est-\u00e0-dire de l&#8217;entreprise. Le pire \u00e9tant que sans \u00eatre candides et consid\u00e9rant tout de m\u00eame que tout ne va pas pour le mieux dans le meilleur des mondes, Dardot &#038; Laval ne semblent pas s&#8217;en inqui\u00e9ter outre mesure, redoutant au contraire<em> \u00ab la restauration traditionnelle des formes d&#8217;autorit\u00e9 \u00bb <\/em>. Ils imaginent m\u00eame un futur pseudo-radieux o\u00f9<em> \u00ab la fusion de la biologie du cerveau et de la micro\u00e9conomie offre sans doute des perspectives int\u00e9ressantes de contr\u00f4le des comportements \u00bb <\/em> ! On dirait du Houellebecq&#8230;<\/p>\n<p>Il faut donc pi\u00e9tiner et attendre le dernier paragraphe de cette somme militante, pour que le na\u00eff antilib\u00e9ral que nous sommes voit un peu la lumi\u00e8re. Dardot &#038; Laval :<em> \u00ab Le gouvernement des hommes peut s&#8217;ordonner \u00e0 d&#8217;autres horizons que ceux de la maximisation de la performance, de la production illimit\u00e9e, du contr\u00f4le g\u00e9n\u00e9ralis\u00e9. Il peut se soutenir d&#8217;un gouvernement de soi qui ouvre sur d&#8217;autres rapports avec les autres que ceux de la concurrence entre \u00abacteurs auto-entreprenants\u00bb. Les pratiques de \u00abcommunisation\u00bb du savoir, d&#8217;assistance mutuelle, de travail coop\u00e9ratif peuvent dessiner les traits d&#8217;une autre raison du monde. Cette raison alternative, on ne saurait mieux la d\u00e9signer que par ce nom : la raison du commun. \u00bb <\/em><\/p>\n<p>Mais gageons qu&#8217;avec un nom aussi nul, cette raison-l\u00e0 ne s&#8217;imposera jamais. <\/p>\n<p><strong> Pierre Dardot\/Christian Laval <\/strong>,<em> La nouvelle raison du monde, essai sur la soci\u00e9t\u00e9 n\u00e9olib\u00e9rale <\/em>, <\/p>\n<p>ed. La D\u00e9couverte, 26 e<\/p>\n","protected":false},"excerpt":{"rendered":"<p>\u00abRaison \u00bb est le nouveau mot \u00e0 la mode. Qui pourrait en vouloir \u00e0 la raison, qui oserait seulement, ouvertement ? Ma foi, ce serait proprement d\u00e9raisonnable. On ne s&#8217;\u00e9tonne donc pas de trouver ce terme, non seulement dans le titre de l&#8217;essai que consacrent \u00e0 la soci\u00e9t\u00e9 n\u00e9olib\u00e9rale Pierre Dardot et Christian Laval, mais [&hellip;]<\/p>\n","protected":false},"author":1,"featured_media":0,"comment_status":"open","ping_status":"open","sticky":false,"template":"","format":"standard","meta":{"_themeisle_gutenberg_block_has_review":false,"footnotes":""},"categories":[13],"tags":[],"class_list":["post-4101","post","type-post","status-publish","format-standard","hentry","category-arnaud-viviant"],"_links":{"self":[{"href":"https:\/\/archives.regards.fr\/index.php?rest_route=\/wp\/v2\/posts\/4101","targetHints":{"allow":["GET"]}}],"collection":[{"href":"https:\/\/archives.regards.fr\/index.php?rest_route=\/wp\/v2\/posts"}],"about":[{"href":"https:\/\/archives.regards.fr\/index.php?rest_route=\/wp\/v2\/types\/post"}],"author":[{"embeddable":true,"href":"https:\/\/archives.regards.fr\/index.php?rest_route=\/wp\/v2\/users\/1"}],"replies":[{"embeddable":true,"href":"https:\/\/archives.regards.fr\/index.php?rest_route=%2Fwp%2Fv2%2Fcomments&post=4101"}],"version-history":[{"count":0,"href":"https:\/\/archives.regards.fr\/index.php?rest_route=\/wp\/v2\/posts\/4101\/revisions"}],"wp:attachment":[{"href":"https:\/\/archives.regards.fr\/index.php?rest_route=%2Fwp%2Fv2%2Fmedia&parent=4101"}],"wp:term":[{"taxonomy":"category","embeddable":true,"href":"https:\/\/archives.regards.fr\/index.php?rest_route=%2Fwp%2Fv2%2Fcategories&post=4101"},{"taxonomy":"post_tag","embeddable":true,"href":"https:\/\/archives.regards.fr\/index.php?rest_route=%2Fwp%2Fv2%2Ftags&post=4101"}],"curies":[{"name":"wp","href":"https:\/\/api.w.org\/{rel}","templated":true}]}}