{"id":4098,"date":"2009-05-19T00:00:00","date_gmt":"2009-05-18T22:00:00","guid":{"rendered":"https:\/\/wp.muchomaas.com\/le-planning-familial-autorise-a4098\/"},"modified":"2009-05-19T00:00:00","modified_gmt":"2009-05-18T22:00:00","slug":"le-planning-familial-autorise-a4098","status":"publish","type":"post","link":"https:\/\/archives.regards.fr\/?p=4098","title":{"rendered":"Le Planning Familial autoris\u00e9 \u00e0 faire des IVG m\u00e9dicamenteuses: une avanc\u00e9e \u00e0 confirmer pour les droits des femmes"},"content":{"rendered":"<p class=\"post_excerpt\"> Le Planning familial <\/p>\n<p>Attendu depuis presque 18 mois, le d\u00e9cret autorisant les centres de planification et centres de sant\u00e9 \u00e0 r\u00e9aliser des avortements par voie m\u00e9dicamenteuse est enfin publi\u00e9. Jusqu&#8217;alors cette m\u00e9thode d&#8217;interruption de grossesse n&#8217;\u00e9tait possible, hors h\u00f4pital, qu&#8217;aupr\u00e8s des m\u00e9decins de ville conventionn\u00e9s avec un \u00e9tablissement de sant\u00e9.  Avec ce d\u00e9cret, les centres de planification du Planning Familial pourront d\u00e9sormais pratiquer cette technique abortive jusqu&#8217;\u00e0 cinq semaines de grossesse (7 semaines d&#8217;am\u00e9norrh\u00e9e). Cette mesure favorisera l&#8217;acc\u00e8s par la proximit\u00e9 et am\u00e9liorera l&#8217;accompagnement sp\u00e9cifique n\u00e9cessaire \u00e0 une pratique de l&#8217;IVG de qualit\u00e9.  Pour autant, Le Planning Familial sera attentif et veillera \u00e0 ce que : <\/p>\n<p>&#8211; l&#8217;\u00e9largissement de la pratique de l&#8217;interruption volontaire de grossesse par voie m\u00e9dicamenteuse ne se fasse pas au d\u00e9triment de la m\u00e9thode d&#8217;IVG instrumentale par aspiration pratiqu\u00e9e uniquement en \u00e9tablissements hospitaliers pour r\u00e9pondre \u00e0 une logique \u00e9conomique. Les femmes doivent pouvoir continuer \u00e0 avoir le choix de la m\u00e9thode qui leur convient. <\/p>\n<p>&#8211; l&#8217;ensemble de ses associations puissent, en leur qualit\u00e9 de CPEF (centre de planification ou d&#8217;\u00e9ducation familiale), structures financ\u00e9es par les Conseil g\u00e9n\u00e9raux, passer cette convention. En effet, le d\u00e9cret n&#8217;oblige pas les pr\u00e9sidents de conseils g\u00e9n\u00e9raux \u00e0 organiser l&#8217;IVG par voie m\u00e9dicamenteuse. L&#8217;article 1er du d\u00e9cret pr\u00e9cise, en effet, que \u00ab Pour organiser la pratique de l&#8217;interruption volontaire de grossesse par voie m\u00e9dicamenteuse, le pr\u00e9sident du conseil g\u00e9n\u00e9ral peut passer convention avec un centre de planification ou d&#8217;\u00e9ducation familiale, un centre de sant\u00e9 (&#8230;) \u00bb  <\/p>\n<p>Saluant cette avanc\u00e9e trop longtemps attendue, Le Planning Familial continuera de d\u00e9fendre le droit des femmes \u00e0 disposer de leur corps, parce que c&#8217;est leur droit, leur choix et notre libert\u00e9 \u00e0 toutes et tous.<\/p>\n","protected":false},"excerpt":{"rendered":"<p> Le Planning familial <\/p>\n","protected":false},"author":1,"featured_media":0,"comment_status":"open","ping_status":"open","sticky":false,"template":"","format":"standard","meta":{"_themeisle_gutenberg_block_has_review":false,"footnotes":""},"categories":[141],"tags":[306],"class_list":["post-4098","post","type-post","status-publish","format-standard","hentry","category-archives-web","tag-feminisme"],"_links":{"self":[{"href":"https:\/\/archives.regards.fr\/index.php?rest_route=\/wp\/v2\/posts\/4098","targetHints":{"allow":["GET"]}}],"collection":[{"href":"https:\/\/archives.regards.fr\/index.php?rest_route=\/wp\/v2\/posts"}],"about":[{"href":"https:\/\/archives.regards.fr\/index.php?rest_route=\/wp\/v2\/types\/post"}],"author":[{"embeddable":true,"href":"https:\/\/archives.regards.fr\/index.php?rest_route=\/wp\/v2\/users\/1"}],"replies":[{"embeddable":true,"href":"https:\/\/archives.regards.fr\/index.php?rest_route=%2Fwp%2Fv2%2Fcomments&post=4098"}],"version-history":[{"count":0,"href":"https:\/\/archives.regards.fr\/index.php?rest_route=\/wp\/v2\/posts\/4098\/revisions"}],"wp:attachment":[{"href":"https:\/\/archives.regards.fr\/index.php?rest_route=%2Fwp%2Fv2%2Fmedia&parent=4098"}],"wp:term":[{"taxonomy":"category","embeddable":true,"href":"https:\/\/archives.regards.fr\/index.php?rest_route=%2Fwp%2Fv2%2Fcategories&post=4098"},{"taxonomy":"post_tag","embeddable":true,"href":"https:\/\/archives.regards.fr\/index.php?rest_route=%2Fwp%2Fv2%2Ftags&post=4098"}],"curies":[{"name":"wp","href":"https:\/\/api.w.org\/{rel}","templated":true}]}}