{"id":4085,"date":"2009-04-27T00:00:00","date_gmt":"2009-04-26T22:00:00","guid":{"rendered":"https:\/\/wp.muchomaas.com\/riposte-graduee-du-collectif4085\/"},"modified":"2009-04-27T00:00:00","modified_gmt":"2009-04-26T22:00:00","slug":"riposte-graduee-du-collectif4085","status":"publish","type":"post","link":"https:\/\/archives.regards.fr\/?p=4085","title":{"rendered":"Riposte gradu\u00e9e du collectif Manifestation contre Hadopi: premier message \u00e0 la Ministre"},"content":{"rendered":"<p>Le collectif Manifestation contre Hadopi ne s&#8217;arr\u00eatera pas \u00e0 une premi\u00e8re sortie symbolique dans les rues de Paris et de plusieurs villes de Province samedi 25 avril, puisqu&#8217;une seconde action est d&#8217;ores et d\u00e9j\u00e0 pr\u00e9vue pour le 28 \u00e0 Lyon. Ainsi commence la &#8220;riposte gradu\u00e9e&#8221; des internautes au projet de loi &#8220;Cr\u00e9ation et Internet&#8221; qui remet en cause la libert\u00e9 et le respect de la vie priv\u00e9e.<\/p>\n<p>On peut consid\u00e9rer la manifestation du 25 avril comme un succ\u00e8s, en effet les quelques 700 opposants rassembl\u00e9s sur la place Edouard Herriot ce samedi ont profit\u00e9 du calme bon enfant qui r\u00e9gnait, sous l&#8217;oeil des forces de l&#8217;ordre pacifiques, pour exprimer leur m\u00e9contentement envers le projet de loi &#8220;Cr\u00e9ation et Internet&#8221;, mais aussi se rencontrer et \u00e9changer quant \u00e0 l&#8217;avenir des libert\u00e9s sur le Web. La mobilisation s&#8217;est d\u00e9roul\u00e9e sans la moindre anicroche, tel qu&#8217;il \u00e9tait voulu par les organisateurs dont le but \u00e9tait de signaler les incoh\u00e9rences de cette loi comme l&#8217;existence d&#8217;une r\u00e9action responsable et d\u00e9mocratique de la part des usagers du net, dans la rue.<\/p>\n<p>Le collectif remercie les d\u00e9put\u00e9s Martine Billard, Jean-Pierre Brard, Patrick Bloche et Nicolas Dupont-Aignan venus s&#8217;exprimer sur les lieux pour afficher leur soutient aux manifestants; ainsi que les journalistes qui se sont d\u00e9plac\u00e9s pour couvrir la mobilisation.<\/p>\n<p>Le collectif esp\u00e8re que cette manifestation fera s&#8217;interroger le grand public et les m\u00e9dias sur les vrais dangers de cette loi qui court-circuite la justice pour condamner un citoyen pour d\u00e9faut de s\u00e9curisation de sa connexion Internet. En effet, derri\u00e8re le masque de la cr\u00e9ation et de la culture se cache une loi anticonstitutionnelle qui se base sur la pr\u00e9somption de culpabilit\u00e9 pour imposer \u00e0 chaque internaute l&#8217;installation, \u00e0 ses frais, d&#8217;un programme de surveillance valid\u00e9 par Hadopi afin de prouver son innocence.<\/p>\n<p>C&#8217;est pourquoi, bien que l&#8217;autorisation \u00e0 manifester le samedi 25 \u00e0 Lyon ait \u00e9t\u00e9 refus\u00e9e pour d&#8217;obscures raisons, une nouvelle d\u00e9position est faite pour le 28 avril \u00e0 19h sur la Place de la R\u00e9publique. Les inscrits seront rejoints par les organisateurs et membres de l&#8217;association &#8220;Tous unis contre Hadopi&#8221;, toute personne souhaitant s&#8217;investir est invit\u00e9e \u00e0 venir s&#8217;organiser sur le site http:\/\/www.manifestation-contre-hadopi.com. Cette action qui aura lieu la veille du passage en deuxi\u00e8me lecture de la loi Hadopi devant l&#8217;Assembl\u00e9e Nationale, est synonyme de la mobilisation p\u00e9renne qui anime ses opposants. Le collectif Manifestation contre Hadopi combattra pour d\u00e9fendre les droits des internautes jusqu&#8217;\u00e0 l&#8217;abandon de cette loi, aussi il appelle \u00e0 la plus forte participation pour la manifestation lyonnaise: l&#8217;avenir de l&#8217;Internet libre est en jeu!<\/p>\n<p>Email envoy\u00e9 par le collectif &#8220;Manifestation Contre Hadopi&#8221;, http:\/\/www.manifestation-contre-hadopi.com, comprenant l&#8217;association loi 1901 &#8220;Tous ensemble contre HADOPI&#8221;.<\/p>\n<p>Pour ne plus \u00eatre contact\u00e9 par email, merci de nous r\u00e9pondre \u00e0 l&#8217;adresse e-mail cnil_hadopi@manifestation-contre-hadopi.com en demandant \u00e0 \u00eatre radi\u00e9 de notre fichier.<\/p>\n","protected":false},"excerpt":{"rendered":"<p>Le collectif Manifestation contre Hadopi ne s&#8217;arr\u00eatera pas \u00e0 une premi\u00e8re sortie symbolique dans les rues de Paris et de plusieurs villes de Province samedi 25 avril, puisqu&#8217;une seconde action est d&#8217;ores et d\u00e9j\u00e0 pr\u00e9vue pour le 28 \u00e0 Lyon. Ainsi commence la &#8220;riposte gradu\u00e9e&#8221; des internautes au projet de loi &#8220;Cr\u00e9ation et Internet&#8221; qui [&hellip;]<\/p>\n","protected":false},"author":1,"featured_media":0,"comment_status":"open","ping_status":"open","sticky":false,"template":"","format":"standard","meta":{"_themeisle_gutenberg_block_has_review":false,"footnotes":""},"categories":[141],"tags":[287],"class_list":["post-4085","post","type-post","status-publish","format-standard","hentry","category-archives-web","tag-medias"],"_links":{"self":[{"href":"https:\/\/archives.regards.fr\/index.php?rest_route=\/wp\/v2\/posts\/4085","targetHints":{"allow":["GET"]}}],"collection":[{"href":"https:\/\/archives.regards.fr\/index.php?rest_route=\/wp\/v2\/posts"}],"about":[{"href":"https:\/\/archives.regards.fr\/index.php?rest_route=\/wp\/v2\/types\/post"}],"author":[{"embeddable":true,"href":"https:\/\/archives.regards.fr\/index.php?rest_route=\/wp\/v2\/users\/1"}],"replies":[{"embeddable":true,"href":"https:\/\/archives.regards.fr\/index.php?rest_route=%2Fwp%2Fv2%2Fcomments&post=4085"}],"version-history":[{"count":0,"href":"https:\/\/archives.regards.fr\/index.php?rest_route=\/wp\/v2\/posts\/4085\/revisions"}],"wp:attachment":[{"href":"https:\/\/archives.regards.fr\/index.php?rest_route=%2Fwp%2Fv2%2Fmedia&parent=4085"}],"wp:term":[{"taxonomy":"category","embeddable":true,"href":"https:\/\/archives.regards.fr\/index.php?rest_route=%2Fwp%2Fv2%2Fcategories&post=4085"},{"taxonomy":"post_tag","embeddable":true,"href":"https:\/\/archives.regards.fr\/index.php?rest_route=%2Fwp%2Fv2%2Ftags&post=4085"}],"curies":[{"name":"wp","href":"https:\/\/api.w.org\/{rel}","templated":true}]}}