{"id":4084,"date":"2009-04-23T00:00:00","date_gmt":"2009-04-22T22:00:00","guid":{"rendered":"https:\/\/wp.muchomaas.com\/les-internautes-prets-a-manifester4084\/"},"modified":"2009-04-23T00:00:00","modified_gmt":"2009-04-22T22:00:00","slug":"les-internautes-prets-a-manifester4084","status":"publish","type":"post","link":"https:\/\/archives.regards.fr\/?p=4084","title":{"rendered":"Les internautes pr\u00eats \u00e0 manifester contre HADOPI"},"content":{"rendered":"<p>Mobilisation g\u00e9n\u00e9rale contre HADOPI !<\/p>\n<p>Suite \u00e0 l&#8217;adoption du 21 avril par le Parlement Europ\u00e9en d&#8217;un amendement qui s&#8217;oppose directement au projet de loi Hadopi et qui pr\u00e9voit qu&#8217;\u00ab aucune restriction ne peut \u00eatre impos\u00e9e aux droits et libert\u00e9s fondamentaux des utilisateurs finaux sans d\u00e9cision pr\u00e9alable des autorit\u00e9s judiciaires \u00bb, le cabinet de la ministre Christine Albanel a affirm\u00e9 que l&#8217;amendement europ\u00e9en \u00ab n&#8217;emp\u00eachera pas la France d&#8217;adopter son projet de loi \u00bb.<\/p>\n<p>Ce projet de loi qui pr\u00e9voit une surveillance globale d&#8217;Internet d\u00e9passe le simple cadre de la culture et ne rel\u00e8ve pas de la comp\u00e9tence de son Minist\u00e8re. Dans une d\u00e9mocratie, on ne peut mettre tout un pays sur \u00e9coute aux profits de quelques soci\u00e9t\u00e9s priv\u00e9es.<\/p>\n<p>C&#8217;est pourquoi, le collectif &#8220;Manifestation contre HADOPI&#8221; qui compte \u00e0 pr\u00e9sent 28 membres et associations de soutiens ainsi que 2018 inscriptions fermes, appel plus que jamais \u00e0 une mobilisation g\u00e9n\u00e9rale pour d\u00e9fendre nos droits et libert\u00e9s fondamentaux.<\/p>\n<p>La manifestation principale se tiendra \u00e0 Paris place Edouard Herriot, \u00e0 quelques pas de l&#8217;Assembl\u00e9e Nationale, le samedi 25 Avril 2009 \u00e0 13h00.<\/p>\n<p>Pour les manifestants de province, rendez-vous est pris dans les villes suivantes :<\/p>\n<p>    * Lyon : place de la R\u00e9publique \u00e0 11h00<\/p>\n<p>    * Toulouse : place Wilson \u00e0 11h00<\/p>\n<p>    * Montpellier : place de la Com\u00e9die \u00e0 11h00<\/p>\n<p>    * Bordeaux : place de la Victoire \u00e0 11h00<\/p>\n<p>    * Lille : place du G\u00e9n\u00e9ral de Gaulle \u00e0 11h00<\/p>\n<p>    * Nantes : place du Commerce \u00e0 11h00<\/p>\n<p>    * Strasbourg : place Kl\u00e9ber  \u00e0 11h00<\/p>\n<p>    * Besan\u00e7on : place du 8 septembre \u00e0 15h00<\/p>\n<p>D&#8217;autres lieux de rassemblement \u00e0 Marseille, Nice, Reims et Rennes sont en cours de validation.<\/p>\n<p>L&#8217;ensemble des pr\u00e9paratifs peut \u00eatre suivi en temps r\u00e9el sur notre site collaboratif et ouvert : http:\/\/www.manifestation-contre-hadopi.com<\/p>\n","protected":false},"excerpt":{"rendered":"<p>Mobilisation g\u00e9n\u00e9rale contre HADOPI ! Suite \u00e0 l&#8217;adoption du 21 avril par le Parlement Europ\u00e9en d&#8217;un amendement qui s&#8217;oppose directement au projet de loi Hadopi et qui pr\u00e9voit qu&#8217;\u00ab aucune restriction ne peut \u00eatre impos\u00e9e aux droits et libert\u00e9s fondamentaux des utilisateurs finaux sans d\u00e9cision pr\u00e9alable des autorit\u00e9s judiciaires \u00bb, le cabinet de la ministre [&hellip;]<\/p>\n","protected":false},"author":1,"featured_media":0,"comment_status":"open","ping_status":"open","sticky":false,"template":"","format":"standard","meta":{"_themeisle_gutenberg_block_has_review":false,"footnotes":""},"categories":[141],"tags":[287],"class_list":["post-4084","post","type-post","status-publish","format-standard","hentry","category-archives-web","tag-medias"],"_links":{"self":[{"href":"https:\/\/archives.regards.fr\/index.php?rest_route=\/wp\/v2\/posts\/4084","targetHints":{"allow":["GET"]}}],"collection":[{"href":"https:\/\/archives.regards.fr\/index.php?rest_route=\/wp\/v2\/posts"}],"about":[{"href":"https:\/\/archives.regards.fr\/index.php?rest_route=\/wp\/v2\/types\/post"}],"author":[{"embeddable":true,"href":"https:\/\/archives.regards.fr\/index.php?rest_route=\/wp\/v2\/users\/1"}],"replies":[{"embeddable":true,"href":"https:\/\/archives.regards.fr\/index.php?rest_route=%2Fwp%2Fv2%2Fcomments&post=4084"}],"version-history":[{"count":0,"href":"https:\/\/archives.regards.fr\/index.php?rest_route=\/wp\/v2\/posts\/4084\/revisions"}],"wp:attachment":[{"href":"https:\/\/archives.regards.fr\/index.php?rest_route=%2Fwp%2Fv2%2Fmedia&parent=4084"}],"wp:term":[{"taxonomy":"category","embeddable":true,"href":"https:\/\/archives.regards.fr\/index.php?rest_route=%2Fwp%2Fv2%2Fcategories&post=4084"},{"taxonomy":"post_tag","embeddable":true,"href":"https:\/\/archives.regards.fr\/index.php?rest_route=%2Fwp%2Fv2%2Ftags&post=4084"}],"curies":[{"name":"wp","href":"https:\/\/api.w.org\/{rel}","templated":true}]}}