{"id":4079,"date":"2009-05-11T00:00:00","date_gmt":"2009-05-10T22:00:00","guid":{"rendered":"https:\/\/wp.muchomaas.com\/elections-europeennes-mobilisons4079\/"},"modified":"2009-05-11T00:00:00","modified_gmt":"2009-05-10T22:00:00","slug":"elections-europeennes-mobilisons4079","status":"publish","type":"post","link":"https:\/\/archives.regards.fr\/?p=4079","title":{"rendered":"Elections europ\u00e9ennes : mobilisons-nous pour que les futurs d\u00e9put\u00e9s s&#8217;engagent !"},"content":{"rendered":"<p>Campagne nationale &#8220;Agissons pour une Europe sans nucl\u00e9aire&#8221;<\/p>\n<p>Le R\u00e9seau &#8220;Sortir du nucl\u00e9aire&#8221; lance une campagne nationale pour interpeller les t\u00eates de listes aux \u00e9lections europ\u00e9ennes afin qu&#8217;elles prennent position et s&#8217;engagent sur des questions li\u00e9es au climat, \u00e0 l &#8216;\u00e9nergie et au nucl\u00e9aire.<\/p>\n<p>En effet, actuellement le Conseil de l&#8217;Union europ\u00e9enne, qui r\u00e9unit les chefs de gouvernement et les ministres de tous les \u00c9tats de l&#8217;Union europ\u00e9enne, rechigne \u00e0 prendre les mesures qui permettraient de lutter efficacement contre le d\u00e9r\u00e8glement climatique&#8230; et certains de ses membres aimeraient faire \u00e9tiqueter le nucl\u00e9aire comme &#8220;\u00e9nergie propre&#8221; ! La Commission europ\u00e9enne, qui \u00e9labore les directives, apporte un soutien actif et \u00e0 peine voil\u00e9 \u00e0 la relance du nucl\u00e9aire en Europe. Seul le Parlement europ\u00e9en, d\u00e9mocratiquement \u00e9lu, peut donc \u00eatre un frein aux offensives pro-nucl\u00e9aire.<\/p>\n<p>Le R\u00e9seau &#8220;Sortir du nucl\u00e9aire&#8221; appelle les citoyens \u00e0 faire conna\u00eetre aux canditat-e-s avant les \u00e9lections du 7 juin prochain, par carte postale ou par courriel (cf http:\/\/europe-sans-nucleaire.org ), les positions que nous souhaitons voir port\u00e9es devant le Parlement europ\u00e9en :<\/p>\n<ul>\n<li> L&#8217;opposition \u00e0 toute tentative de classer le nucl\u00e9aire parmi les &#8220;\u00e9nergies propres&#8221; ou les \u00e9nergies renouvelables.<\/li>\n<\/ul>\n<ul>\n<li> Une v\u00e9ritable politique de lutte contre le d\u00e9r\u00e8glement climatique bas\u00e9e sur la ma\u00eetrise de la consommation d&#8217;\u00e9nergie, l&#8217;efficacit\u00e9 \u00e9nerg\u00e9tique et un d\u00e9veloppement accru des \u00e9nergies renouvelables, pour atteindre, voire d\u00e9passer, les objectifs actuellement pr\u00e9vus pour 2020. <\/li>\n<\/ul>\n<ul>\n<li> L&#8217;opposition \u00e0 tout nouveau financement des recherches ruineuses et au r\u00e9sultat hypoth\u00e9tique sur la fusion nucl\u00e9aire et l&#8217;enfouissement des d\u00e9chets radioactifs, et l&#8217;appuyiez a un investissement massif en faveur des \u00e9conomies d&#8217;\u00e9nergies et des \u00e9nergies renouvelables.<\/li>\n<\/ul>\n<ul>\n<li> L&#8217;opposition \u00e0 tout nivellement par le bas des normes relatives \u00e0 la s\u00fbret\u00e9 nucl\u00e9aire en Europe.<\/li>\n<\/ul>\n<ul>\n<li> L&#8217;engagement \u00e0 solliciter et \u00e0 prendre en compte les avis des ONGs avant toute d\u00e9cision relative \u00e0 ces questions.<\/li>\n<\/ul>\n<p>Une \u00e9valuation des r\u00e9ponses des candidat-e-s sera rendue publique lors d&#8217;une conf\u00e9rence de presse nationale, le lundi 25 mai 2009 de 9h30 \u00e0 midi \u00e0 Paris (mairie du 2\u00e8me arrondissement), afin rendre compte de leurs connaissances et leurs positions sur le nucl\u00e9aire.<\/p>\n<p>Toutes les informations sur le site http:\/\/europe-sans-nucleaire.org<\/p>\n<p>Le r\u00e9seau Sortir du nucl\u00e9aire : F\u00e9d\u00e9ration de 840 associations &#8211; http:\/\/www.sortirdunucleaire.org<\/p>\n","protected":false},"excerpt":{"rendered":"<p>Campagne nationale &#8220;Agissons pour une Europe sans nucl\u00e9aire&#8221; Le R\u00e9seau &#8220;Sortir du nucl\u00e9aire&#8221; lance une campagne nationale pour interpeller les t\u00eates de listes aux \u00e9lections europ\u00e9ennes afin qu&#8217;elles prennent position et s&#8217;engagent sur des questions li\u00e9es au climat, \u00e0 l &#8216;\u00e9nergie et au nucl\u00e9aire. En effet, actuellement le Conseil de l&#8217;Union europ\u00e9enne, qui r\u00e9unit les [&hellip;]<\/p>\n","protected":false},"author":1,"featured_media":0,"comment_status":"open","ping_status":"open","sticky":false,"template":"","format":"standard","meta":{"_themeisle_gutenberg_block_has_review":false,"footnotes":""},"categories":[141],"tags":[290],"class_list":["post-4079","post","type-post","status-publish","format-standard","hentry","category-archives-web","tag-elections"],"_links":{"self":[{"href":"https:\/\/archives.regards.fr\/index.php?rest_route=\/wp\/v2\/posts\/4079","targetHints":{"allow":["GET"]}}],"collection":[{"href":"https:\/\/archives.regards.fr\/index.php?rest_route=\/wp\/v2\/posts"}],"about":[{"href":"https:\/\/archives.regards.fr\/index.php?rest_route=\/wp\/v2\/types\/post"}],"author":[{"embeddable":true,"href":"https:\/\/archives.regards.fr\/index.php?rest_route=\/wp\/v2\/users\/1"}],"replies":[{"embeddable":true,"href":"https:\/\/archives.regards.fr\/index.php?rest_route=%2Fwp%2Fv2%2Fcomments&post=4079"}],"version-history":[{"count":0,"href":"https:\/\/archives.regards.fr\/index.php?rest_route=\/wp\/v2\/posts\/4079\/revisions"}],"wp:attachment":[{"href":"https:\/\/archives.regards.fr\/index.php?rest_route=%2Fwp%2Fv2%2Fmedia&parent=4079"}],"wp:term":[{"taxonomy":"category","embeddable":true,"href":"https:\/\/archives.regards.fr\/index.php?rest_route=%2Fwp%2Fv2%2Fcategories&post=4079"},{"taxonomy":"post_tag","embeddable":true,"href":"https:\/\/archives.regards.fr\/index.php?rest_route=%2Fwp%2Fv2%2Ftags&post=4079"}],"curies":[{"name":"wp","href":"https:\/\/api.w.org\/{rel}","templated":true}]}}