{"id":4075,"date":"2009-04-22T00:00:00","date_gmt":"2009-04-21T22:00:00","guid":{"rendered":"https:\/\/wp.muchomaas.com\/des-camps-de-semi-internement-dans4075\/"},"modified":"2009-04-22T00:00:00","modified_gmt":"2009-04-21T22:00:00","slug":"des-camps-de-semi-internement-dans4075","status":"publish","type":"post","link":"https:\/\/archives.regards.fr\/?p=4075","title":{"rendered":"Des camps de semi-internement dans la France de 2009"},"content":{"rendered":"<p>Des camps de semi-internement dans la France de 2009<\/p>\n<p>Depuis 2006, dans le d\u00e9partement de Seine-Saint-Denis existe un concept qui a \u00e9t\u00e9 nomm\u00e9 depuis peu \u00ab village d&#8217;insertion pour les Roms \u00bb. Derri\u00e8re ce vocabulaire b\u00e9at, se cachent en effet des camps de semi-internement. Au nom du principe de la libert\u00e9 et de la dignit\u00e9 humaine, l&#8217;association \u00ab La voix des Rroms \u00bb d\u00e9nonce ce genre d&#8217;initiative et appelle toutes les autres associations, et notamment celles qui interviennent aupr\u00e8s des Rroms, \u00e0 en faire de m\u00eame. Pour informer le public sur ce sujet, l&#8217;association a cr\u00e9\u00e9 un blog http:\/\/villagedinsertion.blogspot.com o\u00f9 figure entre autres un bref rapport envoy\u00e9 aux institutions europ\u00e9ennes des Droits de l&#8217;Homme sur ces d\u00e9rives.<\/p>\n<p>En automne 2006, une Maitrise d&#8217;\u0153uvre urbaine et Sociale (MOUS) est mise en place dans la ville d&#8217;Aubervilliers au b\u00e9n\u00e9fice de quelques familles rroms originaires de Roumanie. Il s&#8217;agit de l&#8217;installation de bungalows dans lesquels sont plac\u00e9es ces familles, suivies socialement par des associations agr\u00e9\u00e9es par la pr\u00e9fecture de Seine-Saint-Denis. Le m\u00eame type de projet est mis en place un an plus tard \u00e0 Saint-Denis, et en 2008 un autre \u00e0 Saint-Ouen. A chaque fois, le m\u00eame mode op\u00e9ratoire : une enqu\u00eate sociale men\u00e9e par Pact Arim, une s\u00e9lection selon des crit\u00e8res annonc\u00e9es par la sous-pr\u00e9fecture de Saint-Denis et pas vraiment respect\u00e9s, et surtout environ 90% des personnes interview\u00e9es qui re\u00e7oivent des obligations de quitter le territoire fran\u00e7ais. Les 10% s\u00e9lectionn\u00e9s sont plac\u00e9s sous surveillance dans des lieux ferm\u00e9s, gardienn\u00e9s 24h\/24 et interdits d&#8217;acc\u00e8s \u00e0 toute personne ext\u00e9rieure, que ce soit de leurs familles, \u00e0 des amis et m\u00eame \u00e0 des m\u00e9dias.<\/p>\n<p>Il a fallu quelques mois aux gestionnaires de ces lieux pour trouver un nom \u00e0 leur affaire. Ce fut \u00ab village d&#8217;insertion \u00bb. Or peut-on appeler \u00ab village \u00bb un lieu ferm\u00e9, o\u00f9 le grand-p\u00e8re ne peut pas accueillir son petit-fils d&#8217;un an ? Peut-on parler d&#8217;\u00ab insertion \u00bb lorsque la pr\u00e9fecture, partie prenante dans ces projets d&#8217;une dur\u00e9e pr\u00e9vue de trois ans, ne d\u00e9livre pas de titre de s\u00e9jour ni d&#8217;autorisation de travail aux personnes qu&#8217;elle pr\u00e9tend \u00ab ins\u00e9rer \u00bb ? Peut-on parler d&#8217;\u00ab insertion \u00bb lorsque ces personnes n&#8217;ont aucun contact avec l&#8217;ext\u00e9rieur ?<\/p>\n<p>\u00ab La voix des Rroms \u00bb et d&#8217;autres associations rroms de France ont alert\u00e9 le Commissaire aux Droits de l&#8217;Homme du Conseil de l&#8217;Europe, l&#8217;Agence des Droits Fondamentaux de l&#8217;Union europ\u00e9enne et la Commission europ\u00e9enne, \u00e0 qui ces associations ont adress\u00e9 une note sur le traitement des Rroms en France \u00e0 travers les \u00ab aires d&#8217;accueil pour les gens du voyage \u00bb et les \u00ab villages d&#8217;insertion pour les Rroms \u00bb. Cette note, ainsi que d&#8217;autres documents \u00e9crits et audiovisuels, sont disponibles sur le site http:\/\/www.villagedinsertion.blogspot.com<\/p>\n<p>\u00ab La voix des Rroms \u00bb lance un appel \u00e0 la soci\u00e9t\u00e9 civile, et notamment aux associations qui s&#8217;int\u00e9ressent aux Rroms migrants \u00e0 se positionner face \u00e0 ce qui semble bien \u00eatre une bombe \u00e0 retardement. En ces temps de crise, la publicit\u00e9 trompeuse sur des pr\u00e9tendus \u00ab projets d&#8217;int\u00e9gration des Rroms \u00bb risque en effet de donner naissance \u00e0 une vague raciste comme celle que nous observons depuis deux ans en Italie. L&#8217;adage \u00ab qui ne dit mot consent \u00bb prend d\u00e8s lors tout son sens.<\/p>\n<p>Contact : Saimir MILE communication@lavoixdesrroms.org<\/p>\n","protected":false},"excerpt":{"rendered":"<p>Des camps de semi-internement dans la France de 2009 Depuis 2006, dans le d\u00e9partement de Seine-Saint-Denis existe un concept qui a \u00e9t\u00e9 nomm\u00e9 depuis peu \u00ab village d&#8217;insertion pour les Roms \u00bb. Derri\u00e8re ce vocabulaire b\u00e9at, se cachent en effet des camps de semi-internement. Au nom du principe de la libert\u00e9 et de la dignit\u00e9 [&hellip;]<\/p>\n","protected":false},"author":1,"featured_media":0,"comment_status":"open","ping_status":"open","sticky":false,"template":"","format":"standard","meta":{"_themeisle_gutenberg_block_has_review":false,"footnotes":""},"categories":[141],"tags":[344],"class_list":["post-4075","post","type-post","status-publish","format-standard","hentry","category-archives-web","tag-roms"],"_links":{"self":[{"href":"https:\/\/archives.regards.fr\/index.php?rest_route=\/wp\/v2\/posts\/4075","targetHints":{"allow":["GET"]}}],"collection":[{"href":"https:\/\/archives.regards.fr\/index.php?rest_route=\/wp\/v2\/posts"}],"about":[{"href":"https:\/\/archives.regards.fr\/index.php?rest_route=\/wp\/v2\/types\/post"}],"author":[{"embeddable":true,"href":"https:\/\/archives.regards.fr\/index.php?rest_route=\/wp\/v2\/users\/1"}],"replies":[{"embeddable":true,"href":"https:\/\/archives.regards.fr\/index.php?rest_route=%2Fwp%2Fv2%2Fcomments&post=4075"}],"version-history":[{"count":0,"href":"https:\/\/archives.regards.fr\/index.php?rest_route=\/wp\/v2\/posts\/4075\/revisions"}],"wp:attachment":[{"href":"https:\/\/archives.regards.fr\/index.php?rest_route=%2Fwp%2Fv2%2Fmedia&parent=4075"}],"wp:term":[{"taxonomy":"category","embeddable":true,"href":"https:\/\/archives.regards.fr\/index.php?rest_route=%2Fwp%2Fv2%2Fcategories&post=4075"},{"taxonomy":"post_tag","embeddable":true,"href":"https:\/\/archives.regards.fr\/index.php?rest_route=%2Fwp%2Fv2%2Ftags&post=4075"}],"curies":[{"name":"wp","href":"https:\/\/api.w.org\/{rel}","templated":true}]}}