{"id":4074,"date":"2009-05-28T00:00:00","date_gmt":"2009-05-27T22:00:00","guid":{"rendered":"https:\/\/wp.muchomaas.com\/a-propos-de-la-liste-antisioniste4074\/"},"modified":"2009-05-28T00:00:00","modified_gmt":"2009-05-27T22:00:00","slug":"a-propos-de-la-liste-antisioniste4074","status":"publish","type":"post","link":"https:\/\/archives.regards.fr\/?p=4074","title":{"rendered":"A propos de la liste \u00ab antisioniste \u00bb de Dieudonn\u00e9"},"content":{"rendered":"<p class=\"post_excerpt\">  Mouvement des Indig\u00e8nes de la R\u00e9publique (MIR), le 9 mai 2009 <\/p>\n<p>&#8220;Nous n&#8217;avons pas le droit de nous allier \u00e0 des forces racistes, colonialistes et pr\u00e9tendument antisionistes!&#8221; (Houria Bouteldja) La Marche des indig\u00e8nes de la r\u00e9publique s&#8217;est d\u00e9roul\u00e9e comme pr\u00e9vu le 8 mai dernier de Barb\u00e8s \u00e0 la Place de Clichy. Organis\u00e9e avec les seules forces du MIR, cette manifestation a tout de m\u00eame r\u00e9uni pr\u00e8s de 2 000 personnes. Au terme de cette initiative, Houria Bouteldja, notre porte-parole, a prononc\u00e9 un discours o\u00f9 elle a notamment d\u00e9nonc\u00e9 vigoureusement les alliances contre-nature qui se sont tiss\u00e9es autour de la liste antisioniste pr\u00e9sent\u00e9e par l&#8217;humoriste Dieudonn\u00e9 pour les prochaines \u00e9lections europ\u00e9ennes.<\/p>\n<p>Extrait : &#8220;Nous ne pouvons pas, nous n&#8217;avons pas le droit de nous allier \u00e0 des forces racistes, colonialistes et pr\u00e9tendument antisionistes! Les ennemis de nos ennemis ne sont pas forc\u00e9ment nos amis! Le combat antisioniste, (&#8230;), anticolonialiste et antiraciste (&#8230;) est beaucoup trop pr\u00e9cieux pour le corrompre aujourd&#8217;hui avec une extr\u00eame droite fran\u00e7aise toujours fi\u00e8re d&#8217;avoir tortur\u00e9 en Alg\u00e9rie ; une extr\u00eame droite qui a organis\u00e9 des ratonnades contre les arabes et les noirs ; une extr\u00eame droite qui d\u00e9nonce l&#8217;islamisation de la France, qui exige toujours plus de r\u00e9pression contre l&#8217;immigration et dans nos quartiers, qui justifie la chasse aux sans-papiers. Une extr\u00eame droite qui, au nom du patriotisme, r\u00eave de faire de nous les nouveaux tirailleurs de l&#8217;imp\u00e9rialisme bleu\/blanc\/rouge. Nous n&#8217;avons aucun int\u00e9r\u00eat commun avec ces gens-l\u00e0!!! Une alliance, m\u00eame tactique, avec eux, est d&#8217;abord une grave erreur politique et un pi\u00e8ge que nous tendent nos adversaires : elle nous d\u00e9tourne de nos vrais combats ; elle nous engage dans des pol\u00e9miques m\u00e9diatiques qui ne sont pas les n\u00f4tres ; elle contribue \u00e0 semer la confusion, \u00e0 obscurcir les vrais enjeux de nos luttes, \u00e0 nous faire d\u00e9vier de nos v\u00e9ritables objectifs. Mais une telle alliance, c&#8217;est plus qu&#8217;une erreur, c&#8217;est une faute! oui, c&#8217;est une faute. Une faute morale, un non sens historique. Nos seuls guides sont nos martyrs, nos valeurs, notre foi et notre profond anticolonialisme. Nos seuls alli\u00e9s sont ceux qui les d\u00e9fendent.&#8221;<\/p>\n<p><strong> Pour consulter tout le discours : http:\/\/www.indigenes-republique.fr\/une.php3?id_article=551 <\/strong><\/p>\n","protected":false},"excerpt":{"rendered":"<p>  Mouvement des Indig\u00e8nes de la R\u00e9publique (MIR), le 9 mai 2009 <\/p>\n","protected":false},"author":1,"featured_media":0,"comment_status":"open","ping_status":"open","sticky":false,"template":"","format":"standard","meta":{"_themeisle_gutenberg_block_has_review":false,"footnotes":""},"categories":[141],"tags":[290],"class_list":["post-4074","post","type-post","status-publish","format-standard","hentry","category-archives-web","tag-elections"],"_links":{"self":[{"href":"https:\/\/archives.regards.fr\/index.php?rest_route=\/wp\/v2\/posts\/4074","targetHints":{"allow":["GET"]}}],"collection":[{"href":"https:\/\/archives.regards.fr\/index.php?rest_route=\/wp\/v2\/posts"}],"about":[{"href":"https:\/\/archives.regards.fr\/index.php?rest_route=\/wp\/v2\/types\/post"}],"author":[{"embeddable":true,"href":"https:\/\/archives.regards.fr\/index.php?rest_route=\/wp\/v2\/users\/1"}],"replies":[{"embeddable":true,"href":"https:\/\/archives.regards.fr\/index.php?rest_route=%2Fwp%2Fv2%2Fcomments&post=4074"}],"version-history":[{"count":0,"href":"https:\/\/archives.regards.fr\/index.php?rest_route=\/wp\/v2\/posts\/4074\/revisions"}],"wp:attachment":[{"href":"https:\/\/archives.regards.fr\/index.php?rest_route=%2Fwp%2Fv2%2Fmedia&parent=4074"}],"wp:term":[{"taxonomy":"category","embeddable":true,"href":"https:\/\/archives.regards.fr\/index.php?rest_route=%2Fwp%2Fv2%2Fcategories&post=4074"},{"taxonomy":"post_tag","embeddable":true,"href":"https:\/\/archives.regards.fr\/index.php?rest_route=%2Fwp%2Fv2%2Ftags&post=4074"}],"curies":[{"name":"wp","href":"https:\/\/api.w.org\/{rel}","templated":true}]}}